{"id":17663,"date":"2015-07-06T05:31:46","date_gmt":"2015-07-06T04:31:46","guid":{"rendered":"http:\/\/www.tetedechat.com\/blog\/?p=17663"},"modified":"2015-07-07T02:18:45","modified_gmt":"2015-07-07T01:18:45","slug":"le-marche-indigene-de-silvia","status":"publish","type":"post","link":"https:\/\/www.tetedechat.com\/blog\/index.php\/le-marche-indigene-de-silvia\/","title":{"rendered":"Le march\u00e9 indig\u00e8ne de Silvia"},"content":{"rendered":"<p>Voil\u00e0 nous sommes mardi, je me pr\u00e9cipite donc de beau matin vers la station de bus, direction Silvia.<!--more--><br \/>\nPlus d&rsquo;une heure \u00e0 monter et zigzaguer les virages de la r\u00e9gion Cauca, pour atteindre ce petit village \u00e0 plus de 2500m d&rsquo;altitude (soit 800m de plus que Popayan).<\/p>\n<p><a href=\"http:\/\/www.tetedechat.com\/blog\/photoblog\/2015\/05\/silvia_colombie_vue_ville.jpg\"><img loading=\"lazy\" decoding=\"async\" class=\"alignnone size-full wp-image-17709\" src=\"http:\/\/www.tetedechat.com\/blog\/photoblog\/2015\/05\/silvia_colombie_vue_ville.jpg\" alt=\"silvia_colombie_vue_ville\" width=\"800\" height=\"533\" srcset=\"https:\/\/www.tetedechat.com\/blog\/photoblog\/2015\/05\/silvia_colombie_vue_ville.jpg 800w, https:\/\/www.tetedechat.com\/blog\/photoblog\/2015\/05\/silvia_colombie_vue_ville-300x200.jpg 300w, https:\/\/www.tetedechat.com\/blog\/photoblog\/2015\/05\/silvia_colombie_vue_ville-250x167.jpg 250w\" sizes=\"auto, (max-width: 800px) 100vw, 800px\" \/><\/a><\/p>\n<p>Je n&rsquo;avais pas eu le temps de prendre mon petit d\u00e9jeuner, alors chocolat chaud (local et super bon !) s&rsquo;impose.<\/p>\n<figure id=\"attachment_17676\" aria-describedby=\"caption-attachment-17676\" style=\"width: 800px\" class=\"wp-caption alignnone\"><a href=\"http:\/\/www.tetedechat.com\/blog\/photoblog\/2015\/05\/silvia_colombie_chocolat.jpg\"><img loading=\"lazy\" decoding=\"async\" class=\"wp-image-17676 size-full\" src=\"http:\/\/www.tetedechat.com\/blog\/photoblog\/2015\/05\/silvia_colombie_chocolat.jpg\" alt=\"silvia_colombie_chocolat\" width=\"800\" height=\"533\" srcset=\"https:\/\/www.tetedechat.com\/blog\/photoblog\/2015\/05\/silvia_colombie_chocolat.jpg 800w, https:\/\/www.tetedechat.com\/blog\/photoblog\/2015\/05\/silvia_colombie_chocolat-300x200.jpg 300w, https:\/\/www.tetedechat.com\/blog\/photoblog\/2015\/05\/silvia_colombie_chocolat-250x167.jpg 250w\" sizes=\"auto, (max-width: 800px) 100vw, 800px\" \/><\/a><figcaption id=\"caption-attachment-17676\" class=\"wp-caption-text\">Au premier coup d\u2019\u0153il on pense que c&rsquo;est une tranche de pain, mais non, c&rsquo;est bien du fromage.<\/figcaption><\/figure>\n<p>On est tr\u00e8s bien entour\u00e9, et faire quelques marches aux alentours doit valoir la peine.<\/p>\n<p><a href=\"http:\/\/www.tetedechat.com\/blog\/photoblog\/2015\/05\/silvia_colombie_vue_paysage.jpg\"><img loading=\"lazy\" decoding=\"async\" class=\"alignnone size-full wp-image-17708\" src=\"http:\/\/www.tetedechat.com\/blog\/photoblog\/2015\/05\/silvia_colombie_vue_paysage.jpg\" alt=\"silvia_colombie_vue_paysage\" width=\"800\" height=\"533\" srcset=\"https:\/\/www.tetedechat.com\/blog\/photoblog\/2015\/05\/silvia_colombie_vue_paysage.jpg 800w, https:\/\/www.tetedechat.com\/blog\/photoblog\/2015\/05\/silvia_colombie_vue_paysage-300x200.jpg 300w, https:\/\/www.tetedechat.com\/blog\/photoblog\/2015\/05\/silvia_colombie_vue_paysage-250x167.jpg 250w\" sizes=\"auto, (max-width: 800px) 100vw, 800px\" \/><\/a><\/p>\n<p>Mais aujourd&rsquo;hui c&rsquo;est jour de march\u00e9, et c&rsquo;est bien s\u00fbr pour \u00e7a que je suis l\u00e0, des indig\u00e8nes Guambiano viennent de toute la vall\u00e9e en ce jour de vente, il y a de tout, patates, fruits, patates, l\u00e9gumes, patates, habits traditionnels, patates, objets de cuisine, patates, viandes, et surtout &#8230;des patates !<\/p>\n<p><a href=\"http:\/\/www.tetedechat.com\/blog\/photoblog\/2015\/05\/silvia_colombie_vendeuse_patate.jpg\"><img loading=\"lazy\" decoding=\"async\" class=\"alignnone size-full wp-image-17707\" src=\"http:\/\/www.tetedechat.com\/blog\/photoblog\/2015\/05\/silvia_colombie_vendeuse_patate.jpg\" alt=\"silvia_colombie_vendeuse_patate\" width=\"800\" height=\"533\" srcset=\"https:\/\/www.tetedechat.com\/blog\/photoblog\/2015\/05\/silvia_colombie_vendeuse_patate.jpg 800w, https:\/\/www.tetedechat.com\/blog\/photoblog\/2015\/05\/silvia_colombie_vendeuse_patate-300x200.jpg 300w, https:\/\/www.tetedechat.com\/blog\/photoblog\/2015\/05\/silvia_colombie_vendeuse_patate-250x167.jpg 250w\" sizes=\"auto, (max-width: 800px) 100vw, 800px\" \/><\/a><\/p>\n<p><a href=\"http:\/\/www.tetedechat.com\/blog\/photoblog\/2015\/05\/silvia_colombie_pomme_de_terre_rose.jpg\"><img loading=\"lazy\" decoding=\"async\" class=\"alignnone size-full wp-image-17694\" src=\"http:\/\/www.tetedechat.com\/blog\/photoblog\/2015\/05\/silvia_colombie_pomme_de_terre_rose.jpg\" alt=\"silvia_colombie_pomme_de_terre_rose\" width=\"800\" height=\"533\" srcset=\"https:\/\/www.tetedechat.com\/blog\/photoblog\/2015\/05\/silvia_colombie_pomme_de_terre_rose.jpg 800w, https:\/\/www.tetedechat.com\/blog\/photoblog\/2015\/05\/silvia_colombie_pomme_de_terre_rose-300x200.jpg 300w, https:\/\/www.tetedechat.com\/blog\/photoblog\/2015\/05\/silvia_colombie_pomme_de_terre_rose-250x167.jpg 250w\" sizes=\"auto, (max-width: 800px) 100vw, 800px\" \/><\/a><\/p>\n<p>Je vous laisse observer ces femmes en poncho, et hommes en jupe :<\/p>\n<p><a href=\"http:\/\/www.tetedechat.com\/blog\/photoblog\/2015\/05\/silvia_colombie_tenues_traditionelles.jpg\"><img loading=\"lazy\" decoding=\"async\" class=\"alignnone size-full wp-image-17706\" src=\"http:\/\/www.tetedechat.com\/blog\/photoblog\/2015\/05\/silvia_colombie_tenues_traditionelles.jpg\" alt=\"silvia_colombie_tenues_traditionelles\" width=\"800\" height=\"533\" srcset=\"https:\/\/www.tetedechat.com\/blog\/photoblog\/2015\/05\/silvia_colombie_tenues_traditionelles.jpg 800w, https:\/\/www.tetedechat.com\/blog\/photoblog\/2015\/05\/silvia_colombie_tenues_traditionelles-300x200.jpg 300w, https:\/\/www.tetedechat.com\/blog\/photoblog\/2015\/05\/silvia_colombie_tenues_traditionelles-250x167.jpg 250w\" sizes=\"auto, (max-width: 800px) 100vw, 800px\" \/><\/a><\/p>\n<p><a href=\"http:\/\/www.tetedechat.com\/blog\/photoblog\/2015\/05\/silvia_colombie_tenues_traditionelles_rue.jpg\"><img loading=\"lazy\" decoding=\"async\" class=\"alignnone size-full wp-image-17705\" src=\"http:\/\/www.tetedechat.com\/blog\/photoblog\/2015\/05\/silvia_colombie_tenues_traditionelles_rue.jpg\" alt=\"silvia_colombie_tenues_traditionelles_rue\" width=\"800\" height=\"533\" srcset=\"https:\/\/www.tetedechat.com\/blog\/photoblog\/2015\/05\/silvia_colombie_tenues_traditionelles_rue.jpg 800w, https:\/\/www.tetedechat.com\/blog\/photoblog\/2015\/05\/silvia_colombie_tenues_traditionelles_rue-300x200.jpg 300w, https:\/\/www.tetedechat.com\/blog\/photoblog\/2015\/05\/silvia_colombie_tenues_traditionelles_rue-250x167.jpg 250w\" sizes=\"auto, (max-width: 800px) 100vw, 800px\" \/><\/a><\/p>\n<p><a href=\"http:\/\/www.tetedechat.com\/blog\/photoblog\/2015\/05\/silvia_colombie_tenues_traditionelles_femmes.jpg\"><img loading=\"lazy\" decoding=\"async\" class=\"alignnone size-full wp-image-17704\" src=\"http:\/\/www.tetedechat.com\/blog\/photoblog\/2015\/05\/silvia_colombie_tenues_traditionelles_femmes.jpg\" alt=\"silvia_colombie_tenues_traditionelles_femmes\" width=\"800\" height=\"533\" srcset=\"https:\/\/www.tetedechat.com\/blog\/photoblog\/2015\/05\/silvia_colombie_tenues_traditionelles_femmes.jpg 800w, https:\/\/www.tetedechat.com\/blog\/photoblog\/2015\/05\/silvia_colombie_tenues_traditionelles_femmes-300x200.jpg 300w, https:\/\/www.tetedechat.com\/blog\/photoblog\/2015\/05\/silvia_colombie_tenues_traditionelles_femmes-250x167.jpg 250w\" sizes=\"auto, (max-width: 800px) 100vw, 800px\" \/><\/a><\/p>\n<p><a href=\"http:\/\/www.tetedechat.com\/blog\/photoblog\/2015\/05\/silvia_colombie_tenues_traditionelles_femmes_rue.jpg\"><img loading=\"lazy\" decoding=\"async\" class=\"alignnone size-full wp-image-17703\" src=\"http:\/\/www.tetedechat.com\/blog\/photoblog\/2015\/05\/silvia_colombie_tenues_traditionelles_femmes_rue.jpg\" alt=\"silvia_colombie_tenues_traditionelles_femmes_rue\" width=\"800\" height=\"533\" srcset=\"https:\/\/www.tetedechat.com\/blog\/photoblog\/2015\/05\/silvia_colombie_tenues_traditionelles_femmes_rue.jpg 800w, https:\/\/www.tetedechat.com\/blog\/photoblog\/2015\/05\/silvia_colombie_tenues_traditionelles_femmes_rue-300x200.jpg 300w, https:\/\/www.tetedechat.com\/blog\/photoblog\/2015\/05\/silvia_colombie_tenues_traditionelles_femmes_rue-250x167.jpg 250w\" sizes=\"auto, (max-width: 800px) 100vw, 800px\" \/><\/a><\/p>\n<p>Les Guambianos sont assez r\u00e9serv\u00e9s, difficile de les approcher, mais pas impossible. Pour les photos en revanche, demandez avant, o\u00f9 prenez \u00e0 distance car ils n&rsquo;aiment pas trop \u00e7a.<\/p>\n<p><a href=\"http:\/\/www.tetedechat.com\/blog\/photoblog\/2015\/05\/silvia_colombie_tenues_traditionelles_femmes_assises.jpg\"><img loading=\"lazy\" decoding=\"async\" class=\"alignnone size-full wp-image-17702\" src=\"http:\/\/www.tetedechat.com\/blog\/photoblog\/2015\/05\/silvia_colombie_tenues_traditionelles_femmes_assises.jpg\" alt=\"silvia_colombie_tenues_traditionelles_femmes_assises\" width=\"800\" height=\"533\" srcset=\"https:\/\/www.tetedechat.com\/blog\/photoblog\/2015\/05\/silvia_colombie_tenues_traditionelles_femmes_assises.jpg 800w, https:\/\/www.tetedechat.com\/blog\/photoblog\/2015\/05\/silvia_colombie_tenues_traditionelles_femmes_assises-300x200.jpg 300w, https:\/\/www.tetedechat.com\/blog\/photoblog\/2015\/05\/silvia_colombie_tenues_traditionelles_femmes_assises-250x167.jpg 250w\" sizes=\"auto, (max-width: 800px) 100vw, 800px\" \/><\/a><\/p>\n<p><a href=\"http:\/\/www.tetedechat.com\/blog\/photoblog\/2015\/05\/silvia_colombie_tenues_traditionelles_femmes_assises_5.jpg\"><img loading=\"lazy\" decoding=\"async\" class=\"alignnone size-full wp-image-17701\" src=\"http:\/\/www.tetedechat.com\/blog\/photoblog\/2015\/05\/silvia_colombie_tenues_traditionelles_femmes_assises_5.jpg\" alt=\"silvia_colombie_tenues_traditionelles_femmes_assises_5\" width=\"800\" height=\"533\" srcset=\"https:\/\/www.tetedechat.com\/blog\/photoblog\/2015\/05\/silvia_colombie_tenues_traditionelles_femmes_assises_5.jpg 800w, https:\/\/www.tetedechat.com\/blog\/photoblog\/2015\/05\/silvia_colombie_tenues_traditionelles_femmes_assises_5-300x200.jpg 300w, https:\/\/www.tetedechat.com\/blog\/photoblog\/2015\/05\/silvia_colombie_tenues_traditionelles_femmes_assises_5-250x167.jpg 250w\" sizes=\"auto, (max-width: 800px) 100vw, 800px\" \/><\/a><\/p>\n<p><a href=\"http:\/\/www.tetedechat.com\/blog\/photoblog\/2015\/05\/silvia_colombie_tenues_traditionelles_femmes_assises_2.jpg\"><img loading=\"lazy\" decoding=\"async\" class=\"alignnone size-full wp-image-17699\" src=\"http:\/\/www.tetedechat.com\/blog\/photoblog\/2015\/05\/silvia_colombie_tenues_traditionelles_femmes_assises_2.jpg\" alt=\"silvia_colombie_tenues_traditionelles_femmes_assises_2\" width=\"800\" height=\"533\" srcset=\"https:\/\/www.tetedechat.com\/blog\/photoblog\/2015\/05\/silvia_colombie_tenues_traditionelles_femmes_assises_2.jpg 800w, https:\/\/www.tetedechat.com\/blog\/photoblog\/2015\/05\/silvia_colombie_tenues_traditionelles_femmes_assises_2-300x200.jpg 300w, https:\/\/www.tetedechat.com\/blog\/photoblog\/2015\/05\/silvia_colombie_tenues_traditionelles_femmes_assises_2-250x167.jpg 250w\" sizes=\"auto, (max-width: 800px) 100vw, 800px\" \/><\/a><\/p>\n<p><a href=\"http:\/\/www.tetedechat.com\/blog\/photoblog\/2015\/05\/silvia_colombie_tenues_traditionelles_2.jpg\"><img loading=\"lazy\" decoding=\"async\" class=\"alignnone size-full wp-image-17698\" src=\"http:\/\/www.tetedechat.com\/blog\/photoblog\/2015\/05\/silvia_colombie_tenues_traditionelles_2.jpg\" alt=\"silvia_colombie_tenues_traditionelles_2\" width=\"800\" height=\"533\" srcset=\"https:\/\/www.tetedechat.com\/blog\/photoblog\/2015\/05\/silvia_colombie_tenues_traditionelles_2.jpg 800w, https:\/\/www.tetedechat.com\/blog\/photoblog\/2015\/05\/silvia_colombie_tenues_traditionelles_2-300x200.jpg 300w, https:\/\/www.tetedechat.com\/blog\/photoblog\/2015\/05\/silvia_colombie_tenues_traditionelles_2-250x167.jpg 250w\" sizes=\"auto, (max-width: 800px) 100vw, 800px\" \/><\/a><\/p>\n<p><a href=\"http:\/\/www.tetedechat.com\/blog\/photoblog\/2015\/05\/silvia_colombie_tenue_traditionelle_homme_assis.jpg\"><img loading=\"lazy\" decoding=\"async\" class=\"alignnone size-full wp-image-17697\" src=\"http:\/\/www.tetedechat.com\/blog\/photoblog\/2015\/05\/silvia_colombie_tenue_traditionelle_homme_assis.jpg\" alt=\"silvia_colombie_tenue_traditionelle_homme_assis\" width=\"800\" height=\"533\" srcset=\"https:\/\/www.tetedechat.com\/blog\/photoblog\/2015\/05\/silvia_colombie_tenue_traditionelle_homme_assis.jpg 800w, https:\/\/www.tetedechat.com\/blog\/photoblog\/2015\/05\/silvia_colombie_tenue_traditionelle_homme_assis-300x200.jpg 300w, https:\/\/www.tetedechat.com\/blog\/photoblog\/2015\/05\/silvia_colombie_tenue_traditionelle_homme_assis-250x167.jpg 250w\" sizes=\"auto, (max-width: 800px) 100vw, 800px\" \/><\/a><\/p>\n<p>M\u00eame si connu, pas vraiment touristique, j&rsquo;ai crois\u00e9 deux autres \u00ab\u00a0groupes\u00a0\u00bb en tour organis\u00e9, puis c&rsquo;est tout&#8230;<br \/>\nCe qui est un avantage, car rien \u00e0 vendre pour les touristes, pas de bibelots, de peintures soit disant faites main, et tous ces trucs que l&rsquo;on vend et voit un peu partout en Am\u00e9rique du Sud, mais qui sont tous fabriqu\u00e9s en &#8230;Chine. Cela reste un march\u00e9 authentique, pour mon plus grand bonheur.<\/p>\n<p><a href=\"http:\/\/www.tetedechat.com\/blog\/photoblog\/2015\/05\/silvia_colombie_rue.jpg\"><img loading=\"lazy\" decoding=\"async\" class=\"alignnone size-full wp-image-17696\" src=\"http:\/\/www.tetedechat.com\/blog\/photoblog\/2015\/05\/silvia_colombie_rue.jpg\" alt=\"silvia_colombie_rue\" width=\"800\" height=\"533\" srcset=\"https:\/\/www.tetedechat.com\/blog\/photoblog\/2015\/05\/silvia_colombie_rue.jpg 800w, https:\/\/www.tetedechat.com\/blog\/photoblog\/2015\/05\/silvia_colombie_rue-300x200.jpg 300w, https:\/\/www.tetedechat.com\/blog\/photoblog\/2015\/05\/silvia_colombie_rue-250x167.jpg 250w\" sizes=\"auto, (max-width: 800px) 100vw, 800px\" \/><\/a><\/p>\n<p>La tranquillit\u00e9 f\u00fbt un autre point positif, malgr\u00e9 le monde (et encore, au march\u00e9 seulement), les rues restaient calmes, et presque d\u00e9sertes.<\/p>\n<p><a href=\"http:\/\/www.tetedechat.com\/blog\/photoblog\/2015\/05\/silvia_colombie_portrait.jpg\"><img loading=\"lazy\" decoding=\"async\" class=\"alignnone size-full wp-image-17695\" src=\"http:\/\/www.tetedechat.com\/blog\/photoblog\/2015\/05\/silvia_colombie_portrait.jpg\" alt=\"silvia_colombie_portrait\" width=\"800\" height=\"533\" srcset=\"https:\/\/www.tetedechat.com\/blog\/photoblog\/2015\/05\/silvia_colombie_portrait.jpg 800w, https:\/\/www.tetedechat.com\/blog\/photoblog\/2015\/05\/silvia_colombie_portrait-300x200.jpg 300w, https:\/\/www.tetedechat.com\/blog\/photoblog\/2015\/05\/silvia_colombie_portrait-250x167.jpg 250w\" sizes=\"auto, (max-width: 800px) 100vw, 800px\" \/><\/a><\/p>\n<p><a href=\"http:\/\/www.tetedechat.com\/blog\/photoblog\/2015\/05\/silvia_colombie_place.jpg\"><img loading=\"lazy\" decoding=\"async\" class=\"alignnone size-full wp-image-17693\" src=\"http:\/\/www.tetedechat.com\/blog\/photoblog\/2015\/05\/silvia_colombie_place.jpg\" alt=\"silvia_colombie_place\" width=\"800\" height=\"600\" srcset=\"https:\/\/www.tetedechat.com\/blog\/photoblog\/2015\/05\/silvia_colombie_place.jpg 800w, https:\/\/www.tetedechat.com\/blog\/photoblog\/2015\/05\/silvia_colombie_place-300x225.jpg 300w, https:\/\/www.tetedechat.com\/blog\/photoblog\/2015\/05\/silvia_colombie_place-250x188.jpg 250w\" sizes=\"auto, (max-width: 800px) 100vw, 800px\" \/><\/a><\/p>\n<p><a href=\"http:\/\/www.tetedechat.com\/blog\/photoblog\/2015\/05\/silvia_colombie_personnes_place.jpg\"><img loading=\"lazy\" decoding=\"async\" class=\"alignnone size-full wp-image-17691\" src=\"http:\/\/www.tetedechat.com\/blog\/photoblog\/2015\/05\/silvia_colombie_personnes_place.jpg\" alt=\"silvia_colombie_personnes_place\" width=\"800\" height=\"533\" srcset=\"https:\/\/www.tetedechat.com\/blog\/photoblog\/2015\/05\/silvia_colombie_personnes_place.jpg 800w, https:\/\/www.tetedechat.com\/blog\/photoblog\/2015\/05\/silvia_colombie_personnes_place-300x200.jpg 300w, https:\/\/www.tetedechat.com\/blog\/photoblog\/2015\/05\/silvia_colombie_personnes_place-250x167.jpg 250w\" sizes=\"auto, (max-width: 800px) 100vw, 800px\" \/><\/a><\/p>\n<p><a href=\"http:\/\/www.tetedechat.com\/blog\/photoblog\/2015\/05\/silvia_colombie_personne_rue.jpg\"><img loading=\"lazy\" decoding=\"async\" class=\"alignnone size-full wp-image-17690\" src=\"http:\/\/www.tetedechat.com\/blog\/photoblog\/2015\/05\/silvia_colombie_personne_rue.jpg\" alt=\"silvia_colombie_personne_rue\" width=\"800\" height=\"533\" srcset=\"https:\/\/www.tetedechat.com\/blog\/photoblog\/2015\/05\/silvia_colombie_personne_rue.jpg 800w, https:\/\/www.tetedechat.com\/blog\/photoblog\/2015\/05\/silvia_colombie_personne_rue-300x200.jpg 300w, https:\/\/www.tetedechat.com\/blog\/photoblog\/2015\/05\/silvia_colombie_personne_rue-250x167.jpg 250w\" sizes=\"auto, (max-width: 800px) 100vw, 800px\" \/><\/a><\/p>\n<p><a href=\"http:\/\/www.tetedechat.com\/blog\/photoblog\/2015\/05\/silvia_colombie_marche.jpg\"><img loading=\"lazy\" decoding=\"async\" class=\"alignnone size-full wp-image-17688\" src=\"http:\/\/www.tetedechat.com\/blog\/photoblog\/2015\/05\/silvia_colombie_marche.jpg\" alt=\"silvia_colombie_marche\" width=\"800\" height=\"600\" srcset=\"https:\/\/www.tetedechat.com\/blog\/photoblog\/2015\/05\/silvia_colombie_marche.jpg 800w, https:\/\/www.tetedechat.com\/blog\/photoblog\/2015\/05\/silvia_colombie_marche-300x225.jpg 300w, https:\/\/www.tetedechat.com\/blog\/photoblog\/2015\/05\/silvia_colombie_marche-250x188.jpg 250w\" sizes=\"auto, (max-width: 800px) 100vw, 800px\" \/><\/a><\/p>\n<p>\u00c0 cette \u00e9poque je n&rsquo;avais pas encore visit\u00e9 la Bolivie, mais aujourd&rsquo;hui, et avec le recule, je retrouve un tas de points communs entre ces indig\u00e8nes et les Boliviens.<\/p>\n<p><a href=\"http:\/\/www.tetedechat.com\/blog\/photoblog\/2015\/05\/silvia_colombie_patates_vendeuses.jpg\"><img loading=\"lazy\" decoding=\"async\" class=\"alignnone size-full wp-image-17689\" src=\"http:\/\/www.tetedechat.com\/blog\/photoblog\/2015\/05\/silvia_colombie_patates_vendeuses.jpg\" alt=\"silvia_colombie_patates_vendeuses\" width=\"800\" height=\"533\" srcset=\"https:\/\/www.tetedechat.com\/blog\/photoblog\/2015\/05\/silvia_colombie_patates_vendeuses.jpg 800w, https:\/\/www.tetedechat.com\/blog\/photoblog\/2015\/05\/silvia_colombie_patates_vendeuses-300x200.jpg 300w, https:\/\/www.tetedechat.com\/blog\/photoblog\/2015\/05\/silvia_colombie_patates_vendeuses-250x167.jpg 250w\" sizes=\"auto, (max-width: 800px) 100vw, 800px\" \/><\/a><\/p>\n<p><a href=\"http:\/\/www.tetedechat.com\/blog\/photoblog\/2015\/05\/silvia_colombie_marche_patates.jpg\"><img loading=\"lazy\" decoding=\"async\" class=\"alignnone size-full wp-image-17687\" src=\"http:\/\/www.tetedechat.com\/blog\/photoblog\/2015\/05\/silvia_colombie_marche_patates.jpg\" alt=\"silvia_colombie_marche_patates\" width=\"800\" height=\"600\" srcset=\"https:\/\/www.tetedechat.com\/blog\/photoblog\/2015\/05\/silvia_colombie_marche_patates.jpg 800w, https:\/\/www.tetedechat.com\/blog\/photoblog\/2015\/05\/silvia_colombie_marche_patates-300x225.jpg 300w, https:\/\/www.tetedechat.com\/blog\/photoblog\/2015\/05\/silvia_colombie_marche_patates-250x188.jpg 250w\" sizes=\"auto, (max-width: 800px) 100vw, 800px\" \/><\/a><\/p>\n<p><a href=\"http:\/\/www.tetedechat.com\/blog\/photoblog\/2015\/05\/silvia_colombie_locaux.jpg\"><img loading=\"lazy\" decoding=\"async\" class=\"alignnone size-full wp-image-17684\" src=\"http:\/\/www.tetedechat.com\/blog\/photoblog\/2015\/05\/silvia_colombie_locaux.jpg\" alt=\"silvia_colombie_locaux\" width=\"800\" height=\"533\" srcset=\"https:\/\/www.tetedechat.com\/blog\/photoblog\/2015\/05\/silvia_colombie_locaux.jpg 800w, https:\/\/www.tetedechat.com\/blog\/photoblog\/2015\/05\/silvia_colombie_locaux-300x200.jpg 300w, https:\/\/www.tetedechat.com\/blog\/photoblog\/2015\/05\/silvia_colombie_locaux-250x167.jpg 250w\" sizes=\"auto, (max-width: 800px) 100vw, 800px\" \/><\/a><\/p>\n<p><a href=\"http:\/\/www.tetedechat.com\/blog\/photoblog\/2015\/05\/silvia_colombie_marche_gens.jpg\"><img loading=\"lazy\" decoding=\"async\" class=\"alignnone size-full wp-image-17686\" src=\"http:\/\/www.tetedechat.com\/blog\/photoblog\/2015\/05\/silvia_colombie_marche_gens.jpg\" alt=\"silvia_colombie_marche_gens\" width=\"800\" height=\"600\" srcset=\"https:\/\/www.tetedechat.com\/blog\/photoblog\/2015\/05\/silvia_colombie_marche_gens.jpg 800w, https:\/\/www.tetedechat.com\/blog\/photoblog\/2015\/05\/silvia_colombie_marche_gens-300x225.jpg 300w, https:\/\/www.tetedechat.com\/blog\/photoblog\/2015\/05\/silvia_colombie_marche_gens-250x188.jpg 250w\" sizes=\"auto, (max-width: 800px) 100vw, 800px\" \/><\/a><\/p>\n<p><a href=\"http:\/\/www.tetedechat.com\/blog\/photoblog\/2015\/05\/silvia_colombie_femme.jpg\"><img loading=\"lazy\" decoding=\"async\" class=\"alignnone size-full wp-image-17680\" src=\"http:\/\/www.tetedechat.com\/blog\/photoblog\/2015\/05\/silvia_colombie_femme.jpg\" alt=\"silvia_colombie_femme\" width=\"800\" height=\"533\" srcset=\"https:\/\/www.tetedechat.com\/blog\/photoblog\/2015\/05\/silvia_colombie_femme.jpg 800w, https:\/\/www.tetedechat.com\/blog\/photoblog\/2015\/05\/silvia_colombie_femme-300x200.jpg 300w, https:\/\/www.tetedechat.com\/blog\/photoblog\/2015\/05\/silvia_colombie_femme-250x167.jpg 250w\" sizes=\"auto, (max-width: 800px) 100vw, 800px\" \/><\/a><\/p>\n<p><a href=\"http:\/\/www.tetedechat.com\/blog\/photoblog\/2015\/05\/silvia_colombie_marche_eglise.jpg\"><img loading=\"lazy\" decoding=\"async\" class=\"alignnone size-full wp-image-17685\" src=\"http:\/\/www.tetedechat.com\/blog\/photoblog\/2015\/05\/silvia_colombie_marche_eglise.jpg\" alt=\"silvia_colombie_marche_eglise\" width=\"800\" height=\"600\" srcset=\"https:\/\/www.tetedechat.com\/blog\/photoblog\/2015\/05\/silvia_colombie_marche_eglise.jpg 800w, https:\/\/www.tetedechat.com\/blog\/photoblog\/2015\/05\/silvia_colombie_marche_eglise-300x225.jpg 300w, https:\/\/www.tetedechat.com\/blog\/photoblog\/2015\/05\/silvia_colombie_marche_eglise-250x188.jpg 250w\" sizes=\"auto, (max-width: 800px) 100vw, 800px\" \/><\/a><\/p>\n<p>L&rsquo;\u00e9glise sur la place :<\/p>\n<p><a href=\"http:\/\/www.tetedechat.com\/blog\/photoblog\/2015\/05\/silvia_colombie_eglise_2.jpg\"><img loading=\"lazy\" decoding=\"async\" class=\"alignnone size-full wp-image-17677\" src=\"http:\/\/www.tetedechat.com\/blog\/photoblog\/2015\/05\/silvia_colombie_eglise_2.jpg\" alt=\"silvia_colombie_eglise_2\" width=\"800\" height=\"533\" srcset=\"https:\/\/www.tetedechat.com\/blog\/photoblog\/2015\/05\/silvia_colombie_eglise_2.jpg 800w, https:\/\/www.tetedechat.com\/blog\/photoblog\/2015\/05\/silvia_colombie_eglise_2-300x200.jpg 300w, https:\/\/www.tetedechat.com\/blog\/photoblog\/2015\/05\/silvia_colombie_eglise_2-250x167.jpg 250w\" sizes=\"auto, (max-width: 800px) 100vw, 800px\" \/><\/a><\/p>\n<p><a href=\"http:\/\/www.tetedechat.com\/blog\/photoblog\/2015\/05\/silvia_colombie_eglise.jpg\"><img loading=\"lazy\" decoding=\"async\" class=\"alignnone size-full wp-image-17678\" src=\"http:\/\/www.tetedechat.com\/blog\/photoblog\/2015\/05\/silvia_colombie_eglise.jpg\" alt=\"silvia_colombie_eglise\" width=\"800\" height=\"600\" srcset=\"https:\/\/www.tetedechat.com\/blog\/photoblog\/2015\/05\/silvia_colombie_eglise.jpg 800w, https:\/\/www.tetedechat.com\/blog\/photoblog\/2015\/05\/silvia_colombie_eglise-300x225.jpg 300w, https:\/\/www.tetedechat.com\/blog\/photoblog\/2015\/05\/silvia_colombie_eglise-250x188.jpg 250w\" sizes=\"auto, (max-width: 800px) 100vw, 800px\" \/><\/a><\/p>\n<p><a href=\"http:\/\/www.tetedechat.com\/blog\/photoblog\/2015\/05\/silvia_colombie_place_eglise_2.jpg\"><img loading=\"lazy\" decoding=\"async\" class=\"alignnone size-full wp-image-17692\" src=\"http:\/\/www.tetedechat.com\/blog\/photoblog\/2015\/05\/silvia_colombie_place_eglise_2.jpg\" alt=\"silvia_colombie_place_eglise_2\" width=\"800\" height=\"533\" srcset=\"https:\/\/www.tetedechat.com\/blog\/photoblog\/2015\/05\/silvia_colombie_place_eglise_2.jpg 800w, https:\/\/www.tetedechat.com\/blog\/photoblog\/2015\/05\/silvia_colombie_place_eglise_2-300x200.jpg 300w, https:\/\/www.tetedechat.com\/blog\/photoblog\/2015\/05\/silvia_colombie_place_eglise_2-250x167.jpg 250w\" sizes=\"auto, (max-width: 800px) 100vw, 800px\" \/><\/a><\/p>\n<p><a href=\"http:\/\/www.tetedechat.com\/blog\/photoblog\/2015\/05\/eglise_silvia_colombie.jpg\"><img loading=\"lazy\" decoding=\"async\" class=\"alignnone size-full wp-image-17666\" src=\"http:\/\/www.tetedechat.com\/blog\/photoblog\/2015\/05\/eglise_silvia_colombie.jpg\" alt=\"eglise_silvia_colombie\" width=\"800\" height=\"600\" srcset=\"https:\/\/www.tetedechat.com\/blog\/photoblog\/2015\/05\/eglise_silvia_colombie.jpg 800w, https:\/\/www.tetedechat.com\/blog\/photoblog\/2015\/05\/eglise_silvia_colombie-300x225.jpg 300w, https:\/\/www.tetedechat.com\/blog\/photoblog\/2015\/05\/eglise_silvia_colombie-250x188.jpg 250w\" sizes=\"auto, (max-width: 800px) 100vw, 800px\" \/><\/a><\/p>\n<p><a href=\"http:\/\/www.tetedechat.com\/blog\/photoblog\/2015\/05\/silvia_colombie_homme.jpg\"><img loading=\"lazy\" decoding=\"async\" class=\"alignnone size-full wp-image-17683\" src=\"http:\/\/www.tetedechat.com\/blog\/photoblog\/2015\/05\/silvia_colombie_homme.jpg\" alt=\"silvia_colombie_homme\" width=\"800\" height=\"533\" srcset=\"https:\/\/www.tetedechat.com\/blog\/photoblog\/2015\/05\/silvia_colombie_homme.jpg 800w, https:\/\/www.tetedechat.com\/blog\/photoblog\/2015\/05\/silvia_colombie_homme-300x200.jpg 300w, https:\/\/www.tetedechat.com\/blog\/photoblog\/2015\/05\/silvia_colombie_homme-250x167.jpg 250w\" sizes=\"auto, (max-width: 800px) 100vw, 800px\" \/><\/a><\/p>\n<p><a href=\"http:\/\/www.tetedechat.com\/blog\/photoblog\/2015\/05\/silvia_colombie_habits_traditionels.jpg\"><img loading=\"lazy\" decoding=\"async\" class=\"alignnone size-full wp-image-17682\" src=\"http:\/\/www.tetedechat.com\/blog\/photoblog\/2015\/05\/silvia_colombie_habits_traditionels.jpg\" alt=\"silvia_colombie_habits_traditionels\" width=\"800\" height=\"600\" srcset=\"https:\/\/www.tetedechat.com\/blog\/photoblog\/2015\/05\/silvia_colombie_habits_traditionels.jpg 800w, https:\/\/www.tetedechat.com\/blog\/photoblog\/2015\/05\/silvia_colombie_habits_traditionels-300x225.jpg 300w, https:\/\/www.tetedechat.com\/blog\/photoblog\/2015\/05\/silvia_colombie_habits_traditionels-250x188.jpg 250w\" sizes=\"auto, (max-width: 800px) 100vw, 800px\" \/><\/a><\/p>\n<p><a href=\"http:\/\/www.tetedechat.com\/blog\/photoblog\/2015\/05\/silvia_colombie_femmes_tenues_traditionelles.jpg\"><img loading=\"lazy\" decoding=\"async\" class=\"alignnone size-full wp-image-17681\" src=\"http:\/\/www.tetedechat.com\/blog\/photoblog\/2015\/05\/silvia_colombie_femmes_tenues_traditionelles.jpg\" alt=\"silvia_colombie_femmes_tenues_traditionelles\" width=\"800\" height=\"533\" srcset=\"https:\/\/www.tetedechat.com\/blog\/photoblog\/2015\/05\/silvia_colombie_femmes_tenues_traditionelles.jpg 800w, https:\/\/www.tetedechat.com\/blog\/photoblog\/2015\/05\/silvia_colombie_femmes_tenues_traditionelles-300x200.jpg 300w, https:\/\/www.tetedechat.com\/blog\/photoblog\/2015\/05\/silvia_colombie_femmes_tenues_traditionelles-250x167.jpg 250w\" sizes=\"auto, (max-width: 800px) 100vw, 800px\" \/><\/a><\/p>\n<p><a href=\"http:\/\/www.tetedechat.com\/blog\/photoblog\/2015\/05\/silvia_colombie_femme_traditionelle.jpg\"><img loading=\"lazy\" decoding=\"async\" class=\"alignnone size-full wp-image-17679\" src=\"http:\/\/www.tetedechat.com\/blog\/photoblog\/2015\/05\/silvia_colombie_femme_traditionelle.jpg\" alt=\"silvia_colombie_femme_traditionelle\" width=\"800\" height=\"533\" srcset=\"https:\/\/www.tetedechat.com\/blog\/photoblog\/2015\/05\/silvia_colombie_femme_traditionelle.jpg 800w, https:\/\/www.tetedechat.com\/blog\/photoblog\/2015\/05\/silvia_colombie_femme_traditionelle-300x200.jpg 300w, https:\/\/www.tetedechat.com\/blog\/photoblog\/2015\/05\/silvia_colombie_femme_traditionelle-250x167.jpg 250w\" sizes=\"auto, (max-width: 800px) 100vw, 800px\" \/><\/a><\/p>\n<p><a href=\"http:\/\/www.tetedechat.com\/blog\/photoblog\/2015\/05\/silvia_colombie_chapeau.jpg\"><img loading=\"lazy\" decoding=\"async\" class=\"alignnone size-full wp-image-17675\" src=\"http:\/\/www.tetedechat.com\/blog\/photoblog\/2015\/05\/silvia_colombie_chapeau.jpg\" alt=\"silvia_colombie_chapeau\" width=\"800\" height=\"533\" srcset=\"https:\/\/www.tetedechat.com\/blog\/photoblog\/2015\/05\/silvia_colombie_chapeau.jpg 800w, https:\/\/www.tetedechat.com\/blog\/photoblog\/2015\/05\/silvia_colombie_chapeau-300x200.jpg 300w, https:\/\/www.tetedechat.com\/blog\/photoblog\/2015\/05\/silvia_colombie_chapeau-250x167.jpg 250w\" sizes=\"auto, (max-width: 800px) 100vw, 800px\" \/><\/a><\/p>\n<p>Le mini-bus de Popayan \u00e9tait bien plus confortable que les leurs :<\/p>\n<p><a href=\"http:\/\/www.tetedechat.com\/blog\/photoblog\/2015\/05\/bus_silvia_colombie.jpg\"><img loading=\"lazy\" decoding=\"async\" class=\"alignnone size-full wp-image-17664\" src=\"http:\/\/www.tetedechat.com\/blog\/photoblog\/2015\/05\/bus_silvia_colombie.jpg\" alt=\"bus_silvia_colombie\" width=\"800\" height=\"533\" srcset=\"https:\/\/www.tetedechat.com\/blog\/photoblog\/2015\/05\/bus_silvia_colombie.jpg 800w, https:\/\/www.tetedechat.com\/blog\/photoblog\/2015\/05\/bus_silvia_colombie-300x200.jpg 300w, https:\/\/www.tetedechat.com\/blog\/photoblog\/2015\/05\/bus_silvia_colombie-250x167.jpg 250w\" sizes=\"auto, (max-width: 800px) 100vw, 800px\" \/><\/a><\/p>\n<p><a href=\"http:\/\/www.tetedechat.com\/blog\/photoblog\/2015\/05\/silvia_colombie_bus.jpg\"><img loading=\"lazy\" decoding=\"async\" class=\"alignnone size-full wp-image-17674\" src=\"http:\/\/www.tetedechat.com\/blog\/photoblog\/2015\/05\/silvia_colombie_bus.jpg\" alt=\"silvia_colombie_bus\" width=\"800\" height=\"533\" srcset=\"https:\/\/www.tetedechat.com\/blog\/photoblog\/2015\/05\/silvia_colombie_bus.jpg 800w, https:\/\/www.tetedechat.com\/blog\/photoblog\/2015\/05\/silvia_colombie_bus-300x200.jpg 300w, https:\/\/www.tetedechat.com\/blog\/photoblog\/2015\/05\/silvia_colombie_bus-250x167.jpg 250w\" sizes=\"auto, (max-width: 800px) 100vw, 800px\" \/><\/a><\/p>\n<p>Ce sont des pitayas, un d\u00e9riv\u00e9 du fruit du dragon, il para\u00eet que si on en mange trop, \u00e7a peut faire de sacr\u00e9s d\u00e9g\u00e2ts dans vos toilettes !<\/p>\n<p><a href=\"http:\/\/www.tetedechat.com\/blog\/photoblog\/2015\/05\/pitaya_marche_silvia_colombie.jpg\"><img loading=\"lazy\" decoding=\"async\" class=\"alignnone size-full wp-image-17673\" src=\"http:\/\/www.tetedechat.com\/blog\/photoblog\/2015\/05\/pitaya_marche_silvia_colombie.jpg\" alt=\"pitaya_marche_silvia_colombie\" width=\"800\" height=\"533\" srcset=\"https:\/\/www.tetedechat.com\/blog\/photoblog\/2015\/05\/pitaya_marche_silvia_colombie.jpg 800w, https:\/\/www.tetedechat.com\/blog\/photoblog\/2015\/05\/pitaya_marche_silvia_colombie-300x200.jpg 300w, https:\/\/www.tetedechat.com\/blog\/photoblog\/2015\/05\/pitaya_marche_silvia_colombie-250x167.jpg 250w\" sizes=\"auto, (max-width: 800px) 100vw, 800px\" \/><\/a><\/p>\n<p>En revanche, je n&rsquo;ai pas trouv\u00e9 le nom de ce fruit, une premi\u00e8re.<\/p>\n<p><a href=\"http:\/\/www.tetedechat.com\/blog\/photoblog\/2015\/05\/fruit_silvia_colombie.jpg\"><img loading=\"lazy\" decoding=\"async\" class=\"alignnone size-full wp-image-17668\" src=\"http:\/\/www.tetedechat.com\/blog\/photoblog\/2015\/05\/fruit_silvia_colombie.jpg\" alt=\"fruit_silvia_colombie\" width=\"800\" height=\"533\" srcset=\"https:\/\/www.tetedechat.com\/blog\/photoblog\/2015\/05\/fruit_silvia_colombie.jpg 800w, https:\/\/www.tetedechat.com\/blog\/photoblog\/2015\/05\/fruit_silvia_colombie-300x200.jpg 300w, https:\/\/www.tetedechat.com\/blog\/photoblog\/2015\/05\/fruit_silvia_colombie-250x167.jpg 250w\" sizes=\"auto, (max-width: 800px) 100vw, 800px\" \/><\/a><\/p>\n<p>Mini-patates roses :<\/p>\n<p><a href=\"http:\/\/www.tetedechat.com\/blog\/photoblog\/2015\/05\/patates_silvia_colombie.jpg\"><img loading=\"lazy\" decoding=\"async\" class=\"alignnone size-full wp-image-17672\" src=\"http:\/\/www.tetedechat.com\/blog\/photoblog\/2015\/05\/patates_silvia_colombie.jpg\" alt=\"patates_silvia_colombie\" width=\"800\" height=\"600\" srcset=\"https:\/\/www.tetedechat.com\/blog\/photoblog\/2015\/05\/patates_silvia_colombie.jpg 800w, https:\/\/www.tetedechat.com\/blog\/photoblog\/2015\/05\/patates_silvia_colombie-300x225.jpg 300w, https:\/\/www.tetedechat.com\/blog\/photoblog\/2015\/05\/patates_silvia_colombie-250x188.jpg 250w\" sizes=\"auto, (max-width: 800px) 100vw, 800px\" \/><\/a><\/p>\n<p><a href=\"http:\/\/www.tetedechat.com\/blog\/photoblog\/2015\/05\/marche_silvia_colombie.jpg\"><img loading=\"lazy\" decoding=\"async\" class=\"alignnone size-full wp-image-17671\" src=\"http:\/\/www.tetedechat.com\/blog\/photoblog\/2015\/05\/marche_silvia_colombie.jpg\" alt=\"marche_silvia_colombie\" width=\"800\" height=\"533\" srcset=\"https:\/\/www.tetedechat.com\/blog\/photoblog\/2015\/05\/marche_silvia_colombie.jpg 800w, https:\/\/www.tetedechat.com\/blog\/photoblog\/2015\/05\/marche_silvia_colombie-300x200.jpg 300w, https:\/\/www.tetedechat.com\/blog\/photoblog\/2015\/05\/marche_silvia_colombie-250x167.jpg 250w\" sizes=\"auto, (max-width: 800px) 100vw, 800px\" \/><\/a><\/p>\n<p><a href=\"http:\/\/www.tetedechat.com\/blog\/photoblog\/2015\/05\/framboises_silvia_colombie_marche.jpg\"><img loading=\"lazy\" decoding=\"async\" class=\"alignnone size-full wp-image-17667\" src=\"http:\/\/www.tetedechat.com\/blog\/photoblog\/2015\/05\/framboises_silvia_colombie_marche.jpg\" alt=\"framboises_silvia_colombie_marche\" width=\"800\" height=\"533\" srcset=\"https:\/\/www.tetedechat.com\/blog\/photoblog\/2015\/05\/framboises_silvia_colombie_marche.jpg 800w, https:\/\/www.tetedechat.com\/blog\/photoblog\/2015\/05\/framboises_silvia_colombie_marche-300x200.jpg 300w, https:\/\/www.tetedechat.com\/blog\/photoblog\/2015\/05\/framboises_silvia_colombie_marche-250x167.jpg 250w\" sizes=\"auto, (max-width: 800px) 100vw, 800px\" \/><\/a><\/p>\n<p><a href=\"http:\/\/www.tetedechat.com\/blog\/photoblog\/2015\/05\/locaux_silvia_colombie.jpg\"><img loading=\"lazy\" decoding=\"async\" class=\"alignnone size-full wp-image-17670\" src=\"http:\/\/www.tetedechat.com\/blog\/photoblog\/2015\/05\/locaux_silvia_colombie.jpg\" alt=\"locaux_silvia_colombie\" width=\"800\" height=\"533\" srcset=\"https:\/\/www.tetedechat.com\/blog\/photoblog\/2015\/05\/locaux_silvia_colombie.jpg 800w, https:\/\/www.tetedechat.com\/blog\/photoblog\/2015\/05\/locaux_silvia_colombie-300x200.jpg 300w, https:\/\/www.tetedechat.com\/blog\/photoblog\/2015\/05\/locaux_silvia_colombie-250x167.jpg 250w\" sizes=\"auto, (max-width: 800px) 100vw, 800px\" \/><\/a><\/p>\n<p><a href=\"http:\/\/www.tetedechat.com\/blog\/photoblog\/2015\/05\/habits_traditionels_silvia_colombie.jpg\"><img loading=\"lazy\" decoding=\"async\" class=\"alignnone size-full wp-image-17669\" src=\"http:\/\/www.tetedechat.com\/blog\/photoblog\/2015\/05\/habits_traditionels_silvia_colombie.jpg\" alt=\"habits_traditionels_silvia_colombie\" width=\"800\" height=\"533\" srcset=\"https:\/\/www.tetedechat.com\/blog\/photoblog\/2015\/05\/habits_traditionels_silvia_colombie.jpg 800w, https:\/\/www.tetedechat.com\/blog\/photoblog\/2015\/05\/habits_traditionels_silvia_colombie-300x200.jpg 300w, https:\/\/www.tetedechat.com\/blog\/photoblog\/2015\/05\/habits_traditionels_silvia_colombie-250x167.jpg 250w\" sizes=\"auto, (max-width: 800px) 100vw, 800px\" \/><\/a><\/p>\n<p><a href=\"http:\/\/www.tetedechat.com\/blog\/photoblog\/2015\/05\/chapeau_silvia_colombie.jpg\"><img loading=\"lazy\" decoding=\"async\" class=\"alignnone size-full wp-image-17665\" src=\"http:\/\/www.tetedechat.com\/blog\/photoblog\/2015\/05\/chapeau_silvia_colombie.jpg\" alt=\"chapeau_silvia_colombie\" width=\"800\" height=\"533\" srcset=\"https:\/\/www.tetedechat.com\/blog\/photoblog\/2015\/05\/chapeau_silvia_colombie.jpg 800w, https:\/\/www.tetedechat.com\/blog\/photoblog\/2015\/05\/chapeau_silvia_colombie-300x200.jpg 300w, https:\/\/www.tetedechat.com\/blog\/photoblog\/2015\/05\/chapeau_silvia_colombie-250x167.jpg 250w\" sizes=\"auto, (max-width: 800px) 100vw, 800px\" \/><\/a><\/p>\n<p>Vraiment sympa ce march\u00e9, et tr\u00e8s diff\u00e9rent de ce que j&rsquo;ai vu de la Colombie. Faites-y un tour si vous passez par Popayan, \u00e7a serait vraiment dommage de passer \u00e0 c\u00f4t\u00e9, et d&rsquo;ailleurs si vous avez un peu plus de temps, vous pouvez m\u00eame aller visiter quelques villages aux alentours.<br \/>\nEn ce qui me concerne, je vais devoir quitter la Colombie (question de timing), mais j&rsquo;esp\u00e8re pourvoir y revenir prochainement, en attendant, le prochain article vous am\u00e8ne \u00e0 la fronti\u00e8re avec l&rsquo;\u00c9quateur, pour visiter une \u00e9glise (toujours c\u00f4t\u00e9 colombien) un peu sp\u00e9ciale, \u00e0 tr\u00e8s vite !<\/p>\n","protected":false},"excerpt":{"rendered":"<p>Voil\u00e0 nous sommes mardi, je me pr\u00e9cipite donc de beau matin vers la station de bus, direction Silvia.<\/p>\n","protected":false},"author":1,"featured_media":0,"comment_status":"open","ping_status":"open","sticky":false,"template":"","format":"standard","meta":{"_monsterinsights_skip_tracking":false,"_monsterinsights_sitenote_active":false,"_monsterinsights_sitenote_note":"","_monsterinsights_sitenote_category":0,"footnotes":""},"categories":[52,30],"tags":[106,75],"class_list":["post-17663","post","type-post","status-publish","format-standard","hentry","category-dernieres","category-news","tag-colombie","tag-voyage"],"_links":{"self":[{"href":"https:\/\/www.tetedechat.com\/blog\/index.php\/wp-json\/wp\/v2\/posts\/17663","targetHints":{"allow":["GET"]}}],"collection":[{"href":"https:\/\/www.tetedechat.com\/blog\/index.php\/wp-json\/wp\/v2\/posts"}],"about":[{"href":"https:\/\/www.tetedechat.com\/blog\/index.php\/wp-json\/wp\/v2\/types\/post"}],"author":[{"embeddable":true,"href":"https:\/\/www.tetedechat.com\/blog\/index.php\/wp-json\/wp\/v2\/users\/1"}],"replies":[{"embeddable":true,"href":"https:\/\/www.tetedechat.com\/blog\/index.php\/wp-json\/wp\/v2\/comments?post=17663"}],"version-history":[{"count":8,"href":"https:\/\/www.tetedechat.com\/blog\/index.php\/wp-json\/wp\/v2\/posts\/17663\/revisions"}],"predecessor-version":[{"id":17789,"href":"https:\/\/www.tetedechat.com\/blog\/index.php\/wp-json\/wp\/v2\/posts\/17663\/revisions\/17789"}],"wp:attachment":[{"href":"https:\/\/www.tetedechat.com\/blog\/index.php\/wp-json\/wp\/v2\/media?parent=17663"}],"wp:term":[{"taxonomy":"category","embeddable":true,"href":"https:\/\/www.tetedechat.com\/blog\/index.php\/wp-json\/wp\/v2\/categories?post=17663"},{"taxonomy":"post_tag","embeddable":true,"href":"https:\/\/www.tetedechat.com\/blog\/index.php\/wp-json\/wp\/v2\/tags?post=17663"}],"curies":[{"name":"wp","href":"https:\/\/api.w.org\/{rel}","templated":true}]}}