{"id":18619,"date":"2015-11-20T18:55:14","date_gmt":"2015-11-20T17:55:14","guid":{"rendered":"http:\/\/www.tetedechat.com\/blog\/?p=18619"},"modified":"2015-11-23T21:27:38","modified_gmt":"2015-11-23T20:27:38","slug":"la-paz","status":"publish","type":"post","link":"https:\/\/www.tetedechat.com\/blog\/index.php\/la-paz\/","title":{"rendered":"La Paz"},"content":{"rendered":"<p>Apr\u00e8s quelques heures de bus me voici \u00e0 La Paz, franchement \u2026c&rsquo;est assez laid, bruyant, et plut\u00f4t sale.<!--more--> Certes la cath\u00e9drale est sympa, et probablement la seule au monde qui contiennent dans ses sculptures, fruits et oiseaux tropicaux (histoire d&rsquo;attirer les Tiwanaku de l&rsquo;\u00e9poque \u00e0 la messe du dimanche\u2026),<\/p>\n<p><a href=\"http:\/\/www.tetedechat.com\/blog\/photoblog\/2015\/10\/route_la_paz.jpg\"><img loading=\"lazy\" decoding=\"async\" class=\"alignnone size-full wp-image-18672\" src=\"http:\/\/www.tetedechat.com\/blog\/photoblog\/2015\/10\/route_la_paz.jpg\" alt=\"\" width=\"800\" height=\"533\" srcset=\"https:\/\/www.tetedechat.com\/blog\/photoblog\/2015\/10\/route_la_paz.jpg 800w, https:\/\/www.tetedechat.com\/blog\/photoblog\/2015\/10\/route_la_paz-300x200.jpg 300w, https:\/\/www.tetedechat.com\/blog\/photoblog\/2015\/10\/route_la_paz-250x167.jpg 250w\" sizes=\"auto, (max-width: 800px) 100vw, 800px\" \/><\/a><\/p>\n<p><a href=\"http:\/\/www.tetedechat.com\/blog\/photoblog\/2015\/10\/place_san_francisco_la_paz.jpg\"><img loading=\"lazy\" decoding=\"async\" class=\"alignnone size-full wp-image-18660\" src=\"http:\/\/www.tetedechat.com\/blog\/photoblog\/2015\/10\/place_san_francisco_la_paz.jpg\" alt=\"\" width=\"800\" height=\"533\" srcset=\"https:\/\/www.tetedechat.com\/blog\/photoblog\/2015\/10\/place_san_francisco_la_paz.jpg 800w, https:\/\/www.tetedechat.com\/blog\/photoblog\/2015\/10\/place_san_francisco_la_paz-300x200.jpg 300w, https:\/\/www.tetedechat.com\/blog\/photoblog\/2015\/10\/place_san_francisco_la_paz-250x167.jpg 250w\" sizes=\"auto, (max-width: 800px) 100vw, 800px\" \/><\/a><\/p>\n<p><a href=\"http:\/\/www.tetedechat.com\/blog\/photoblog\/2015\/10\/rue_la_paz.jpg\"><img loading=\"lazy\" decoding=\"async\" class=\"alignnone size-full wp-image-18673\" src=\"http:\/\/www.tetedechat.com\/blog\/photoblog\/2015\/10\/rue_la_paz.jpg\" alt=\"\" width=\"800\" height=\"533\" srcset=\"https:\/\/www.tetedechat.com\/blog\/photoblog\/2015\/10\/rue_la_paz.jpg 800w, https:\/\/www.tetedechat.com\/blog\/photoblog\/2015\/10\/rue_la_paz-300x200.jpg 300w, https:\/\/www.tetedechat.com\/blog\/photoblog\/2015\/10\/rue_la_paz-250x167.jpg 250w\" sizes=\"auto, (max-width: 800px) 100vw, 800px\" \/><\/a><\/p>\n<p><a href=\"http:\/\/www.tetedechat.com\/blog\/photoblog\/2015\/10\/eglise_san_francisco_la_paz.jpg\"><img loading=\"lazy\" decoding=\"async\" class=\"alignnone size-full wp-image-18633\" src=\"http:\/\/www.tetedechat.com\/blog\/photoblog\/2015\/10\/eglise_san_francisco_la_paz.jpg\" alt=\"\" width=\"800\" height=\"600\" srcset=\"https:\/\/www.tetedechat.com\/blog\/photoblog\/2015\/10\/eglise_san_francisco_la_paz.jpg 800w, https:\/\/www.tetedechat.com\/blog\/photoblog\/2015\/10\/eglise_san_francisco_la_paz-300x225.jpg 300w, https:\/\/www.tetedechat.com\/blog\/photoblog\/2015\/10\/eglise_san_francisco_la_paz-250x188.jpg 250w\" sizes=\"auto, (max-width: 800px) 100vw, 800px\" \/><\/a><\/p>\n<p><a href=\"http:\/\/www.tetedechat.com\/blog\/photoblog\/2015\/10\/eglise_san_francisco_la_paz_4.jpg\"><img loading=\"lazy\" decoding=\"async\" class=\"alignnone size-full wp-image-18632\" src=\"http:\/\/www.tetedechat.com\/blog\/photoblog\/2015\/10\/eglise_san_francisco_la_paz_4.jpg\" alt=\"\" width=\"800\" height=\"533\" srcset=\"https:\/\/www.tetedechat.com\/blog\/photoblog\/2015\/10\/eglise_san_francisco_la_paz_4.jpg 800w, https:\/\/www.tetedechat.com\/blog\/photoblog\/2015\/10\/eglise_san_francisco_la_paz_4-300x200.jpg 300w, https:\/\/www.tetedechat.com\/blog\/photoblog\/2015\/10\/eglise_san_francisco_la_paz_4-250x167.jpg 250w\" sizes=\"auto, (max-width: 800px) 100vw, 800px\" \/><\/a><\/p>\n<p><a href=\"http:\/\/www.tetedechat.com\/blog\/photoblog\/2015\/10\/details_sculptures_eglise_san_francisco_la_paz.jpg\"><img loading=\"lazy\" decoding=\"async\" class=\"alignnone size-full wp-image-18629\" src=\"http:\/\/www.tetedechat.com\/blog\/photoblog\/2015\/10\/details_sculptures_eglise_san_francisco_la_paz.jpg\" alt=\"\" width=\"800\" height=\"600\" srcset=\"https:\/\/www.tetedechat.com\/blog\/photoblog\/2015\/10\/details_sculptures_eglise_san_francisco_la_paz.jpg 800w, https:\/\/www.tetedechat.com\/blog\/photoblog\/2015\/10\/details_sculptures_eglise_san_francisco_la_paz-300x225.jpg 300w, https:\/\/www.tetedechat.com\/blog\/photoblog\/2015\/10\/details_sculptures_eglise_san_francisco_la_paz-250x188.jpg 250w\" sizes=\"auto, (max-width: 800px) 100vw, 800px\" \/><\/a><\/p>\n<p><a href=\"http:\/\/www.tetedechat.com\/blog\/photoblog\/2015\/10\/details_sculptures_eglise_san_francisco_la_paz_4.jpg\"><img loading=\"lazy\" decoding=\"async\" class=\"alignnone size-full wp-image-18628\" src=\"http:\/\/www.tetedechat.com\/blog\/photoblog\/2015\/10\/details_sculptures_eglise_san_francisco_la_paz_4.jpg\" alt=\"\" width=\"800\" height=\"533\" srcset=\"https:\/\/www.tetedechat.com\/blog\/photoblog\/2015\/10\/details_sculptures_eglise_san_francisco_la_paz_4.jpg 800w, https:\/\/www.tetedechat.com\/blog\/photoblog\/2015\/10\/details_sculptures_eglise_san_francisco_la_paz_4-300x200.jpg 300w, https:\/\/www.tetedechat.com\/blog\/photoblog\/2015\/10\/details_sculptures_eglise_san_francisco_la_paz_4-250x167.jpg 250w\" sizes=\"auto, (max-width: 800px) 100vw, 800px\" \/><\/a><\/p>\n<p><a href=\"http:\/\/www.tetedechat.com\/blog\/photoblog\/2015\/10\/details_sculptures_eglise_san_francisco_la_paz_3.jpg\"><img loading=\"lazy\" decoding=\"async\" class=\"alignnone size-full wp-image-18627\" src=\"http:\/\/www.tetedechat.com\/blog\/photoblog\/2015\/10\/details_sculptures_eglise_san_francisco_la_paz_3.jpg\" alt=\"\" width=\"800\" height=\"533\" srcset=\"https:\/\/www.tetedechat.com\/blog\/photoblog\/2015\/10\/details_sculptures_eglise_san_francisco_la_paz_3.jpg 800w, https:\/\/www.tetedechat.com\/blog\/photoblog\/2015\/10\/details_sculptures_eglise_san_francisco_la_paz_3-300x200.jpg 300w, https:\/\/www.tetedechat.com\/blog\/photoblog\/2015\/10\/details_sculptures_eglise_san_francisco_la_paz_3-250x167.jpg 250w\" sizes=\"auto, (max-width: 800px) 100vw, 800px\" \/><\/a><\/p>\n<p><a href=\"http:\/\/www.tetedechat.com\/blog\/photoblog\/2015\/10\/details_sculptures_eglise_san_francisco_la_paz_2.jpg\"><img loading=\"lazy\" decoding=\"async\" class=\"alignnone size-full wp-image-18626\" src=\"http:\/\/www.tetedechat.com\/blog\/photoblog\/2015\/10\/details_sculptures_eglise_san_francisco_la_paz_2.jpg\" alt=\"\" width=\"800\" height=\"533\" srcset=\"https:\/\/www.tetedechat.com\/blog\/photoblog\/2015\/10\/details_sculptures_eglise_san_francisco_la_paz_2.jpg 800w, https:\/\/www.tetedechat.com\/blog\/photoblog\/2015\/10\/details_sculptures_eglise_san_francisco_la_paz_2-300x200.jpg 300w, https:\/\/www.tetedechat.com\/blog\/photoblog\/2015\/10\/details_sculptures_eglise_san_francisco_la_paz_2-250x167.jpg 250w\" sizes=\"auto, (max-width: 800px) 100vw, 800px\" \/><\/a><\/p>\n<p><a href=\"http:\/\/www.tetedechat.com\/blog\/photoblog\/2015\/10\/menu_la_saltena_la_paz.jpg\"><img loading=\"lazy\" decoding=\"async\" class=\"alignnone size-full wp-image-18654\" src=\"http:\/\/www.tetedechat.com\/blog\/photoblog\/2015\/10\/menu_la_saltena_la_paz.jpg\" alt=\"\" width=\"800\" height=\"600\" srcset=\"https:\/\/www.tetedechat.com\/blog\/photoblog\/2015\/10\/menu_la_saltena_la_paz.jpg 800w, https:\/\/www.tetedechat.com\/blog\/photoblog\/2015\/10\/menu_la_saltena_la_paz-300x225.jpg 300w, https:\/\/www.tetedechat.com\/blog\/photoblog\/2015\/10\/menu_la_saltena_la_paz-250x188.jpg 250w\" sizes=\"auto, (max-width: 800px) 100vw, 800px\" \/><\/a><\/p>\n<p><a href=\"http:\/\/www.tetedechat.com\/blog\/photoblog\/2015\/10\/saltenas_la_paz.jpg\"><img loading=\"lazy\" decoding=\"async\" class=\"alignnone size-full wp-image-18674\" src=\"http:\/\/www.tetedechat.com\/blog\/photoblog\/2015\/10\/saltenas_la_paz.jpg\" alt=\"\" width=\"800\" height=\"600\" srcset=\"https:\/\/www.tetedechat.com\/blog\/photoblog\/2015\/10\/saltenas_la_paz.jpg 800w, https:\/\/www.tetedechat.com\/blog\/photoblog\/2015\/10\/saltenas_la_paz-300x225.jpg 300w, https:\/\/www.tetedechat.com\/blog\/photoblog\/2015\/10\/saltenas_la_paz-250x188.jpg 250w\" sizes=\"auto, (max-width: 800px) 100vw, 800px\" \/><\/a><\/p>\n<p><a href=\"http:\/\/www.tetedechat.com\/blog\/photoblog\/2015\/10\/viande_saltena_la_paz.jpg\"><img loading=\"lazy\" decoding=\"async\" class=\"alignnone size-full wp-image-18691\" src=\"http:\/\/www.tetedechat.com\/blog\/photoblog\/2015\/10\/viande_saltena_la_paz.jpg\" alt=\"\" width=\"800\" height=\"600\" srcset=\"https:\/\/www.tetedechat.com\/blog\/photoblog\/2015\/10\/viande_saltena_la_paz.jpg 800w, https:\/\/www.tetedechat.com\/blog\/photoblog\/2015\/10\/viande_saltena_la_paz-300x225.jpg 300w, https:\/\/www.tetedechat.com\/blog\/photoblog\/2015\/10\/viande_saltena_la_paz-250x188.jpg 250w\" sizes=\"auto, (max-width: 800px) 100vw, 800px\" \/><\/a><\/p>\n<p><a href=\"http:\/\/www.tetedechat.com\/blog\/photoblog\/2015\/10\/immeubles_montagne_la_paz.jpg\"><img loading=\"lazy\" decoding=\"async\" class=\"alignnone size-full wp-image-18645\" src=\"http:\/\/www.tetedechat.com\/blog\/photoblog\/2015\/10\/immeubles_montagne_la_paz.jpg\" alt=\"\" width=\"800\" height=\"533\" srcset=\"https:\/\/www.tetedechat.com\/blog\/photoblog\/2015\/10\/immeubles_montagne_la_paz.jpg 800w, https:\/\/www.tetedechat.com\/blog\/photoblog\/2015\/10\/immeubles_montagne_la_paz-300x200.jpg 300w, https:\/\/www.tetedechat.com\/blog\/photoblog\/2015\/10\/immeubles_montagne_la_paz-250x167.jpg 250w\" sizes=\"auto, (max-width: 800px) 100vw, 800px\" \/><\/a><\/p>\n<p>certaines places ont aussi du charme,<\/p>\n<p><a href=\"http:\/\/www.tetedechat.com\/blog\/photoblog\/2015\/10\/plaza_pedro_d_murillo_la_paz.jpg\"><img loading=\"lazy\" decoding=\"async\" class=\"alignnone size-full wp-image-18666\" src=\"http:\/\/www.tetedechat.com\/blog\/photoblog\/2015\/10\/plaza_pedro_d_murillo_la_paz.jpg\" alt=\"\" width=\"800\" height=\"600\" srcset=\"https:\/\/www.tetedechat.com\/blog\/photoblog\/2015\/10\/plaza_pedro_d_murillo_la_paz.jpg 800w, https:\/\/www.tetedechat.com\/blog\/photoblog\/2015\/10\/plaza_pedro_d_murillo_la_paz-300x225.jpg 300w, https:\/\/www.tetedechat.com\/blog\/photoblog\/2015\/10\/plaza_pedro_d_murillo_la_paz-250x188.jpg 250w\" sizes=\"auto, (max-width: 800px) 100vw, 800px\" \/><\/a><\/p>\n<p><a href=\"http:\/\/www.tetedechat.com\/blog\/photoblog\/2015\/10\/plaza_pedro_d_murillo_la_paz_statue_buste.jpg\"><img loading=\"lazy\" decoding=\"async\" class=\"alignnone size-full wp-image-18665\" src=\"http:\/\/www.tetedechat.com\/blog\/photoblog\/2015\/10\/plaza_pedro_d_murillo_la_paz_statue_buste.jpg\" alt=\"\" width=\"800\" height=\"600\" srcset=\"https:\/\/www.tetedechat.com\/blog\/photoblog\/2015\/10\/plaza_pedro_d_murillo_la_paz_statue_buste.jpg 800w, https:\/\/www.tetedechat.com\/blog\/photoblog\/2015\/10\/plaza_pedro_d_murillo_la_paz_statue_buste-300x225.jpg 300w, https:\/\/www.tetedechat.com\/blog\/photoblog\/2015\/10\/plaza_pedro_d_murillo_la_paz_statue_buste-250x188.jpg 250w\" sizes=\"auto, (max-width: 800px) 100vw, 800px\" \/><\/a><\/p>\n<p><a href=\"http:\/\/www.tetedechat.com\/blog\/photoblog\/2015\/10\/plaza_pedro_d_murillo_la_paz_pigeons.jpg\"><img loading=\"lazy\" decoding=\"async\" class=\"alignnone size-full wp-image-18664\" src=\"http:\/\/www.tetedechat.com\/blog\/photoblog\/2015\/10\/plaza_pedro_d_murillo_la_paz_pigeons.jpg\" alt=\"\" width=\"800\" height=\"600\" srcset=\"https:\/\/www.tetedechat.com\/blog\/photoblog\/2015\/10\/plaza_pedro_d_murillo_la_paz_pigeons.jpg 800w, https:\/\/www.tetedechat.com\/blog\/photoblog\/2015\/10\/plaza_pedro_d_murillo_la_paz_pigeons-300x225.jpg 300w, https:\/\/www.tetedechat.com\/blog\/photoblog\/2015\/10\/plaza_pedro_d_murillo_la_paz_pigeons-250x188.jpg 250w\" sizes=\"auto, (max-width: 800px) 100vw, 800px\" \/><\/a><\/p>\n<p><a href=\"http:\/\/www.tetedechat.com\/blog\/photoblog\/2015\/10\/pigeons_plaza_pedro_d_murillo_la_paz.jpg\"><img loading=\"lazy\" decoding=\"async\" class=\"alignnone size-full wp-image-18659\" src=\"http:\/\/www.tetedechat.com\/blog\/photoblog\/2015\/10\/pigeons_plaza_pedro_d_murillo_la_paz.jpg\" alt=\"\" width=\"800\" height=\"533\" srcset=\"https:\/\/www.tetedechat.com\/blog\/photoblog\/2015\/10\/pigeons_plaza_pedro_d_murillo_la_paz.jpg 800w, https:\/\/www.tetedechat.com\/blog\/photoblog\/2015\/10\/pigeons_plaza_pedro_d_murillo_la_paz-300x200.jpg 300w, https:\/\/www.tetedechat.com\/blog\/photoblog\/2015\/10\/pigeons_plaza_pedro_d_murillo_la_paz-250x167.jpg 250w\" sizes=\"auto, (max-width: 800px) 100vw, 800px\" \/><\/a><\/p>\n<p><a href=\"http:\/\/www.tetedechat.com\/blog\/photoblog\/2015\/10\/plaza_pedro_d_murillo_la_paz_pigeons_fille.jpg\"><img loading=\"lazy\" decoding=\"async\" class=\"alignnone size-full wp-image-18663\" src=\"http:\/\/www.tetedechat.com\/blog\/photoblog\/2015\/10\/plaza_pedro_d_murillo_la_paz_pigeons_fille.jpg\" alt=\"\" width=\"800\" height=\"600\" srcset=\"https:\/\/www.tetedechat.com\/blog\/photoblog\/2015\/10\/plaza_pedro_d_murillo_la_paz_pigeons_fille.jpg 800w, https:\/\/www.tetedechat.com\/blog\/photoblog\/2015\/10\/plaza_pedro_d_murillo_la_paz_pigeons_fille-300x225.jpg 300w, https:\/\/www.tetedechat.com\/blog\/photoblog\/2015\/10\/plaza_pedro_d_murillo_la_paz_pigeons_fille-250x188.jpg 250w\" sizes=\"auto, (max-width: 800px) 100vw, 800px\" \/><\/a><\/p>\n<p><a href=\"http:\/\/www.tetedechat.com\/blog\/photoblog\/2015\/10\/plaza_pedro_d_murillo_la_paz_2.jpg\"><img loading=\"lazy\" decoding=\"async\" class=\"alignnone size-full wp-image-18661\" src=\"http:\/\/www.tetedechat.com\/blog\/photoblog\/2015\/10\/plaza_pedro_d_murillo_la_paz_2.jpg\" alt=\"\" width=\"800\" height=\"600\" srcset=\"https:\/\/www.tetedechat.com\/blog\/photoblog\/2015\/10\/plaza_pedro_d_murillo_la_paz_2.jpg 800w, https:\/\/www.tetedechat.com\/blog\/photoblog\/2015\/10\/plaza_pedro_d_murillo_la_paz_2-300x225.jpg 300w, https:\/\/www.tetedechat.com\/blog\/photoblog\/2015\/10\/plaza_pedro_d_murillo_la_paz_2-250x188.jpg 250w\" sizes=\"auto, (max-width: 800px) 100vw, 800px\" \/><\/a><\/p>\n<p><a href=\"http:\/\/www.tetedechat.com\/blog\/photoblog\/2015\/10\/IMG_9559.jpg\"><img loading=\"lazy\" decoding=\"async\" class=\"alignnone size-full wp-image-18644\" src=\"http:\/\/www.tetedechat.com\/blog\/photoblog\/2015\/10\/IMG_9559.jpg\" alt=\"\" width=\"800\" height=\"533\" srcset=\"https:\/\/www.tetedechat.com\/blog\/photoblog\/2015\/10\/IMG_9559.jpg 800w, https:\/\/www.tetedechat.com\/blog\/photoblog\/2015\/10\/IMG_9559-300x200.jpg 300w, https:\/\/www.tetedechat.com\/blog\/photoblog\/2015\/10\/IMG_9559-250x167.jpg 250w\" sizes=\"auto, (max-width: 800px) 100vw, 800px\" \/><\/a><\/p>\n<p><a href=\"http:\/\/www.tetedechat.com\/blog\/photoblog\/2015\/10\/gardes_plaza_pedro_d_murillo_la_paz.jpg\"><img loading=\"lazy\" decoding=\"async\" class=\"alignnone size-full wp-image-18641\" src=\"http:\/\/www.tetedechat.com\/blog\/photoblog\/2015\/10\/gardes_plaza_pedro_d_murillo_la_paz.jpg\" alt=\"\" width=\"800\" height=\"533\" srcset=\"https:\/\/www.tetedechat.com\/blog\/photoblog\/2015\/10\/gardes_plaza_pedro_d_murillo_la_paz.jpg 800w, https:\/\/www.tetedechat.com\/blog\/photoblog\/2015\/10\/gardes_plaza_pedro_d_murillo_la_paz-300x200.jpg 300w, https:\/\/www.tetedechat.com\/blog\/photoblog\/2015\/10\/gardes_plaza_pedro_d_murillo_la_paz-250x167.jpg 250w\" sizes=\"auto, (max-width: 800px) 100vw, 800px\" \/><\/a><\/p>\n<p><a href=\"http:\/\/www.tetedechat.com\/blog\/photoblog\/2015\/10\/colonnes_plaza_pedro_d_murillo_la_paz.jpg\"><img loading=\"lazy\" decoding=\"async\" class=\"alignnone size-full wp-image-18625\" src=\"http:\/\/www.tetedechat.com\/blog\/photoblog\/2015\/10\/colonnes_plaza_pedro_d_murillo_la_paz.jpg\" alt=\"\" width=\"800\" height=\"533\" srcset=\"https:\/\/www.tetedechat.com\/blog\/photoblog\/2015\/10\/colonnes_plaza_pedro_d_murillo_la_paz.jpg 800w, https:\/\/www.tetedechat.com\/blog\/photoblog\/2015\/10\/colonnes_plaza_pedro_d_murillo_la_paz-300x200.jpg 300w, https:\/\/www.tetedechat.com\/blog\/photoblog\/2015\/10\/colonnes_plaza_pedro_d_murillo_la_paz-250x167.jpg 250w\" sizes=\"auto, (max-width: 800px) 100vw, 800px\" \/><\/a><\/p>\n<p><a href=\"http:\/\/www.tetedechat.com\/blog\/photoblog\/2015\/10\/grafiti_la_paz.jpg\"><img loading=\"lazy\" decoding=\"async\" class=\"alignnone size-full wp-image-18643\" src=\"http:\/\/www.tetedechat.com\/blog\/photoblog\/2015\/10\/grafiti_la_paz.jpg\" alt=\"\" width=\"800\" height=\"533\" srcset=\"https:\/\/www.tetedechat.com\/blog\/photoblog\/2015\/10\/grafiti_la_paz.jpg 800w, https:\/\/www.tetedechat.com\/blog\/photoblog\/2015\/10\/grafiti_la_paz-300x200.jpg 300w, https:\/\/www.tetedechat.com\/blog\/photoblog\/2015\/10\/grafiti_la_paz-250x167.jpg 250w\" sizes=\"auto, (max-width: 800px) 100vw, 800px\" \/><\/a><\/p>\n<p>et le t\u00e9l\u00e9ph\u00e9rique \u00e0 prix d\u00e9fiant toute concurrence a une belle vue \u00e0 offrir.<\/p>\n<p><a href=\"http:\/\/www.tetedechat.com\/blog\/photoblog\/2015\/10\/tickets_telepherique_la_paz.jpg\"><img loading=\"lazy\" decoding=\"async\" class=\"alignnone size-full wp-image-18690\" src=\"http:\/\/www.tetedechat.com\/blog\/photoblog\/2015\/10\/tickets_telepherique_la_paz.jpg\" alt=\"\" width=\"800\" height=\"600\" srcset=\"https:\/\/www.tetedechat.com\/blog\/photoblog\/2015\/10\/tickets_telepherique_la_paz.jpg 800w, https:\/\/www.tetedechat.com\/blog\/photoblog\/2015\/10\/tickets_telepherique_la_paz-300x225.jpg 300w, https:\/\/www.tetedechat.com\/blog\/photoblog\/2015\/10\/tickets_telepherique_la_paz-250x188.jpg 250w\" sizes=\"auto, (max-width: 800px) 100vw, 800px\" \/><\/a><\/p>\n<p><a href=\"http:\/\/www.tetedechat.com\/blog\/photoblog\/2015\/10\/cabines_telepherique_la_paz.jpg\"><img loading=\"lazy\" decoding=\"async\" class=\"alignnone size-full wp-image-18621\" src=\"http:\/\/www.tetedechat.com\/blog\/photoblog\/2015\/10\/cabines_telepherique_la_paz.jpg\" alt=\"\" width=\"800\" height=\"600\" srcset=\"https:\/\/www.tetedechat.com\/blog\/photoblog\/2015\/10\/cabines_telepherique_la_paz.jpg 800w, https:\/\/www.tetedechat.com\/blog\/photoblog\/2015\/10\/cabines_telepherique_la_paz-300x225.jpg 300w, https:\/\/www.tetedechat.com\/blog\/photoblog\/2015\/10\/cabines_telepherique_la_paz-250x188.jpg 250w\" sizes=\"auto, (max-width: 800px) 100vw, 800px\" \/><\/a><\/p>\n<p><a href=\"http:\/\/www.tetedechat.com\/blog\/photoblog\/2015\/10\/telepherique_la_paz.jpg\"><img loading=\"lazy\" decoding=\"async\" class=\"alignnone size-full wp-image-18689\" src=\"http:\/\/www.tetedechat.com\/blog\/photoblog\/2015\/10\/telepherique_la_paz.jpg\" alt=\"\" width=\"800\" height=\"600\" srcset=\"https:\/\/www.tetedechat.com\/blog\/photoblog\/2015\/10\/telepherique_la_paz.jpg 800w, https:\/\/www.tetedechat.com\/blog\/photoblog\/2015\/10\/telepherique_la_paz-300x225.jpg 300w, https:\/\/www.tetedechat.com\/blog\/photoblog\/2015\/10\/telepherique_la_paz-250x188.jpg 250w\" sizes=\"auto, (max-width: 800px) 100vw, 800px\" \/><\/a><\/p>\n<p><a href=\"http:\/\/www.tetedechat.com\/blog\/photoblog\/2015\/10\/vue_montagne_la_paz_2.jpg\"><img loading=\"lazy\" decoding=\"async\" class=\"alignnone size-full wp-image-18695\" src=\"http:\/\/www.tetedechat.com\/blog\/photoblog\/2015\/10\/vue_montagne_la_paz_2.jpg\" alt=\"\" width=\"800\" height=\"533\" srcset=\"https:\/\/www.tetedechat.com\/blog\/photoblog\/2015\/10\/vue_montagne_la_paz_2.jpg 800w, https:\/\/www.tetedechat.com\/blog\/photoblog\/2015\/10\/vue_montagne_la_paz_2-300x200.jpg 300w, https:\/\/www.tetedechat.com\/blog\/photoblog\/2015\/10\/vue_montagne_la_paz_2-250x167.jpg 250w\" sizes=\"auto, (max-width: 800px) 100vw, 800px\" \/><\/a><\/p>\n<p><a href=\"http:\/\/www.tetedechat.com\/blog\/photoblog\/2015\/10\/telepherique_la_paz_ville.jpg\"><img loading=\"lazy\" decoding=\"async\" class=\"alignnone size-full wp-image-18686\" src=\"http:\/\/www.tetedechat.com\/blog\/photoblog\/2015\/10\/telepherique_la_paz_ville.jpg\" alt=\"\" width=\"800\" height=\"533\" srcset=\"https:\/\/www.tetedechat.com\/blog\/photoblog\/2015\/10\/telepherique_la_paz_ville.jpg 800w, https:\/\/www.tetedechat.com\/blog\/photoblog\/2015\/10\/telepherique_la_paz_ville-300x200.jpg 300w, https:\/\/www.tetedechat.com\/blog\/photoblog\/2015\/10\/telepherique_la_paz_ville-250x167.jpg 250w\" sizes=\"auto, (max-width: 800px) 100vw, 800px\" \/><\/a><\/p>\n<p><a href=\"http:\/\/www.tetedechat.com\/blog\/photoblog\/2015\/10\/vue_montagne_buildings_la_paz.jpg\"><img loading=\"lazy\" decoding=\"async\" class=\"alignnone size-full wp-image-18694\" src=\"http:\/\/www.tetedechat.com\/blog\/photoblog\/2015\/10\/vue_montagne_buildings_la_paz.jpg\" alt=\"\" width=\"800\" height=\"533\" srcset=\"https:\/\/www.tetedechat.com\/blog\/photoblog\/2015\/10\/vue_montagne_buildings_la_paz.jpg 800w, https:\/\/www.tetedechat.com\/blog\/photoblog\/2015\/10\/vue_montagne_buildings_la_paz-300x200.jpg 300w, https:\/\/www.tetedechat.com\/blog\/photoblog\/2015\/10\/vue_montagne_buildings_la_paz-250x167.jpg 250w\" sizes=\"auto, (max-width: 800px) 100vw, 800px\" \/><\/a><\/p>\n<p><a href=\"http:\/\/www.tetedechat.com\/blog\/photoblog\/2015\/10\/telepherique_la_paz_moi_2.jpg\"><img loading=\"lazy\" decoding=\"async\" class=\"alignnone size-full wp-image-18684\" src=\"http:\/\/www.tetedechat.com\/blog\/photoblog\/2015\/10\/telepherique_la_paz_moi_2.jpg\" alt=\"\" width=\"800\" height=\"600\" srcset=\"https:\/\/www.tetedechat.com\/blog\/photoblog\/2015\/10\/telepherique_la_paz_moi_2.jpg 800w, https:\/\/www.tetedechat.com\/blog\/photoblog\/2015\/10\/telepherique_la_paz_moi_2-300x225.jpg 300w, https:\/\/www.tetedechat.com\/blog\/photoblog\/2015\/10\/telepherique_la_paz_moi_2-250x188.jpg 250w\" sizes=\"auto, (max-width: 800px) 100vw, 800px\" \/><\/a><\/p>\n<p><a href=\"http:\/\/www.tetedechat.com\/blog\/photoblog\/2015\/10\/telepherique_la_paz_dans_cabine.jpg\"><img loading=\"lazy\" decoding=\"async\" class=\"alignnone size-full wp-image-18681\" src=\"http:\/\/www.tetedechat.com\/blog\/photoblog\/2015\/10\/telepherique_la_paz_dans_cabine.jpg\" alt=\"\" width=\"800\" height=\"533\" srcset=\"https:\/\/www.tetedechat.com\/blog\/photoblog\/2015\/10\/telepherique_la_paz_dans_cabine.jpg 800w, https:\/\/www.tetedechat.com\/blog\/photoblog\/2015\/10\/telepherique_la_paz_dans_cabine-300x200.jpg 300w, https:\/\/www.tetedechat.com\/blog\/photoblog\/2015\/10\/telepherique_la_paz_dans_cabine-250x167.jpg 250w\" sizes=\"auto, (max-width: 800px) 100vw, 800px\" \/><\/a><\/p>\n<p><a href=\"http:\/\/www.tetedechat.com\/blog\/photoblog\/2015\/10\/telepherique_la_paz_cables.jpg\"><img loading=\"lazy\" decoding=\"async\" class=\"alignnone size-full wp-image-18680\" src=\"http:\/\/www.tetedechat.com\/blog\/photoblog\/2015\/10\/telepherique_la_paz_cables.jpg\" alt=\"\" width=\"800\" height=\"533\" srcset=\"https:\/\/www.tetedechat.com\/blog\/photoblog\/2015\/10\/telepherique_la_paz_cables.jpg 800w, https:\/\/www.tetedechat.com\/blog\/photoblog\/2015\/10\/telepherique_la_paz_cables-300x200.jpg 300w, https:\/\/www.tetedechat.com\/blog\/photoblog\/2015\/10\/telepherique_la_paz_cables-250x167.jpg 250w\" sizes=\"auto, (max-width: 800px) 100vw, 800px\" \/><\/a><\/p>\n<p><a href=\"http:\/\/www.tetedechat.com\/blog\/photoblog\/2015\/10\/telepherique_la_paz_cables_2.jpg\"><img loading=\"lazy\" decoding=\"async\" class=\"alignnone size-full wp-image-18679\" src=\"http:\/\/www.tetedechat.com\/blog\/photoblog\/2015\/10\/telepherique_la_paz_cables_2.jpg\" alt=\"\" width=\"800\" height=\"533\" srcset=\"https:\/\/www.tetedechat.com\/blog\/photoblog\/2015\/10\/telepherique_la_paz_cables_2.jpg 800w, https:\/\/www.tetedechat.com\/blog\/photoblog\/2015\/10\/telepherique_la_paz_cables_2-300x200.jpg 300w, https:\/\/www.tetedechat.com\/blog\/photoblog\/2015\/10\/telepherique_la_paz_cables_2-250x167.jpg 250w\" sizes=\"auto, (max-width: 800px) 100vw, 800px\" \/><\/a><\/p>\n<p><a href=\"http:\/\/www.tetedechat.com\/blog\/photoblog\/2015\/10\/vue_fenetre_montagne_la_paz.jpg\"><img loading=\"lazy\" decoding=\"async\" class=\"alignnone size-full wp-image-18693\" src=\"http:\/\/www.tetedechat.com\/blog\/photoblog\/2015\/10\/vue_fenetre_montagne_la_paz.jpg\" alt=\"\" width=\"800\" height=\"533\" srcset=\"https:\/\/www.tetedechat.com\/blog\/photoblog\/2015\/10\/vue_fenetre_montagne_la_paz.jpg 800w, https:\/\/www.tetedechat.com\/blog\/photoblog\/2015\/10\/vue_fenetre_montagne_la_paz-300x200.jpg 300w, https:\/\/www.tetedechat.com\/blog\/photoblog\/2015\/10\/vue_fenetre_montagne_la_paz-250x167.jpg 250w\" sizes=\"auto, (max-width: 800px) 100vw, 800px\" \/><\/a><\/p>\n<p><a href=\"http:\/\/www.tetedechat.com\/blog\/photoblog\/2015\/10\/la_paz_vue_moi.jpg\"><img loading=\"lazy\" decoding=\"async\" class=\"alignnone size-full wp-image-18651\" src=\"http:\/\/www.tetedechat.com\/blog\/photoblog\/2015\/10\/la_paz_vue_moi.jpg\" alt=\"\" width=\"800\" height=\"533\" srcset=\"https:\/\/www.tetedechat.com\/blog\/photoblog\/2015\/10\/la_paz_vue_moi.jpg 800w, https:\/\/www.tetedechat.com\/blog\/photoblog\/2015\/10\/la_paz_vue_moi-300x200.jpg 300w, https:\/\/www.tetedechat.com\/blog\/photoblog\/2015\/10\/la_paz_vue_moi-250x167.jpg 250w\" sizes=\"auto, (max-width: 800px) 100vw, 800px\" \/><\/a><\/p>\n<p><a href=\"http:\/\/www.tetedechat.com\/blog\/photoblog\/2015\/10\/el_alto_la_paz.jpg\"><img loading=\"lazy\" decoding=\"async\" class=\"alignnone size-full wp-image-18634\" src=\"http:\/\/www.tetedechat.com\/blog\/photoblog\/2015\/10\/el_alto_la_paz.jpg\" alt=\"\" width=\"800\" height=\"600\" srcset=\"https:\/\/www.tetedechat.com\/blog\/photoblog\/2015\/10\/el_alto_la_paz.jpg 800w, https:\/\/www.tetedechat.com\/blog\/photoblog\/2015\/10\/el_alto_la_paz-300x225.jpg 300w, https:\/\/www.tetedechat.com\/blog\/photoblog\/2015\/10\/el_alto_la_paz-250x188.jpg 250w\" sizes=\"auto, (max-width: 800px) 100vw, 800px\" \/><\/a><\/p>\n<p><a href=\"http:\/\/www.tetedechat.com\/blog\/photoblog\/2015\/10\/la_paz_rue.jpg\"><img loading=\"lazy\" decoding=\"async\" class=\"alignnone size-full wp-image-18650\" src=\"http:\/\/www.tetedechat.com\/blog\/photoblog\/2015\/10\/la_paz_rue.jpg\" alt=\"\" width=\"800\" height=\"600\" srcset=\"https:\/\/www.tetedechat.com\/blog\/photoblog\/2015\/10\/la_paz_rue.jpg 800w, https:\/\/www.tetedechat.com\/blog\/photoblog\/2015\/10\/la_paz_rue-300x225.jpg 300w, https:\/\/www.tetedechat.com\/blog\/photoblog\/2015\/10\/la_paz_rue-250x188.jpg 250w\" sizes=\"auto, (max-width: 800px) 100vw, 800px\" \/><\/a><\/p>\n<p>J&rsquo;aime bien aussi leur man\u00e8ges \u00ab\u00a0fait maison\u00a0\u00bb :<\/p>\n<p><a href=\"http:\/\/www.tetedechat.com\/blog\/photoblog\/2015\/10\/manege_local_la_paz.jpg\"><img loading=\"lazy\" decoding=\"async\" class=\"alignnone size-full wp-image-18653\" src=\"http:\/\/www.tetedechat.com\/blog\/photoblog\/2015\/10\/manege_local_la_paz.jpg\" alt=\"\" width=\"800\" height=\"600\" srcset=\"https:\/\/www.tetedechat.com\/blog\/photoblog\/2015\/10\/manege_local_la_paz.jpg 800w, https:\/\/www.tetedechat.com\/blog\/photoblog\/2015\/10\/manege_local_la_paz-300x225.jpg 300w, https:\/\/www.tetedechat.com\/blog\/photoblog\/2015\/10\/manege_local_la_paz-250x188.jpg 250w\" sizes=\"auto, (max-width: 800px) 100vw, 800px\" \/><\/a><\/p>\n<p>qu&rsquo;on tourne \u00e0 la force des bras&#8230;<\/p>\n<p><a href=\"http:\/\/www.tetedechat.com\/blog\/photoblog\/2015\/10\/manege_local_la_paz_2.jpg\"><img loading=\"lazy\" decoding=\"async\" class=\"alignnone size-full wp-image-18652\" src=\"http:\/\/www.tetedechat.com\/blog\/photoblog\/2015\/10\/manege_local_la_paz_2.jpg\" alt=\"\" width=\"800\" height=\"600\" srcset=\"https:\/\/www.tetedechat.com\/blog\/photoblog\/2015\/10\/manege_local_la_paz_2.jpg 800w, https:\/\/www.tetedechat.com\/blog\/photoblog\/2015\/10\/manege_local_la_paz_2-300x225.jpg 300w, https:\/\/www.tetedechat.com\/blog\/photoblog\/2015\/10\/manege_local_la_paz_2-250x188.jpg 250w\" sizes=\"auto, (max-width: 800px) 100vw, 800px\" \/><\/a><\/p>\n<p>Les publicit\u00e9s non autoris\u00e9es, me font aussi sourire&#8230;<\/p>\n<p><a href=\"http:\/\/www.tetedechat.com\/blog\/photoblog\/2015\/10\/publicite_interdite_la_paz.jpg\"><img loading=\"lazy\" decoding=\"async\" class=\"alignnone size-full wp-image-18671\" src=\"http:\/\/www.tetedechat.com\/blog\/photoblog\/2015\/10\/publicite_interdite_la_paz.jpg\" alt=\"\" width=\"800\" height=\"533\" srcset=\"https:\/\/www.tetedechat.com\/blog\/photoblog\/2015\/10\/publicite_interdite_la_paz.jpg 800w, https:\/\/www.tetedechat.com\/blog\/photoblog\/2015\/10\/publicite_interdite_la_paz-300x200.jpg 300w, https:\/\/www.tetedechat.com\/blog\/photoblog\/2015\/10\/publicite_interdite_la_paz-250x167.jpg 250w\" sizes=\"auto, (max-width: 800px) 100vw, 800px\" \/><\/a><\/p>\n<p>Ils n&rsquo;ont m\u00eame plus le droit de mettre une enseigne sans devoir payer une taxe.<\/p>\n<p><a href=\"http:\/\/www.tetedechat.com\/blog\/photoblog\/2015\/10\/publicite_interdite_la_paz_3.jpg\"><img loading=\"lazy\" decoding=\"async\" class=\"alignnone size-full wp-image-18669\" src=\"http:\/\/www.tetedechat.com\/blog\/photoblog\/2015\/10\/publicite_interdite_la_paz_3.jpg\" alt=\"\" width=\"800\" height=\"600\" srcset=\"https:\/\/www.tetedechat.com\/blog\/photoblog\/2015\/10\/publicite_interdite_la_paz_3.jpg 800w, https:\/\/www.tetedechat.com\/blog\/photoblog\/2015\/10\/publicite_interdite_la_paz_3-300x225.jpg 300w, https:\/\/www.tetedechat.com\/blog\/photoblog\/2015\/10\/publicite_interdite_la_paz_3-250x188.jpg 250w\" sizes=\"auto, (max-width: 800px) 100vw, 800px\" \/><\/a><\/p>\n<p><a href=\"http:\/\/www.tetedechat.com\/blog\/photoblog\/2015\/10\/publicite_interdite_la_paz_2.jpg\"><img loading=\"lazy\" decoding=\"async\" class=\"alignnone size-full wp-image-18668\" src=\"http:\/\/www.tetedechat.com\/blog\/photoblog\/2015\/10\/publicite_interdite_la_paz_2.jpg\" alt=\"\" width=\"800\" height=\"533\" srcset=\"https:\/\/www.tetedechat.com\/blog\/photoblog\/2015\/10\/publicite_interdite_la_paz_2.jpg 800w, https:\/\/www.tetedechat.com\/blog\/photoblog\/2015\/10\/publicite_interdite_la_paz_2-300x200.jpg 300w, https:\/\/www.tetedechat.com\/blog\/photoblog\/2015\/10\/publicite_interdite_la_paz_2-250x167.jpg 250w\" sizes=\"auto, (max-width: 800px) 100vw, 800px\" \/><\/a><\/p>\n<p>Mais je suis d\u00e9\u00e7u, je m&rsquo;attendais \u00e0 autre chose. J&rsquo;\u00e9tais pr\u00eat \u00e0 quitter les lieux, lorsqu&rsquo;une petite voix m&rsquo;a convaincu de donner une autre perspective \u00e0 ce jugement trop attife. Pour ce faire, je vais prendre un tour, oui un tour, moi qui les hais tellement ! Mais celui-ci est diff\u00e9rent, d&rsquo;un il est gratuit, et de deux, pas de \u00ab\u00a0visite\u00a0\u00bb ou \u00ab\u00a0aventure\u00a0\u00bb, juste une promenade dans les rues de la ville, avec explications et petites histoires sur le pays. Franchement un r\u00e9gale !<br \/>\nJe vais vous raconter quelques unes des anecdotes, de quoi rendre La Paz tr\u00e8s int\u00e9ressante.<br \/>\nCommen\u00e7ons par la prison, une prison si incroyable\/unique\/passionnante que Brad Pitt en personne a r\u00e9clam\u00e9 les droits pour pouvoir en \u00e9crire un film (d&rsquo;apr\u00e8s les dires\u2026).<\/p>\n<p><a href=\"http:\/\/www.tetedechat.com\/blog\/photoblog\/2015\/10\/prison_la_paz.jpg\"><img loading=\"lazy\" decoding=\"async\" class=\"alignnone size-full wp-image-18667\" src=\"http:\/\/www.tetedechat.com\/blog\/photoblog\/2015\/10\/prison_la_paz.jpg\" alt=\"\" width=\"800\" height=\"533\" srcset=\"https:\/\/www.tetedechat.com\/blog\/photoblog\/2015\/10\/prison_la_paz.jpg 800w, https:\/\/www.tetedechat.com\/blog\/photoblog\/2015\/10\/prison_la_paz-300x200.jpg 300w, https:\/\/www.tetedechat.com\/blog\/photoblog\/2015\/10\/prison_la_paz-250x167.jpg 250w\" sizes=\"auto, (max-width: 800px) 100vw, 800px\" \/><\/a><\/p>\n<p>Une prison o\u00f9 on paye un loyer, si, qui va de 12Bs par mois pour un lit dans un dortoir de 12, \u00e0 5000Bs\/mois pour un logement deux \u00e9tages avec jacuzzi\u2026 Ici les prisonniers font leurs r\u00e8gles, les gardiens (peu nombreux) ne servent que pour le d\u00e9cors. Il s&rsquo;y trouve des magasins, des restaurants, et les prostitu\u00e9es sont aussi bienvenues&#8230; Il y a m\u00eame des exclusivit\u00e9s pour certaines marques, comme Coca-Cola qui vient livrer chaque semaine.<br \/>\nLa ge\u00f4le se partage en 8 districts, chacun dirig\u00e9 par un prisonnier \u00e9lu \u2026par les autres prisonniers. M\u00eame les familles peuvent vivre avec eux. Le loyer est pay\u00e9 gr\u00e2ce aux objets qu&rsquo;ils fabriquent en taule, ou avec la coca\u00efne qu&rsquo;ils continuent \u00e0 trafiquer. Pour les gros loyers, seuls les anciens politique qui s&rsquo;en sont mit plein les fouilles peuvent y pr\u00e9tendre, ou les \u00ab\u00a0anciens\u00a0\u00bb barons de la drogue.<br \/>\nJusqu&rsquo;\u00e0 peu il \u00e9tait possible de la visiter, malheureusement 80% des visites avaient comme but \u2026acheter de la coca\u00efne \u00e0 moindre prix. Comme vous vous imaginez, les choses ont vite d\u00e9g\u00e9n\u00e9r\u00e9 (plusieurs cas de viols par ex.), alors l&rsquo;acc\u00e8s a \u00e9t\u00e9 ferm\u00e9 aux \u00e9trangers.<br \/>\nMaintenant pour les plus t\u00e9m\u00e9raires (et curieux), comme dit pr\u00e9c\u00e9demment, les gardiens ne sont ni l\u00e9gions, ni autoritaires, alors avec un petit bakchich, il est toujours possible d&rsquo;y p\u00e9n\u00e9trer, mais c&rsquo;est largement d\u00e9conseill\u00e9. La plupart du temps \u00e7a fini mal, genre : vous \u00eates d\u00e9pouill\u00e9 de tous vos biens sur place, ou suivi (gr\u00e2ce \u00e0 des photos qu&rsquo;ils prennent de vous en prison), et donc d\u00e9pouill\u00e9 aussi \u00e0 votre h\u00f4tel, o\u00f9 encore comme ces deux \u00e9cossais qui ont tent\u00e9 l&rsquo;aventure, et ce sont retrouv\u00e9s \u00e0 poil au \u2026Chili. Alors, \u00e0 vos risques et p\u00e9rils !<br \/>\nJe finirai, en vous pr\u00e9cisant que cette prison si sp\u00e9ciale ne contient aucuns meurtriers (rassurant, non ?).<\/p>\n<p>Passons aux chapeaux. Ne vous vous \u00eates jamais demand\u00e9 : \u00ab\u00a0Mais pourquoi ces chapeaux melons en Am\u00e9rique du Sud ?\u00a0\u00bb, plusieurs explications sont donn\u00e9es, mais je vais vous partager la plus probable.<\/p>\n<figure id=\"attachment_18682\" aria-describedby=\"caption-attachment-18682\" style=\"width: 800px\" class=\"wp-caption alignnone\"><a href=\"http:\/\/www.tetedechat.com\/blog\/photoblog\/2015\/10\/telepherique_la_paz_groupe_moi.jpg\"><img loading=\"lazy\" decoding=\"async\" class=\"wp-image-18682 size-full\" src=\"http:\/\/www.tetedechat.com\/blog\/photoblog\/2015\/10\/telepherique_la_paz_groupe_moi.jpg\" alt=\"\" width=\"800\" height=\"600\" srcset=\"https:\/\/www.tetedechat.com\/blog\/photoblog\/2015\/10\/telepherique_la_paz_groupe_moi.jpg 800w, https:\/\/www.tetedechat.com\/blog\/photoblog\/2015\/10\/telepherique_la_paz_groupe_moi-300x225.jpg 300w, https:\/\/www.tetedechat.com\/blog\/photoblog\/2015\/10\/telepherique_la_paz_groupe_moi-250x188.jpg 250w\" sizes=\"auto, (max-width: 800px) 100vw, 800px\" \/><\/a><figcaption id=\"caption-attachment-18682\" class=\"wp-caption-text\">Ici, un exemple des ces coiffures<\/figcaption><\/figure>\n<p>Une compagnie (je ne me rappel plus de son nom) avait command\u00e9 en Italie dix milles chapeaux, en omettant de donner une taille.<br \/>\nLa fabrique italienne, au lieu de demander des pr\u00e9cisions, s&rsquo;est dit : \u00ab\u00a0Bon\u2026 ce sont des sud am\u00e9ricains, il sont petits, il doivent aussi avoir de petites t\u00eates, allez 10000 pi\u00e8ces de petite taille !\u00a0\u00bb<br \/>\nM\u00eame si il est vrai que la population est plut\u00f4t de petite taille, leurs tour de t\u00eate ne l&rsquo;est absolument pas ! Alors que faire avec tous ces chapeaux invendables\/inutiles ? Il fallait les rendre d\u00e9sirables, une id\u00e9e de g\u00e9nie passa \u00e0 travers la t\u00eate d&rsquo;un des commerciaux. Il prit quelques jolies mod\u00e8les leur mit un de ces chapeau sur la t\u00eate, f\u00eet des tonnes de tirages de leur portraits, les photos se r\u00e9pandirent comme une tra\u00een\u00e9e de poudre, et l&rsquo;effet f\u00fbt plus qu&rsquo;attendu, toutes les femmes du pays en voulaient, cela s&rsquo;arrachait comme des petits pains, tellement qui ont d\u00fb refaire une commande, puis deux, puis trois, la tradition \u00e9tait lanc\u00e9e.<\/p>\n<p>Le tour nous fait passer par le march\u00e9 noir (Mercado Negro), que j&rsquo;avais d\u00e9j\u00e0 visit\u00e9, mais cette fois-ci : Explications !<\/p>\n<p><a href=\"http:\/\/www.tetedechat.com\/blog\/photoblog\/2015\/10\/offrandes_marche_negro.jpg\"><img loading=\"lazy\" decoding=\"async\" class=\"alignnone size-full wp-image-18658\" src=\"http:\/\/www.tetedechat.com\/blog\/photoblog\/2015\/10\/offrandes_marche_negro.jpg\" alt=\"\" width=\"800\" height=\"600\" srcset=\"https:\/\/www.tetedechat.com\/blog\/photoblog\/2015\/10\/offrandes_marche_negro.jpg 800w, https:\/\/www.tetedechat.com\/blog\/photoblog\/2015\/10\/offrandes_marche_negro-300x225.jpg 300w, https:\/\/www.tetedechat.com\/blog\/photoblog\/2015\/10\/offrandes_marche_negro-250x188.jpg 250w\" sizes=\"auto, (max-width: 800px) 100vw, 800px\" \/><\/a><\/p>\n<p><a href=\"http:\/\/www.tetedechat.com\/blog\/photoblog\/2015\/10\/offrandes_marche_negro_2.jpg\"><img loading=\"lazy\" decoding=\"async\" class=\"alignnone size-full wp-image-18657\" src=\"http:\/\/www.tetedechat.com\/blog\/photoblog\/2015\/10\/offrandes_marche_negro_2.jpg\" alt=\"\" width=\"800\" height=\"533\" srcset=\"https:\/\/www.tetedechat.com\/blog\/photoblog\/2015\/10\/offrandes_marche_negro_2.jpg 800w, https:\/\/www.tetedechat.com\/blog\/photoblog\/2015\/10\/offrandes_marche_negro_2-300x200.jpg 300w, https:\/\/www.tetedechat.com\/blog\/photoblog\/2015\/10\/offrandes_marche_negro_2-250x167.jpg 250w\" sizes=\"auto, (max-width: 800px) 100vw, 800px\" \/><\/a><\/p>\n<p>Dans ce march\u00e9, que je pourrais appeler \u00ab\u00a0De la Sorcellerie\u00a0\u00bb ont trouve de tout, du filtre d&rsquo;amour, aux offrandes, en passant par les f\u00e9tus de lama.<br \/>\nAlors \u00e0 qui\/quoi servent ces f\u00e9tus ? Ils font partie des offrandes, les offrandes sont donn\u00e9s pour la p\u00e9rennit\u00e9 d&rsquo;un v\u00e9hicule, ou d&rsquo;un \u00e9difice. Mais les offrandes de nourriture et d&rsquo;alcool, comme vous pouvez le voir sur ces photos ne suffisent pas pour la construction de gros b\u00e2timents, il faut un \u00eatre vivant en plus, le f\u00e9tus de lama. Maintenant, si c&rsquo;est un grand \u00e9difice, type galerie marchande, le lama ne suffira pas, il faut quelque chose de plus gros, quoi ? Vous ne devinez pas ? Oui, un humain&#8230;<\/p>\n<p><a href=\"http:\/\/www.tetedechat.com\/blog\/photoblog\/2015\/10\/foetus_lama_marche_negro.jpg\"><img loading=\"lazy\" decoding=\"async\" class=\"alignnone size-full wp-image-18640\" src=\"http:\/\/www.tetedechat.com\/blog\/photoblog\/2015\/10\/foetus_lama_marche_negro.jpg\" alt=\"\" width=\"800\" height=\"600\" srcset=\"https:\/\/www.tetedechat.com\/blog\/photoblog\/2015\/10\/foetus_lama_marche_negro.jpg 800w, https:\/\/www.tetedechat.com\/blog\/photoblog\/2015\/10\/foetus_lama_marche_negro-300x225.jpg 300w, https:\/\/www.tetedechat.com\/blog\/photoblog\/2015\/10\/foetus_lama_marche_negro-250x188.jpg 250w\" sizes=\"auto, (max-width: 800px) 100vw, 800px\" \/><\/a><\/p>\n<p><a href=\"http:\/\/www.tetedechat.com\/blog\/photoblog\/2015\/10\/foetus_lama_marche_negro_offrande.jpg\"><img loading=\"lazy\" decoding=\"async\" class=\"alignnone size-full wp-image-18639\" src=\"http:\/\/www.tetedechat.com\/blog\/photoblog\/2015\/10\/foetus_lama_marche_negro_offrande.jpg\" alt=\"\" width=\"800\" height=\"600\" srcset=\"https:\/\/www.tetedechat.com\/blog\/photoblog\/2015\/10\/foetus_lama_marche_negro_offrande.jpg 800w, https:\/\/www.tetedechat.com\/blog\/photoblog\/2015\/10\/foetus_lama_marche_negro_offrande-300x225.jpg 300w, https:\/\/www.tetedechat.com\/blog\/photoblog\/2015\/10\/foetus_lama_marche_negro_offrande-250x188.jpg 250w\" sizes=\"auto, (max-width: 800px) 100vw, 800px\" \/><\/a><\/p>\n<p><a href=\"http:\/\/www.tetedechat.com\/blog\/photoblog\/2015\/10\/foetus_lama_marche_negro_4.jpg\"><img loading=\"lazy\" decoding=\"async\" class=\"alignnone size-full wp-image-18638\" src=\"http:\/\/www.tetedechat.com\/blog\/photoblog\/2015\/10\/foetus_lama_marche_negro_4.jpg\" alt=\"\" width=\"800\" height=\"533\" srcset=\"https:\/\/www.tetedechat.com\/blog\/photoblog\/2015\/10\/foetus_lama_marche_negro_4.jpg 800w, https:\/\/www.tetedechat.com\/blog\/photoblog\/2015\/10\/foetus_lama_marche_negro_4-300x200.jpg 300w, https:\/\/www.tetedechat.com\/blog\/photoblog\/2015\/10\/foetus_lama_marche_negro_4-250x167.jpg 250w\" sizes=\"auto, (max-width: 800px) 100vw, 800px\" \/><\/a><\/p>\n<p>Alors comment fait-on ? Pr\u00e8s du cimeti\u00e8re ils trouvent un SDF \u00e0 qui ils offrent de l&rsquo;alcool (\u00e0 90\u00ba) m\u00e9lang\u00e9 \u00e0 du jus de fruit, une fois bien saoul\u00e9 ils emm\u00e8nent le pauvre homme sur le lieu de construction, le mettent de un trou et commencent la construction, \u00e0 ce moment le bougre est toujours vivant, la suite ? Rien d&rsquo;officiel, mais la l\u00e9gende urbaine dit qu&rsquo;ils l&rsquo;enterrent vivant\u2026 Les anthropologues locaux quant \u00e0 eux, disent que le dernier corps retrouv\u00e9 remonte \u00e0 1978.<\/p>\n<p><a href=\"http:\/\/www.tetedechat.com\/blog\/photoblog\/2015\/10\/foetus_lama_marche_negro_3.jpg\"><img loading=\"lazy\" decoding=\"async\" class=\"alignnone size-full wp-image-18637\" src=\"http:\/\/www.tetedechat.com\/blog\/photoblog\/2015\/10\/foetus_lama_marche_negro_3.jpg\" alt=\"\" width=\"800\" height=\"533\" srcset=\"https:\/\/www.tetedechat.com\/blog\/photoblog\/2015\/10\/foetus_lama_marche_negro_3.jpg 800w, https:\/\/www.tetedechat.com\/blog\/photoblog\/2015\/10\/foetus_lama_marche_negro_3-300x200.jpg 300w, https:\/\/www.tetedechat.com\/blog\/photoblog\/2015\/10\/foetus_lama_marche_negro_3-250x167.jpg 250w\" sizes=\"auto, (max-width: 800px) 100vw, 800px\" \/><\/a><\/p>\n<p><a href=\"http:\/\/www.tetedechat.com\/blog\/photoblog\/2015\/10\/foetus_lama_marche_negro_2.jpg\"><img loading=\"lazy\" decoding=\"async\" class=\"alignnone size-full wp-image-18636\" src=\"http:\/\/www.tetedechat.com\/blog\/photoblog\/2015\/10\/foetus_lama_marche_negro_2.jpg\" alt=\"\" width=\"800\" height=\"600\" srcset=\"https:\/\/www.tetedechat.com\/blog\/photoblog\/2015\/10\/foetus_lama_marche_negro_2.jpg 800w, https:\/\/www.tetedechat.com\/blog\/photoblog\/2015\/10\/foetus_lama_marche_negro_2-300x225.jpg 300w, https:\/\/www.tetedechat.com\/blog\/photoblog\/2015\/10\/foetus_lama_marche_negro_2-250x188.jpg 250w\" sizes=\"auto, (max-width: 800px) 100vw, 800px\" \/><\/a><\/p>\n<p>Mais rien ne dit que la tradition s&rsquo;est arr\u00eat\u00e9e, c&rsquo;est juste plus risqu\u00e9, car aujourd&rsquo;hui (et heureusement) c&rsquo;est interdit par la loi. Quand bien m\u00eame, on nous a vivement conseill\u00e9 de ne pas se bourrer la tronche dans les bars locaux, sp\u00e9cialement si les verres sont offerts\u2026<br \/>\nEn ce qui concerne \u00ab\u00a0les potions magiques\u00a0\u00bb, la plus connue est la poudre d&rsquo;amour, que l&rsquo;on souffle sur la nuque de la ou du d\u00e9sir\u00e9(e), ou encore la poudre \u00ab\u00a0sexe\u00a0\u00bb \u00e0 glisser dans la culotte, certaine \u00ab\u00a0potions\u00a0\u00bb \u00e9taient vendues en promettant des performances sexuelles miraculeuses, malheureusement elle f\u00eet des dizaines de morts, car la mixture \u00e9tait pr\u00e9par\u00e9 \u00e0 partir de m\u00e9dicaments pour les \u2026chevaux.<\/p>\n<p><a href=\"http:\/\/www.tetedechat.com\/blog\/photoblog\/2015\/10\/foetus_lama_blancs_marche_negro.jpg\"><img loading=\"lazy\" decoding=\"async\" class=\"alignnone size-full wp-image-18635\" src=\"http:\/\/www.tetedechat.com\/blog\/photoblog\/2015\/10\/foetus_lama_blancs_marche_negro.jpg\" alt=\"\" width=\"800\" height=\"600\" srcset=\"https:\/\/www.tetedechat.com\/blog\/photoblog\/2015\/10\/foetus_lama_blancs_marche_negro.jpg 800w, https:\/\/www.tetedechat.com\/blog\/photoblog\/2015\/10\/foetus_lama_blancs_marche_negro-300x225.jpg 300w, https:\/\/www.tetedechat.com\/blog\/photoblog\/2015\/10\/foetus_lama_blancs_marche_negro-250x188.jpg 250w\" sizes=\"auto, (max-width: 800px) 100vw, 800px\" \/><\/a><\/p>\n<p>Terminons ce petit tour de la ville, en parlant des dirigeants qui se sont succ\u00e9d\u00e9s. Il faut savoir que pour longtemps, c&rsquo;est la loi du plus fort qui r\u00e9gnait en Bolivie, pas de vote, juste un gars qui arrivait et se proclamait pr\u00e9sident, jusqu&rsquo;\u00e0 qu&rsquo;un autre d\u00e9cide de le tuer et de prendre sa place.<\/p>\n<p><a href=\"http:\/\/www.tetedechat.com\/blog\/photoblog\/2015\/10\/plaza_pedro_d_murillo_la_paz_impact_de_balle.jpg\"><img loading=\"lazy\" decoding=\"async\" class=\"alignnone size-full wp-image-18662\" src=\"http:\/\/www.tetedechat.com\/blog\/photoblog\/2015\/10\/plaza_pedro_d_murillo_la_paz_impact_de_balle.jpg\" alt=\"\" width=\"800\" height=\"533\" srcset=\"https:\/\/www.tetedechat.com\/blog\/photoblog\/2015\/10\/plaza_pedro_d_murillo_la_paz_impact_de_balle.jpg 800w, https:\/\/www.tetedechat.com\/blog\/photoblog\/2015\/10\/plaza_pedro_d_murillo_la_paz_impact_de_balle-300x200.jpg 300w, https:\/\/www.tetedechat.com\/blog\/photoblog\/2015\/10\/plaza_pedro_d_murillo_la_paz_impact_de_balle-250x167.jpg 250w\" sizes=\"auto, (max-width: 800px) 100vw, 800px\" \/><\/a><\/p>\n<p><em>Quelques \u00ab\u00a0souvenirs\u00a0\u00bb, impacts de balles des derniers coups d&rsquo;\u00e9tat<\/em><\/p>\n<p><a href=\"http:\/\/www.tetedechat.com\/blog\/photoblog\/2015\/10\/impact_de_balle_prison_plaza_pedro_d_murillo_la_paz.jpg\"><img loading=\"lazy\" decoding=\"async\" class=\"alignnone size-full wp-image-18647\" src=\"http:\/\/www.tetedechat.com\/blog\/photoblog\/2015\/10\/impact_de_balle_prison_plaza_pedro_d_murillo_la_paz.jpg\" alt=\"\" width=\"800\" height=\"533\" srcset=\"https:\/\/www.tetedechat.com\/blog\/photoblog\/2015\/10\/impact_de_balle_prison_plaza_pedro_d_murillo_la_paz.jpg 800w, https:\/\/www.tetedechat.com\/blog\/photoblog\/2015\/10\/impact_de_balle_prison_plaza_pedro_d_murillo_la_paz-300x200.jpg 300w, https:\/\/www.tetedechat.com\/blog\/photoblog\/2015\/10\/impact_de_balle_prison_plaza_pedro_d_murillo_la_paz-250x167.jpg 250w\" sizes=\"auto, (max-width: 800px) 100vw, 800px\" \/><\/a><\/p>\n<p>Un de ces oiseaux marqua plus les esprits que les autres, un vrai sauvage, alcool et orgies \u00e9tait son quotidien. Il a r\u00e9ussit recevoir une d\u00e9claration de guerre par la reine d&rsquo;Angleterre en personne ! Le jour o\u00f9 le 1er ministre anglais v\u00eet faire un tour en Bolivie, il passa par la case \u00ab\u00a0pr\u00e9sident\u00a0\u00bb. D\u00e8s son entr\u00e9e, il lui offr\u00eet un verre d&rsquo;alcool, l&rsquo;anglais refusa poliment, alors le pr\u00e9sident fou de rage lui pr\u00e9senta un \u00e9norme bol de cacao et sous la menace de son pistolet, le for\u00e7a \u00e0 tout boire, puis l&rsquo;attacha sur un \u00e2ne pour lui faire plusieurs tours de la place, en criant \u00ab\u00a0Personne au monde ne refuse de prendre un verre avec moi !!!\u00a0\u00bb<\/p>\n<p><a href=\"http:\/\/www.tetedechat.com\/blog\/photoblog\/2015\/10\/impact_de_balle_plaza_pedro_d_murillo_la_paz.jpg\"><img loading=\"lazy\" decoding=\"async\" class=\"alignnone size-full wp-image-18646\" src=\"http:\/\/www.tetedechat.com\/blog\/photoblog\/2015\/10\/impact_de_balle_plaza_pedro_d_murillo_la_paz.jpg\" alt=\"\" width=\"800\" height=\"533\" srcset=\"https:\/\/www.tetedechat.com\/blog\/photoblog\/2015\/10\/impact_de_balle_plaza_pedro_d_murillo_la_paz.jpg 800w, https:\/\/www.tetedechat.com\/blog\/photoblog\/2015\/10\/impact_de_balle_plaza_pedro_d_murillo_la_paz-300x200.jpg 300w, https:\/\/www.tetedechat.com\/blog\/photoblog\/2015\/10\/impact_de_balle_plaza_pedro_d_murillo_la_paz-250x167.jpg 250w\" sizes=\"auto, (max-width: 800px) 100vw, 800px\" \/><\/a><\/p>\n<p>Cet homme avait aussi une grande admiration pour \u2026la France, allez savoir pourquoi. Alors, quand les allemands nous envahirent, il envoya ses troupes pour nous aider, comment cela se fait que nous en aillons jamais entendu parler ? Parce-que pour ce faire, ils les a envoy\u00e9 \u00e0 travers la jungle amazonienne\u2026 Si, c&rsquo;est par l\u00e0 que les troupes devaient atteindre l&rsquo;Europe, logique\u2026 Bien entendu, fiasco total.<\/p>\n<p>Le pr\u00e9sident 2001-2003 \u00e9tait aussi une belle ordure. Il a privatis\u00e9 95% du patrimoine, et fait d&rsquo;\u00e9norme cr\u00e9dit, plongeant le pays sous une dette abyssal. Comme il \u00e9tait impossible de rembourser, il cr\u00e9a une taxe de 5$\/mois pour chaque habitant, sachant que c&rsquo;\u00e9tait pr\u00e8s de 10% de leur salaires\u2026 Quand le peuple s&rsquo;est (enfin !) lev\u00e9 pour protester, et virer cet individu, il demanda \u00e0 la police de l&rsquo;aider, mais la police, comme les autres, devaient aussi payer cette taxe, alors vous vous imaginez leur r\u00e9ponse. Dernier recours, les militaires, eux n&rsquo;ont pas \u00e0 payer, et en g\u00e9n\u00e9ral, ils ont de meilleurs salaires, ils l&rsquo;ont donc aid\u00e9 \u00e0 s&rsquo;\u00e9chapper, mais avant de partir, en h\u00e9licopt\u00e8re avec son 1er ministre, il vida la moiti\u00e9 de la tr\u00e9sorerie national, puis s&rsquo;est rapatri\u00e9 aux USA (il a la double nationalit\u00e9), la proc\u00e9dure est toujours en cours, mais pour l&rsquo;instant il se la coule douce chez les \u00ab\u00a0yankees\u00a0\u00bb.<\/p>\n<p>Enfin, leur dernier pr\u00e9sident, premier pr\u00e9sident indig\u00e8ne, et surtout premier pr\u00e9sident \u00e0 avoir \u00e9t\u00e9 \u00e9lu officiellement \u00e0 54% (car avant les partis se redistribuaient les voix, si si, genre X 22%, Y 33%, Z 40% et 5% de nulle, alors X vendait \u00e0 Y ou Z, et vis-et-versa, et le pr\u00e9sident \u00e9tait nomm\u00e9 de cette fa\u00e7on, imaginez \u00e7a en France, l&rsquo;extr\u00eame gauche qui file ses voix \u00e0 la droite (ou autre) pour les faire passer, du grand n&rsquo;importe quoi).<br \/>\nOn peut dire qu&rsquo;il doit sa victoire \u00e0 l&rsquo;ambassadeur am\u00e9ricain, qui pendant les \u00e9lections avait d\u00e9clar\u00e9 qu&rsquo; \u00ab\u00a0Il \u00e9tait intol\u00e9rable de voter pour un socialiste\u00a0\u00bb, le peuple se sentant offens\u00e9, afflu\u00e2t aux urnes et vota massivement pour le candidat \u2026socialiste. D&rsquo;ailleurs apr\u00e8s les \u00e9lections, Evo (c&rsquo;est son nom) a virer l&rsquo;ambassadeur, et \u00e0 ce jour toujours pas d&rsquo;ambassadeur am\u00e9ricain en Bolivie.<br \/>\nM\u00eame si il a fait de (tr\u00e8s) bonnes choses pour le pays, il est loin d&rsquo;\u00eatre parfait\u2026 D&rsquo;un il s&rsquo;est fait r\u00e9\u00e9lire 3 fois, alors que selon la constitution c&rsquo;est deux fois maximum. Il s&rsquo;est servi du changement de constitution, pour dire \u00ab\u00a0J&rsquo;ai effectu\u00e9 un mandat sur l&rsquo;ancienne, et un mandat sur la nouvelle, donc j&rsquo;ai le droit \u00e0 un nouveau mandat\u00a0\u00bb et c&rsquo;est pass\u00e9\u2026<br \/>\nIl fait aussi des d\u00e9clarations bancales : En plein interview il a d\u00e9clar\u00e9 que manger du poulet rendait homosexuel, et boire du coca faisait perdre les cheveux, il s&rsquo;est excus\u00e9 depuis.<br \/>\nDans une interview an Allemagne, une journaliste lui demanda pourquoi la population bolivienne \u00e9tait si peu nombreuse ?<br \/>\nUne bonne r\u00e9ponse aurait \u00e9t\u00e9 de dire que 65% du territoire est inhabitable, jungle amazoniennes, d\u00e9serts diverses, etc. et que le taux de mortalit\u00e9 en province (malgr\u00e9 l&rsquo;avoir divis\u00e9 par 2) est toujours tr\u00e8s \u00e9lev\u00e9.<br \/>\nMais lui r\u00e9pondit, que c&rsquo;\u00e9tait \u00e0 cause des pr\u00e9servatifs am\u00e9ricains, qu&rsquo;il allait interdire les pr\u00e9servatifs, et qu&rsquo;il va donner une taxe \u00e0 toutes les femmes qui n&rsquo;ont pas encore d&rsquo;enfant \u00e0 l&rsquo;\u00e2ge de 18 ans, ce qui aidera celles qui sont d\u00e9j\u00e0 maman. Bien entendu se f\u00fbt un scandale au pays, il a fallut des dizaines de manifestations pour qu&rsquo;il, enfin, pr\u00e9sente ses excuses, en expliquant qu&rsquo;il n&rsquo;avait pas pens\u00e9 aux MST, mais qu&rsquo;il y a de bons pr\u00e9servatifs en Am\u00e9rique Latine\u2026<br \/>\nSa derni\u00e8re lubie :<br \/>\nEvo a toujours r\u00eav\u00e9 d&rsquo;\u00eatre footballeur, footballeur professionnel. Alors il s&rsquo;est dit \u00ab\u00a0Je suis pr\u00e9sident, je fais ce que je veux, je me d\u00e9clare donc, joueur professionnel de l&rsquo;\u00e9quipe nationale du pays\u00a0\u00bb, rien que \u00e7a\u2026 Il va donc jouer, \u00e0 55 ans, avec les meilleurs joueurs du pays d&rsquo;une moyenne d&rsquo;\u00e2ge de 25\u2026<\/p>\n<p><a href=\"http:\/\/www.tetedechat.com\/blog\/photoblog\/2015\/10\/che_satue_la_paz_2.jpg\"><img loading=\"lazy\" decoding=\"async\" class=\"alignnone size-full wp-image-18622\" src=\"http:\/\/www.tetedechat.com\/blog\/photoblog\/2015\/10\/che_satue_la_paz_2.jpg\" alt=\"\" width=\"800\" height=\"600\" srcset=\"https:\/\/www.tetedechat.com\/blog\/photoblog\/2015\/10\/che_satue_la_paz_2.jpg 800w, https:\/\/www.tetedechat.com\/blog\/photoblog\/2015\/10\/che_satue_la_paz_2-300x225.jpg 300w, https:\/\/www.tetedechat.com\/blog\/photoblog\/2015\/10\/che_satue_la_paz_2-250x188.jpg 250w\" sizes=\"auto, (max-width: 800px) 100vw, 800px\" \/><\/a><\/p>\n<p>Voil\u00e0, quelques anecdotes sur La Paz, mais ils nous ont en dit beaucoup plus en 4h de promenade, si vous passez par l\u00e0, n&rsquo;h\u00e9sitez pas, ils s&rsquo;appellent les \u00ab\u00a0Red Cap\u00a0\u00bb et ne fonctionnent qu&rsquo;aux pourboires, facilement trouvables sur internet . Je ne suis pas fan des tours, et encore moins de leur faire de la pub, mais c&rsquo;est une exception qui confirme la r\u00e8gle.<br \/>\nD&rsquo;ailleurs ma vision de la ville, a depuis, totalement chang\u00e9.<\/p>\n","protected":false},"excerpt":{"rendered":"<p>Apr\u00e8s quelques heures de bus me voici \u00e0 La Paz, franchement \u2026c&rsquo;est assez laid, bruyant, et plut\u00f4t sale.<\/p>\n","protected":false},"author":1,"featured_media":0,"comment_status":"open","ping_status":"open","sticky":false,"template":"","format":"standard","meta":{"_monsterinsights_skip_tracking":false,"_monsterinsights_sitenote_active":false,"_monsterinsights_sitenote_note":"","_monsterinsights_sitenote_category":0,"footnotes":""},"categories":[52,30],"tags":[110,75],"class_list":["post-18619","post","type-post","status-publish","format-standard","hentry","category-dernieres","category-news","tag-bolivie","tag-voyage"],"_links":{"self":[{"href":"https:\/\/www.tetedechat.com\/blog\/index.php\/wp-json\/wp\/v2\/posts\/18619","targetHints":{"allow":["GET"]}}],"collection":[{"href":"https:\/\/www.tetedechat.com\/blog\/index.php\/wp-json\/wp\/v2\/posts"}],"about":[{"href":"https:\/\/www.tetedechat.com\/blog\/index.php\/wp-json\/wp\/v2\/types\/post"}],"author":[{"embeddable":true,"href":"https:\/\/www.tetedechat.com\/blog\/index.php\/wp-json\/wp\/v2\/users\/1"}],"replies":[{"embeddable":true,"href":"https:\/\/www.tetedechat.com\/blog\/index.php\/wp-json\/wp\/v2\/comments?post=18619"}],"version-history":[{"count":6,"href":"https:\/\/www.tetedechat.com\/blog\/index.php\/wp-json\/wp\/v2\/posts\/18619\/revisions"}],"predecessor-version":[{"id":19742,"href":"https:\/\/www.tetedechat.com\/blog\/index.php\/wp-json\/wp\/v2\/posts\/18619\/revisions\/19742"}],"wp:attachment":[{"href":"https:\/\/www.tetedechat.com\/blog\/index.php\/wp-json\/wp\/v2\/media?parent=18619"}],"wp:term":[{"taxonomy":"category","embeddable":true,"href":"https:\/\/www.tetedechat.com\/blog\/index.php\/wp-json\/wp\/v2\/categories?post=18619"},{"taxonomy":"post_tag","embeddable":true,"href":"https:\/\/www.tetedechat.com\/blog\/index.php\/wp-json\/wp\/v2\/tags?post=18619"}],"curies":[{"name":"wp","href":"https:\/\/api.w.org\/{rel}","templated":true}]}}