{"id":20223,"date":"2016-04-28T18:26:37","date_gmt":"2016-04-28T17:26:37","guid":{"rendered":"http:\/\/www.tetedechat.com\/blog\/?p=20223"},"modified":"2016-04-28T18:26:37","modified_gmt":"2016-04-28T17:26:37","slug":"sao-paulo-exposition-ron-mueck","status":"publish","type":"post","link":"https:\/\/www.tetedechat.com\/blog\/index.php\/sao-paulo-exposition-ron-mueck\/","title":{"rendered":"S\u00e3o Paulo et l&rsquo;exposition Ron Mueck"},"content":{"rendered":"<p>S\u00e3o Paulo \u00e9tait pour moi, un incontournable. Cette m\u00e9gapole de 12 millions d&rsquo;habitants est aussi la capitale de l&rsquo;art au Br\u00e9sil.<!--more--> Pourtant je n&rsquo;accroche pas&#8230; Tout est tr\u00e8s cher, de superbes restaurants, mais encore une fois, des prix gargantuesques. On m&rsquo;avait dit de loger dans le quartier Vila Madalena, ce que j&rsquo;ai fait, \u00ab\u00a0\u00c7a bouge bien l\u00e0 bas\u00a0\u00bb mouhais&#8230; Bon d\u00e9j\u00e0 je ne suis pas trop un oiseau de nuit, les bars, boites de nuits sont loin d&rsquo;\u00eatre indispensables dans ma vie, mais surtout tout est payant ! Alors m\u00eame en voulant faire un effort, le prix dissuade vite (jusqu&rsquo;\u00e0 100US$ l&rsquo;entr\u00e9e !).<br \/>\nHeureusement, m\u00eame si rien d&rsquo;exceptionnel, la ville est loin d&rsquo;\u00eatre d\u00e9sagr\u00e9able. Puis les gens sont toujours aussi souriants, et ouverts, j&rsquo;adore tellement les br\u00e9siliens.<br \/>\nAllez comme d&rsquo;habitude, petite visite de la ville en images :<\/p>\n<p><a href=\"http:\/\/www.tetedechat.com\/blog\/photoblog\/2016\/03\/sao_paulo_centre_ville.jpg\" rel=\"attachment wp-att-20287\"><img loading=\"lazy\" decoding=\"async\" class=\"alignnone size-full wp-image-20287\" src=\"http:\/\/www.tetedechat.com\/blog\/photoblog\/2016\/03\/sao_paulo_centre_ville.jpg\" alt=\"\" width=\"800\" height=\"533\" srcset=\"https:\/\/www.tetedechat.com\/blog\/photoblog\/2016\/03\/sao_paulo_centre_ville.jpg 800w, https:\/\/www.tetedechat.com\/blog\/photoblog\/2016\/03\/sao_paulo_centre_ville-300x200.jpg 300w, https:\/\/www.tetedechat.com\/blog\/photoblog\/2016\/03\/sao_paulo_centre_ville-768x512.jpg 768w, https:\/\/www.tetedechat.com\/blog\/photoblog\/2016\/03\/sao_paulo_centre_ville-250x167.jpg 250w\" sizes=\"auto, (max-width: 800px) 100vw, 800px\" \/><\/a><\/p>\n<p><a href=\"http:\/\/www.tetedechat.com\/blog\/photoblog\/2016\/03\/sao_paulo_centre_ville_cathedrale.jpg\" rel=\"attachment wp-att-20286\"><img loading=\"lazy\" decoding=\"async\" class=\"alignnone size-full wp-image-20286\" src=\"http:\/\/www.tetedechat.com\/blog\/photoblog\/2016\/03\/sao_paulo_centre_ville_cathedrale.jpg\" alt=\"\" width=\"800\" height=\"533\" srcset=\"https:\/\/www.tetedechat.com\/blog\/photoblog\/2016\/03\/sao_paulo_centre_ville_cathedrale.jpg 800w, https:\/\/www.tetedechat.com\/blog\/photoblog\/2016\/03\/sao_paulo_centre_ville_cathedrale-300x200.jpg 300w, https:\/\/www.tetedechat.com\/blog\/photoblog\/2016\/03\/sao_paulo_centre_ville_cathedrale-768x512.jpg 768w, https:\/\/www.tetedechat.com\/blog\/photoblog\/2016\/03\/sao_paulo_centre_ville_cathedrale-250x167.jpg 250w\" sizes=\"auto, (max-width: 800px) 100vw, 800px\" \/><\/a><\/p>\n<p><a href=\"http:\/\/www.tetedechat.com\/blog\/photoblog\/2016\/03\/cathedrale_sao_paulo_centre_ville.jpg\" rel=\"attachment wp-att-20225\"><img loading=\"lazy\" decoding=\"async\" class=\"alignnone size-full wp-image-20225\" src=\"http:\/\/www.tetedechat.com\/blog\/photoblog\/2016\/03\/cathedrale_sao_paulo_centre_ville.jpg\" alt=\"\" width=\"800\" height=\"533\" srcset=\"https:\/\/www.tetedechat.com\/blog\/photoblog\/2016\/03\/cathedrale_sao_paulo_centre_ville.jpg 800w, https:\/\/www.tetedechat.com\/blog\/photoblog\/2016\/03\/cathedrale_sao_paulo_centre_ville-300x200.jpg 300w, https:\/\/www.tetedechat.com\/blog\/photoblog\/2016\/03\/cathedrale_sao_paulo_centre_ville-768x512.jpg 768w, https:\/\/www.tetedechat.com\/blog\/photoblog\/2016\/03\/cathedrale_sao_paulo_centre_ville-250x167.jpg 250w\" sizes=\"auto, (max-width: 800px) 100vw, 800px\" \/><\/a><\/p>\n<p><a href=\"http:\/\/www.tetedechat.com\/blog\/photoblog\/2016\/03\/sao_paulo_centre_ville_14.jpg\" rel=\"attachment wp-att-20285\"><img loading=\"lazy\" decoding=\"async\" class=\"alignnone size-full wp-image-20285\" src=\"http:\/\/www.tetedechat.com\/blog\/photoblog\/2016\/03\/sao_paulo_centre_ville_14.jpg\" alt=\"\" width=\"800\" height=\"533\" srcset=\"https:\/\/www.tetedechat.com\/blog\/photoblog\/2016\/03\/sao_paulo_centre_ville_14.jpg 800w, https:\/\/www.tetedechat.com\/blog\/photoblog\/2016\/03\/sao_paulo_centre_ville_14-300x200.jpg 300w, https:\/\/www.tetedechat.com\/blog\/photoblog\/2016\/03\/sao_paulo_centre_ville_14-768x512.jpg 768w, https:\/\/www.tetedechat.com\/blog\/photoblog\/2016\/03\/sao_paulo_centre_ville_14-250x167.jpg 250w\" sizes=\"auto, (max-width: 800px) 100vw, 800px\" \/><\/a><\/p>\n<p><a href=\"http:\/\/www.tetedechat.com\/blog\/photoblog\/2016\/03\/sao_paulo_centre_ville_13.jpg\" rel=\"attachment wp-att-20284\"><img loading=\"lazy\" decoding=\"async\" class=\"alignnone size-full wp-image-20284\" src=\"http:\/\/www.tetedechat.com\/blog\/photoblog\/2016\/03\/sao_paulo_centre_ville_13.jpg\" alt=\"\" width=\"800\" height=\"533\" srcset=\"https:\/\/www.tetedechat.com\/blog\/photoblog\/2016\/03\/sao_paulo_centre_ville_13.jpg 800w, https:\/\/www.tetedechat.com\/blog\/photoblog\/2016\/03\/sao_paulo_centre_ville_13-300x200.jpg 300w, https:\/\/www.tetedechat.com\/blog\/photoblog\/2016\/03\/sao_paulo_centre_ville_13-768x512.jpg 768w, https:\/\/www.tetedechat.com\/blog\/photoblog\/2016\/03\/sao_paulo_centre_ville_13-250x167.jpg 250w\" sizes=\"auto, (max-width: 800px) 100vw, 800px\" \/><\/a><\/p>\n<p><a href=\"http:\/\/www.tetedechat.com\/blog\/photoblog\/2016\/03\/sao_paulo_centre_ville_12.jpg\" rel=\"attachment wp-att-20283\"><img loading=\"lazy\" decoding=\"async\" class=\"alignnone size-full wp-image-20283\" src=\"http:\/\/www.tetedechat.com\/blog\/photoblog\/2016\/03\/sao_paulo_centre_ville_12.jpg\" alt=\"\" width=\"800\" height=\"533\" srcset=\"https:\/\/www.tetedechat.com\/blog\/photoblog\/2016\/03\/sao_paulo_centre_ville_12.jpg 800w, https:\/\/www.tetedechat.com\/blog\/photoblog\/2016\/03\/sao_paulo_centre_ville_12-300x200.jpg 300w, https:\/\/www.tetedechat.com\/blog\/photoblog\/2016\/03\/sao_paulo_centre_ville_12-768x512.jpg 768w, https:\/\/www.tetedechat.com\/blog\/photoblog\/2016\/03\/sao_paulo_centre_ville_12-250x167.jpg 250w\" sizes=\"auto, (max-width: 800px) 100vw, 800px\" \/><\/a><\/p>\n<p><a href=\"http:\/\/www.tetedechat.com\/blog\/photoblog\/2016\/03\/sao_paulo_centre_ville_11.jpg\" rel=\"attachment wp-att-20282\"><img loading=\"lazy\" decoding=\"async\" class=\"alignnone size-full wp-image-20282\" src=\"http:\/\/www.tetedechat.com\/blog\/photoblog\/2016\/03\/sao_paulo_centre_ville_11.jpg\" alt=\"\" width=\"800\" height=\"533\" srcset=\"https:\/\/www.tetedechat.com\/blog\/photoblog\/2016\/03\/sao_paulo_centre_ville_11.jpg 800w, https:\/\/www.tetedechat.com\/blog\/photoblog\/2016\/03\/sao_paulo_centre_ville_11-300x200.jpg 300w, https:\/\/www.tetedechat.com\/blog\/photoblog\/2016\/03\/sao_paulo_centre_ville_11-768x512.jpg 768w, https:\/\/www.tetedechat.com\/blog\/photoblog\/2016\/03\/sao_paulo_centre_ville_11-250x167.jpg 250w\" sizes=\"auto, (max-width: 800px) 100vw, 800px\" \/><\/a><\/p>\n<p><a href=\"http:\/\/www.tetedechat.com\/blog\/photoblog\/2016\/03\/grafitis_sao_paulo.jpg\" rel=\"attachment wp-att-20233\"><img loading=\"lazy\" decoding=\"async\" class=\"alignnone size-full wp-image-20233\" src=\"http:\/\/www.tetedechat.com\/blog\/photoblog\/2016\/03\/grafitis_sao_paulo.jpg\" alt=\"\" width=\"800\" height=\"600\" srcset=\"https:\/\/www.tetedechat.com\/blog\/photoblog\/2016\/03\/grafitis_sao_paulo.jpg 800w, https:\/\/www.tetedechat.com\/blog\/photoblog\/2016\/03\/grafitis_sao_paulo-300x225.jpg 300w, https:\/\/www.tetedechat.com\/blog\/photoblog\/2016\/03\/grafitis_sao_paulo-768x576.jpg 768w, https:\/\/www.tetedechat.com\/blog\/photoblog\/2016\/03\/grafitis_sao_paulo-250x188.jpg 250w\" sizes=\"auto, (max-width: 800px) 100vw, 800px\" \/><\/a><\/p>\n<p><a href=\"http:\/\/www.tetedechat.com\/blog\/photoblog\/2016\/03\/sao_paulo_centre_ville_10.jpg\" rel=\"attachment wp-att-20281\"><img loading=\"lazy\" decoding=\"async\" class=\"alignnone size-full wp-image-20281\" src=\"http:\/\/www.tetedechat.com\/blog\/photoblog\/2016\/03\/sao_paulo_centre_ville_10.jpg\" alt=\"\" width=\"800\" height=\"533\" srcset=\"https:\/\/www.tetedechat.com\/blog\/photoblog\/2016\/03\/sao_paulo_centre_ville_10.jpg 800w, https:\/\/www.tetedechat.com\/blog\/photoblog\/2016\/03\/sao_paulo_centre_ville_10-300x200.jpg 300w, https:\/\/www.tetedechat.com\/blog\/photoblog\/2016\/03\/sao_paulo_centre_ville_10-768x512.jpg 768w, https:\/\/www.tetedechat.com\/blog\/photoblog\/2016\/03\/sao_paulo_centre_ville_10-250x167.jpg 250w\" sizes=\"auto, (max-width: 800px) 100vw, 800px\" \/><\/a><\/p>\n<p><a href=\"http:\/\/www.tetedechat.com\/blog\/photoblog\/2016\/03\/sao_paulo_centre_ville_9.jpg\" rel=\"attachment wp-att-20280\"><img loading=\"lazy\" decoding=\"async\" class=\"alignnone size-full wp-image-20280\" src=\"http:\/\/www.tetedechat.com\/blog\/photoblog\/2016\/03\/sao_paulo_centre_ville_9.jpg\" alt=\"\" width=\"800\" height=\"533\" srcset=\"https:\/\/www.tetedechat.com\/blog\/photoblog\/2016\/03\/sao_paulo_centre_ville_9.jpg 800w, https:\/\/www.tetedechat.com\/blog\/photoblog\/2016\/03\/sao_paulo_centre_ville_9-300x200.jpg 300w, https:\/\/www.tetedechat.com\/blog\/photoblog\/2016\/03\/sao_paulo_centre_ville_9-768x512.jpg 768w, https:\/\/www.tetedechat.com\/blog\/photoblog\/2016\/03\/sao_paulo_centre_ville_9-250x167.jpg 250w\" sizes=\"auto, (max-width: 800px) 100vw, 800px\" \/><\/a><\/p>\n<p><a href=\"http:\/\/www.tetedechat.com\/blog\/photoblog\/2016\/03\/sao_paulo_centre_ville_8.jpg\" rel=\"attachment wp-att-20279\"><img loading=\"lazy\" decoding=\"async\" class=\"alignnone size-full wp-image-20279\" src=\"http:\/\/www.tetedechat.com\/blog\/photoblog\/2016\/03\/sao_paulo_centre_ville_8.jpg\" alt=\"\" width=\"800\" height=\"533\" srcset=\"https:\/\/www.tetedechat.com\/blog\/photoblog\/2016\/03\/sao_paulo_centre_ville_8.jpg 800w, https:\/\/www.tetedechat.com\/blog\/photoblog\/2016\/03\/sao_paulo_centre_ville_8-300x200.jpg 300w, https:\/\/www.tetedechat.com\/blog\/photoblog\/2016\/03\/sao_paulo_centre_ville_8-768x512.jpg 768w, https:\/\/www.tetedechat.com\/blog\/photoblog\/2016\/03\/sao_paulo_centre_ville_8-250x167.jpg 250w\" sizes=\"auto, (max-width: 800px) 100vw, 800px\" \/><\/a><\/p>\n<p><a href=\"http:\/\/www.tetedechat.com\/blog\/photoblog\/2016\/03\/feux_traversee_pietons_sao_paulo.jpg\" rel=\"attachment wp-att-20229\"><img loading=\"lazy\" decoding=\"async\" class=\"alignnone size-full wp-image-20229\" src=\"http:\/\/www.tetedechat.com\/blog\/photoblog\/2016\/03\/feux_traversee_pietons_sao_paulo.jpg\" alt=\"\" width=\"800\" height=\"600\" srcset=\"https:\/\/www.tetedechat.com\/blog\/photoblog\/2016\/03\/feux_traversee_pietons_sao_paulo.jpg 800w, https:\/\/www.tetedechat.com\/blog\/photoblog\/2016\/03\/feux_traversee_pietons_sao_paulo-300x225.jpg 300w, https:\/\/www.tetedechat.com\/blog\/photoblog\/2016\/03\/feux_traversee_pietons_sao_paulo-768x576.jpg 768w, https:\/\/www.tetedechat.com\/blog\/photoblog\/2016\/03\/feux_traversee_pietons_sao_paulo-250x188.jpg 250w\" sizes=\"auto, (max-width: 800px) 100vw, 800px\" \/><\/a><\/p>\n<p><a href=\"http:\/\/www.tetedechat.com\/blog\/photoblog\/2016\/03\/feux_traversee_pietons_sao_paulo_2.jpg\" rel=\"attachment wp-att-20228\"><img loading=\"lazy\" decoding=\"async\" class=\"alignnone size-full wp-image-20228\" src=\"http:\/\/www.tetedechat.com\/blog\/photoblog\/2016\/03\/feux_traversee_pietons_sao_paulo_2.jpg\" alt=\"\" width=\"800\" height=\"600\" srcset=\"https:\/\/www.tetedechat.com\/blog\/photoblog\/2016\/03\/feux_traversee_pietons_sao_paulo_2.jpg 800w, https:\/\/www.tetedechat.com\/blog\/photoblog\/2016\/03\/feux_traversee_pietons_sao_paulo_2-300x225.jpg 300w, https:\/\/www.tetedechat.com\/blog\/photoblog\/2016\/03\/feux_traversee_pietons_sao_paulo_2-768x576.jpg 768w, https:\/\/www.tetedechat.com\/blog\/photoblog\/2016\/03\/feux_traversee_pietons_sao_paulo_2-250x188.jpg 250w\" sizes=\"auto, (max-width: 800px) 100vw, 800px\" \/><\/a><\/p>\n<p><a href=\"http:\/\/www.tetedechat.com\/blog\/photoblog\/2016\/03\/sao_paulo_centre_ville_7.jpg\" rel=\"attachment wp-att-20278\"><img loading=\"lazy\" decoding=\"async\" class=\"alignnone size-full wp-image-20278\" src=\"http:\/\/www.tetedechat.com\/blog\/photoblog\/2016\/03\/sao_paulo_centre_ville_7.jpg\" alt=\"\" width=\"800\" height=\"533\" srcset=\"https:\/\/www.tetedechat.com\/blog\/photoblog\/2016\/03\/sao_paulo_centre_ville_7.jpg 800w, https:\/\/www.tetedechat.com\/blog\/photoblog\/2016\/03\/sao_paulo_centre_ville_7-300x200.jpg 300w, https:\/\/www.tetedechat.com\/blog\/photoblog\/2016\/03\/sao_paulo_centre_ville_7-768x512.jpg 768w, https:\/\/www.tetedechat.com\/blog\/photoblog\/2016\/03\/sao_paulo_centre_ville_7-250x167.jpg 250w\" sizes=\"auto, (max-width: 800px) 100vw, 800px\" \/><\/a><\/p>\n<p><a href=\"http:\/\/www.tetedechat.com\/blog\/photoblog\/2016\/03\/sao_paulo_centre_ville_6.jpg\" rel=\"attachment wp-att-20277\"><img loading=\"lazy\" decoding=\"async\" class=\"alignnone size-full wp-image-20277\" src=\"http:\/\/www.tetedechat.com\/blog\/photoblog\/2016\/03\/sao_paulo_centre_ville_6.jpg\" alt=\"\" width=\"800\" height=\"533\" srcset=\"https:\/\/www.tetedechat.com\/blog\/photoblog\/2016\/03\/sao_paulo_centre_ville_6.jpg 800w, https:\/\/www.tetedechat.com\/blog\/photoblog\/2016\/03\/sao_paulo_centre_ville_6-300x200.jpg 300w, https:\/\/www.tetedechat.com\/blog\/photoblog\/2016\/03\/sao_paulo_centre_ville_6-768x512.jpg 768w, https:\/\/www.tetedechat.com\/blog\/photoblog\/2016\/03\/sao_paulo_centre_ville_6-250x167.jpg 250w\" sizes=\"auto, (max-width: 800px) 100vw, 800px\" \/><\/a><\/p>\n<p>Ici, et en direct, les taxes pay\u00e9 par les habitants. Je peux vous dire que les chiffres tournaient \u00e0 une allure folle.<\/p>\n<p><a href=\"http:\/\/www.tetedechat.com\/blog\/photoblog\/2016\/03\/panneau_impots_sao_paulo.jpg\" rel=\"attachment wp-att-20239\"><img loading=\"lazy\" decoding=\"async\" class=\"alignnone size-full wp-image-20239\" src=\"http:\/\/www.tetedechat.com\/blog\/photoblog\/2016\/03\/panneau_impots_sao_paulo.jpg\" alt=\"\" width=\"800\" height=\"600\" srcset=\"https:\/\/www.tetedechat.com\/blog\/photoblog\/2016\/03\/panneau_impots_sao_paulo.jpg 800w, https:\/\/www.tetedechat.com\/blog\/photoblog\/2016\/03\/panneau_impots_sao_paulo-300x225.jpg 300w, https:\/\/www.tetedechat.com\/blog\/photoblog\/2016\/03\/panneau_impots_sao_paulo-768x576.jpg 768w, https:\/\/www.tetedechat.com\/blog\/photoblog\/2016\/03\/panneau_impots_sao_paulo-250x188.jpg 250w\" sizes=\"auto, (max-width: 800px) 100vw, 800px\" \/><\/a><\/p>\n<p><a href=\"http:\/\/www.tetedechat.com\/blog\/photoblog\/2016\/03\/sao_paulo_centre_ville_5.jpg\" rel=\"attachment wp-att-20276\"><img loading=\"lazy\" decoding=\"async\" class=\"alignnone size-full wp-image-20276\" src=\"http:\/\/www.tetedechat.com\/blog\/photoblog\/2016\/03\/sao_paulo_centre_ville_5.jpg\" alt=\"\" width=\"800\" height=\"533\" srcset=\"https:\/\/www.tetedechat.com\/blog\/photoblog\/2016\/03\/sao_paulo_centre_ville_5.jpg 800w, https:\/\/www.tetedechat.com\/blog\/photoblog\/2016\/03\/sao_paulo_centre_ville_5-300x200.jpg 300w, https:\/\/www.tetedechat.com\/blog\/photoblog\/2016\/03\/sao_paulo_centre_ville_5-768x512.jpg 768w, https:\/\/www.tetedechat.com\/blog\/photoblog\/2016\/03\/sao_paulo_centre_ville_5-250x167.jpg 250w\" sizes=\"auto, (max-width: 800px) 100vw, 800px\" \/><\/a><\/p>\n<p><a href=\"http:\/\/www.tetedechat.com\/blog\/photoblog\/2016\/03\/sao_paulo_centre_ville_4.jpg\" rel=\"attachment wp-att-20275\"><img loading=\"lazy\" decoding=\"async\" class=\"alignnone size-full wp-image-20275\" src=\"http:\/\/www.tetedechat.com\/blog\/photoblog\/2016\/03\/sao_paulo_centre_ville_4.jpg\" alt=\"\" width=\"800\" height=\"533\" srcset=\"https:\/\/www.tetedechat.com\/blog\/photoblog\/2016\/03\/sao_paulo_centre_ville_4.jpg 800w, https:\/\/www.tetedechat.com\/blog\/photoblog\/2016\/03\/sao_paulo_centre_ville_4-300x200.jpg 300w, https:\/\/www.tetedechat.com\/blog\/photoblog\/2016\/03\/sao_paulo_centre_ville_4-768x512.jpg 768w, https:\/\/www.tetedechat.com\/blog\/photoblog\/2016\/03\/sao_paulo_centre_ville_4-250x167.jpg 250w\" sizes=\"auto, (max-width: 800px) 100vw, 800px\" \/><\/a><\/p>\n<p><a href=\"http:\/\/www.tetedechat.com\/blog\/photoblog\/2016\/03\/sao_paulo_centre_ville_3.jpg\" rel=\"attachment wp-att-20274\"><img loading=\"lazy\" decoding=\"async\" class=\"alignnone size-full wp-image-20274\" src=\"http:\/\/www.tetedechat.com\/blog\/photoblog\/2016\/03\/sao_paulo_centre_ville_3.jpg\" alt=\"\" width=\"800\" height=\"533\" srcset=\"https:\/\/www.tetedechat.com\/blog\/photoblog\/2016\/03\/sao_paulo_centre_ville_3.jpg 800w, https:\/\/www.tetedechat.com\/blog\/photoblog\/2016\/03\/sao_paulo_centre_ville_3-300x200.jpg 300w, https:\/\/www.tetedechat.com\/blog\/photoblog\/2016\/03\/sao_paulo_centre_ville_3-768x512.jpg 768w, https:\/\/www.tetedechat.com\/blog\/photoblog\/2016\/03\/sao_paulo_centre_ville_3-250x167.jpg 250w\" sizes=\"auto, (max-width: 800px) 100vw, 800px\" \/><\/a><\/p>\n<p><a href=\"http:\/\/www.tetedechat.com\/blog\/photoblog\/2016\/03\/plus_vieux_batiment_sao_paulo.jpg\" rel=\"attachment wp-att-20242\"><img loading=\"lazy\" decoding=\"async\" class=\"alignnone size-full wp-image-20242\" src=\"http:\/\/www.tetedechat.com\/blog\/photoblog\/2016\/03\/plus_vieux_batiment_sao_paulo.jpg\" alt=\"\" width=\"800\" height=\"533\" srcset=\"https:\/\/www.tetedechat.com\/blog\/photoblog\/2016\/03\/plus_vieux_batiment_sao_paulo.jpg 800w, https:\/\/www.tetedechat.com\/blog\/photoblog\/2016\/03\/plus_vieux_batiment_sao_paulo-300x200.jpg 300w, https:\/\/www.tetedechat.com\/blog\/photoblog\/2016\/03\/plus_vieux_batiment_sao_paulo-768x512.jpg 768w, https:\/\/www.tetedechat.com\/blog\/photoblog\/2016\/03\/plus_vieux_batiment_sao_paulo-250x167.jpg 250w\" sizes=\"auto, (max-width: 800px) 100vw, 800px\" \/><\/a><\/p>\n<p><a href=\"http:\/\/www.tetedechat.com\/blog\/photoblog\/2016\/03\/sao_paulo_centre_ville_2.jpg\" rel=\"attachment wp-att-20273\"><img loading=\"lazy\" decoding=\"async\" class=\"alignnone size-full wp-image-20273\" src=\"http:\/\/www.tetedechat.com\/blog\/photoblog\/2016\/03\/sao_paulo_centre_ville_2.jpg\" alt=\"\" width=\"800\" height=\"533\" srcset=\"https:\/\/www.tetedechat.com\/blog\/photoblog\/2016\/03\/sao_paulo_centre_ville_2.jpg 800w, https:\/\/www.tetedechat.com\/blog\/photoblog\/2016\/03\/sao_paulo_centre_ville_2-300x200.jpg 300w, https:\/\/www.tetedechat.com\/blog\/photoblog\/2016\/03\/sao_paulo_centre_ville_2-768x512.jpg 768w, https:\/\/www.tetedechat.com\/blog\/photoblog\/2016\/03\/sao_paulo_centre_ville_2-250x167.jpg 250w\" sizes=\"auto, (max-width: 800px) 100vw, 800px\" \/><\/a><\/p>\n<p>Toujours cette particularit\u00e9 de r\u00e9server des si\u00e8ges pour les personnes ob\u00e8ses, mais apr\u00e8s tout, pourquoi pas ?<\/p>\n<p><a href=\"http:\/\/www.tetedechat.com\/blog\/photoblog\/2016\/03\/siege_pour_obeses_sao_paulo.jpg\" rel=\"attachment wp-att-20289\"><img loading=\"lazy\" decoding=\"async\" class=\"alignnone size-full wp-image-20289\" src=\"http:\/\/www.tetedechat.com\/blog\/photoblog\/2016\/03\/siege_pour_obeses_sao_paulo.jpg\" alt=\"\" width=\"800\" height=\"600\" srcset=\"https:\/\/www.tetedechat.com\/blog\/photoblog\/2016\/03\/siege_pour_obeses_sao_paulo.jpg 800w, https:\/\/www.tetedechat.com\/blog\/photoblog\/2016\/03\/siege_pour_obeses_sao_paulo-300x225.jpg 300w, https:\/\/www.tetedechat.com\/blog\/photoblog\/2016\/03\/siege_pour_obeses_sao_paulo-768x576.jpg 768w, https:\/\/www.tetedechat.com\/blog\/photoblog\/2016\/03\/siege_pour_obeses_sao_paulo-250x188.jpg 250w\" sizes=\"auto, (max-width: 800px) 100vw, 800px\" \/><\/a><\/p>\n<p><a href=\"http:\/\/www.tetedechat.com\/blog\/photoblog\/2016\/03\/siege_pour_obeses_sao_paulo_metro.jpg\" rel=\"attachment wp-att-20288\"><img loading=\"lazy\" decoding=\"async\" class=\"alignnone size-full wp-image-20288\" src=\"http:\/\/www.tetedechat.com\/blog\/photoblog\/2016\/03\/siege_pour_obeses_sao_paulo_metro.jpg\" alt=\"\" width=\"800\" height=\"600\" srcset=\"https:\/\/www.tetedechat.com\/blog\/photoblog\/2016\/03\/siege_pour_obeses_sao_paulo_metro.jpg 800w, https:\/\/www.tetedechat.com\/blog\/photoblog\/2016\/03\/siege_pour_obeses_sao_paulo_metro-300x225.jpg 300w, https:\/\/www.tetedechat.com\/blog\/photoblog\/2016\/03\/siege_pour_obeses_sao_paulo_metro-768x576.jpg 768w, https:\/\/www.tetedechat.com\/blog\/photoblog\/2016\/03\/siege_pour_obeses_sao_paulo_metro-250x188.jpg 250w\" sizes=\"auto, (max-width: 800px) 100vw, 800px\" \/><br \/>\n<\/a><\/p>\n<p>Pour tout vous dire, c&rsquo;est \u00e0 la Pinacoth\u00e8que de l&rsquo;\u00c9tat de S\u00e3o Paulo que j&rsquo;ai le plus appr\u00e9ci\u00e9 mon s\u00e9jour. La Pinacoteca est un mus\u00e9e d&rsquo;art (le plus ancien de la ville), et il se visite pour la modique somme d&rsquo;un Euro cinquante.<br \/>\nMais en plus de cette belle surprise, l&rsquo;exposition en cours car \u00e9tait celle Ron Mueck le sculpteur australien, cela faisait un moment que j&rsquo;esp\u00e9rais pouvoir l&rsquo;admirer, et voil\u00e0 !<\/p>\n<p><a href=\"http:\/\/www.tetedechat.com\/blog\/photoblog\/2016\/03\/panneau_pinacoteca_sao_paulo.jpg\" rel=\"attachment wp-att-20240\"><img loading=\"lazy\" decoding=\"async\" class=\"alignnone size-full wp-image-20240\" src=\"http:\/\/www.tetedechat.com\/blog\/photoblog\/2016\/03\/panneau_pinacoteca_sao_paulo.jpg\" alt=\"\" width=\"800\" height=\"600\" srcset=\"https:\/\/www.tetedechat.com\/blog\/photoblog\/2016\/03\/panneau_pinacoteca_sao_paulo.jpg 800w, https:\/\/www.tetedechat.com\/blog\/photoblog\/2016\/03\/panneau_pinacoteca_sao_paulo-300x225.jpg 300w, https:\/\/www.tetedechat.com\/blog\/photoblog\/2016\/03\/panneau_pinacoteca_sao_paulo-768x576.jpg 768w, https:\/\/www.tetedechat.com\/blog\/photoblog\/2016\/03\/panneau_pinacoteca_sao_paulo-250x188.jpg 250w\" sizes=\"auto, (max-width: 800px) 100vw, 800px\" \/><\/a><\/p>\n<p>Pour ceux qui ne connaissent pas M. Mueck, c&rsquo;est un artiste hors du commun qui sculpte des corps humain (et parfois animaux), tr\u00e8s d\u00e9taill\u00e9s, et de toutes les tailles (sauf taille humaine en fait&#8230;), donc des t\u00eates g\u00e9antes, des couples miniatures, etc.<\/p>\n<p><a href=\"http:\/\/www.tetedechat.com\/blog\/photoblog\/2016\/03\/entree_pinacoteca_sao_paulo.jpg\" rel=\"attachment wp-att-20227\"><img loading=\"lazy\" decoding=\"async\" class=\"alignnone size-full wp-image-20227\" src=\"http:\/\/www.tetedechat.com\/blog\/photoblog\/2016\/03\/entree_pinacoteca_sao_paulo.jpg\" alt=\"\" width=\"800\" height=\"600\" srcset=\"https:\/\/www.tetedechat.com\/blog\/photoblog\/2016\/03\/entree_pinacoteca_sao_paulo.jpg 800w, https:\/\/www.tetedechat.com\/blog\/photoblog\/2016\/03\/entree_pinacoteca_sao_paulo-300x225.jpg 300w, https:\/\/www.tetedechat.com\/blog\/photoblog\/2016\/03\/entree_pinacoteca_sao_paulo-768x576.jpg 768w, https:\/\/www.tetedechat.com\/blog\/photoblog\/2016\/03\/entree_pinacoteca_sao_paulo-250x188.jpg 250w\" sizes=\"auto, (max-width: 800px) 100vw, 800px\" \/><\/a><\/p>\n<p>C&rsquo;est populaire, et pour ce prix vous imaginez la file d&rsquo;attente&#8230; 2h40 !<\/p>\n<p><a href=\"http:\/\/www.tetedechat.com\/blog\/photoblog\/2016\/03\/file_attente_pinacoteca_sao_paulo.jpg\" rel=\"attachment wp-att-20230\"><img loading=\"lazy\" decoding=\"async\" class=\"alignnone size-full wp-image-20230\" src=\"http:\/\/www.tetedechat.com\/blog\/photoblog\/2016\/03\/file_attente_pinacoteca_sao_paulo.jpg\" alt=\"\" width=\"800\" height=\"600\" srcset=\"https:\/\/www.tetedechat.com\/blog\/photoblog\/2016\/03\/file_attente_pinacoteca_sao_paulo.jpg 800w, https:\/\/www.tetedechat.com\/blog\/photoblog\/2016\/03\/file_attente_pinacoteca_sao_paulo-300x225.jpg 300w, https:\/\/www.tetedechat.com\/blog\/photoblog\/2016\/03\/file_attente_pinacoteca_sao_paulo-768x576.jpg 768w, https:\/\/www.tetedechat.com\/blog\/photoblog\/2016\/03\/file_attente_pinacoteca_sao_paulo-250x188.jpg 250w\" sizes=\"auto, (max-width: 800px) 100vw, 800px\" \/><\/a><\/p>\n<p>Mais je ne regrette absolument pas, allez on repart pour les images :<\/p>\n<p><a href=\"http:\/\/www.tetedechat.com\/blog\/photoblog\/2016\/03\/ron_mueck_exposition_sao_paulo.jpg\" rel=\"attachment wp-att-20269\"><img loading=\"lazy\" decoding=\"async\" class=\"alignnone size-full wp-image-20269\" src=\"http:\/\/www.tetedechat.com\/blog\/photoblog\/2016\/03\/ron_mueck_exposition_sao_paulo.jpg\" alt=\"\" width=\"800\" height=\"600\" srcset=\"https:\/\/www.tetedechat.com\/blog\/photoblog\/2016\/03\/ron_mueck_exposition_sao_paulo.jpg 800w, https:\/\/www.tetedechat.com\/blog\/photoblog\/2016\/03\/ron_mueck_exposition_sao_paulo-300x225.jpg 300w, https:\/\/www.tetedechat.com\/blog\/photoblog\/2016\/03\/ron_mueck_exposition_sao_paulo-768x576.jpg 768w, https:\/\/www.tetedechat.com\/blog\/photoblog\/2016\/03\/ron_mueck_exposition_sao_paulo-250x188.jpg 250w\" sizes=\"auto, (max-width: 800px) 100vw, 800px\" \/><\/a><\/p>\n<p><a href=\"http:\/\/www.tetedechat.com\/blog\/photoblog\/2016\/03\/ron_mueck_exposition_sao_paulo_tete_poulet.jpg\" rel=\"attachment wp-att-20268\"><img loading=\"lazy\" decoding=\"async\" class=\"alignnone size-full wp-image-20268\" src=\"http:\/\/www.tetedechat.com\/blog\/photoblog\/2016\/03\/ron_mueck_exposition_sao_paulo_tete_poulet.jpg\" alt=\"\" width=\"800\" height=\"600\" srcset=\"https:\/\/www.tetedechat.com\/blog\/photoblog\/2016\/03\/ron_mueck_exposition_sao_paulo_tete_poulet.jpg 800w, https:\/\/www.tetedechat.com\/blog\/photoblog\/2016\/03\/ron_mueck_exposition_sao_paulo_tete_poulet-300x225.jpg 300w, https:\/\/www.tetedechat.com\/blog\/photoblog\/2016\/03\/ron_mueck_exposition_sao_paulo_tete_poulet-768x576.jpg 768w, https:\/\/www.tetedechat.com\/blog\/photoblog\/2016\/03\/ron_mueck_exposition_sao_paulo_tete_poulet-250x188.jpg 250w\" sizes=\"auto, (max-width: 800px) 100vw, 800px\" \/><\/a><\/p>\n<p><a href=\"http:\/\/www.tetedechat.com\/blog\/photoblog\/2016\/03\/ron_mueck_exposition_sao_paulo_poulet.jpg\" rel=\"attachment wp-att-20265\"><img loading=\"lazy\" decoding=\"async\" class=\"alignnone size-full wp-image-20265\" src=\"http:\/\/www.tetedechat.com\/blog\/photoblog\/2016\/03\/ron_mueck_exposition_sao_paulo_poulet.jpg\" alt=\"\" width=\"800\" height=\"600\" srcset=\"https:\/\/www.tetedechat.com\/blog\/photoblog\/2016\/03\/ron_mueck_exposition_sao_paulo_poulet.jpg 800w, https:\/\/www.tetedechat.com\/blog\/photoblog\/2016\/03\/ron_mueck_exposition_sao_paulo_poulet-300x225.jpg 300w, https:\/\/www.tetedechat.com\/blog\/photoblog\/2016\/03\/ron_mueck_exposition_sao_paulo_poulet-768x576.jpg 768w, https:\/\/www.tetedechat.com\/blog\/photoblog\/2016\/03\/ron_mueck_exposition_sao_paulo_poulet-250x188.jpg 250w\" sizes=\"auto, (max-width: 800px) 100vw, 800px\" \/><\/a><\/p>\n<p><a href=\"http:\/\/www.tetedechat.com\/blog\/photoblog\/2016\/03\/ron_mueck_exposition_sao_paulo_tete_geante.jpg\" rel=\"attachment wp-att-20267\"><img loading=\"lazy\" decoding=\"async\" class=\"alignnone size-full wp-image-20267\" src=\"http:\/\/www.tetedechat.com\/blog\/photoblog\/2016\/03\/ron_mueck_exposition_sao_paulo_tete_geante.jpg\" alt=\"\" width=\"800\" height=\"533\" srcset=\"https:\/\/www.tetedechat.com\/blog\/photoblog\/2016\/03\/ron_mueck_exposition_sao_paulo_tete_geante.jpg 800w, https:\/\/www.tetedechat.com\/blog\/photoblog\/2016\/03\/ron_mueck_exposition_sao_paulo_tete_geante-300x200.jpg 300w, https:\/\/www.tetedechat.com\/blog\/photoblog\/2016\/03\/ron_mueck_exposition_sao_paulo_tete_geante-768x512.jpg 768w, https:\/\/www.tetedechat.com\/blog\/photoblog\/2016\/03\/ron_mueck_exposition_sao_paulo_tete_geante-250x167.jpg 250w\" sizes=\"auto, (max-width: 800px) 100vw, 800px\" \/><\/a><\/p>\n<p><a href=\"http:\/\/www.tetedechat.com\/blog\/photoblog\/2016\/03\/ron_mueck_exposition_sao_paulo_tete_geante_2.jpg\" rel=\"attachment wp-att-20266\"><img loading=\"lazy\" decoding=\"async\" class=\"alignnone size-full wp-image-20266\" src=\"http:\/\/www.tetedechat.com\/blog\/photoblog\/2016\/03\/ron_mueck_exposition_sao_paulo_tete_geante_2.jpg\" alt=\"\" width=\"800\" height=\"533\" srcset=\"https:\/\/www.tetedechat.com\/blog\/photoblog\/2016\/03\/ron_mueck_exposition_sao_paulo_tete_geante_2.jpg 800w, https:\/\/www.tetedechat.com\/blog\/photoblog\/2016\/03\/ron_mueck_exposition_sao_paulo_tete_geante_2-300x200.jpg 300w, https:\/\/www.tetedechat.com\/blog\/photoblog\/2016\/03\/ron_mueck_exposition_sao_paulo_tete_geante_2-768x512.jpg 768w, https:\/\/www.tetedechat.com\/blog\/photoblog\/2016\/03\/ron_mueck_exposition_sao_paulo_tete_geante_2-250x167.jpg 250w\" sizes=\"auto, (max-width: 800px) 100vw, 800px\" \/><\/a><\/p>\n<p><a href=\"http:\/\/www.tetedechat.com\/blog\/photoblog\/2016\/03\/ron_mueck_exposition_sao_paulo_geante_tete.jpg\" rel=\"attachment wp-att-20251\"><img loading=\"lazy\" decoding=\"async\" class=\"alignnone size-full wp-image-20251\" src=\"http:\/\/www.tetedechat.com\/blog\/photoblog\/2016\/03\/ron_mueck_exposition_sao_paulo_geante_tete.jpg\" alt=\"\" width=\"800\" height=\"533\" srcset=\"https:\/\/www.tetedechat.com\/blog\/photoblog\/2016\/03\/ron_mueck_exposition_sao_paulo_geante_tete.jpg 800w, https:\/\/www.tetedechat.com\/blog\/photoblog\/2016\/03\/ron_mueck_exposition_sao_paulo_geante_tete-300x200.jpg 300w, https:\/\/www.tetedechat.com\/blog\/photoblog\/2016\/03\/ron_mueck_exposition_sao_paulo_geante_tete-768x512.jpg 768w, https:\/\/www.tetedechat.com\/blog\/photoblog\/2016\/03\/ron_mueck_exposition_sao_paulo_geante_tete-250x167.jpg 250w\" sizes=\"auto, (max-width: 800px) 100vw, 800px\" \/><\/a><\/p>\n<p><a href=\"http:\/\/www.tetedechat.com\/blog\/photoblog\/2016\/03\/ron_mueck_exposition_sao_paulo_matelas_gonflable.jpg\" rel=\"attachment wp-att-20264\"><img loading=\"lazy\" decoding=\"async\" class=\"alignnone size-full wp-image-20264\" src=\"http:\/\/www.tetedechat.com\/blog\/photoblog\/2016\/03\/ron_mueck_exposition_sao_paulo_matelas_gonflable.jpg\" alt=\"\" width=\"800\" height=\"533\" srcset=\"https:\/\/www.tetedechat.com\/blog\/photoblog\/2016\/03\/ron_mueck_exposition_sao_paulo_matelas_gonflable.jpg 800w, https:\/\/www.tetedechat.com\/blog\/photoblog\/2016\/03\/ron_mueck_exposition_sao_paulo_matelas_gonflable-300x200.jpg 300w, https:\/\/www.tetedechat.com\/blog\/photoblog\/2016\/03\/ron_mueck_exposition_sao_paulo_matelas_gonflable-768x512.jpg 768w, https:\/\/www.tetedechat.com\/blog\/photoblog\/2016\/03\/ron_mueck_exposition_sao_paulo_matelas_gonflable-250x167.jpg 250w\" sizes=\"auto, (max-width: 800px) 100vw, 800px\" \/><\/a><\/p>\n<p><a href=\"http:\/\/www.tetedechat.com\/blog\/photoblog\/2016\/03\/ron_mueck_exposition_sao_paulo_bain_soleil.jpg\" rel=\"attachment wp-att-20243\"><img loading=\"lazy\" decoding=\"async\" class=\"alignnone size-full wp-image-20243\" src=\"http:\/\/www.tetedechat.com\/blog\/photoblog\/2016\/03\/ron_mueck_exposition_sao_paulo_bain_soleil.jpg\" alt=\"\" width=\"800\" height=\"533\" srcset=\"https:\/\/www.tetedechat.com\/blog\/photoblog\/2016\/03\/ron_mueck_exposition_sao_paulo_bain_soleil.jpg 800w, https:\/\/www.tetedechat.com\/blog\/photoblog\/2016\/03\/ron_mueck_exposition_sao_paulo_bain_soleil-300x200.jpg 300w, https:\/\/www.tetedechat.com\/blog\/photoblog\/2016\/03\/ron_mueck_exposition_sao_paulo_bain_soleil-768x512.jpg 768w, https:\/\/www.tetedechat.com\/blog\/photoblog\/2016\/03\/ron_mueck_exposition_sao_paulo_bain_soleil-250x167.jpg 250w\" sizes=\"auto, (max-width: 800px) 100vw, 800px\" \/><\/a><\/p>\n<p><a href=\"http:\/\/www.tetedechat.com\/blog\/photoblog\/2016\/03\/ron_mueck_exposition_sao_paulo_homme_bain_soleil.jpg\" rel=\"attachment wp-att-20256\"><img loading=\"lazy\" decoding=\"async\" class=\"alignnone size-full wp-image-20256\" src=\"http:\/\/www.tetedechat.com\/blog\/photoblog\/2016\/03\/ron_mueck_exposition_sao_paulo_homme_bain_soleil.jpg\" alt=\"\" width=\"800\" height=\"533\" srcset=\"https:\/\/www.tetedechat.com\/blog\/photoblog\/2016\/03\/ron_mueck_exposition_sao_paulo_homme_bain_soleil.jpg 800w, https:\/\/www.tetedechat.com\/blog\/photoblog\/2016\/03\/ron_mueck_exposition_sao_paulo_homme_bain_soleil-300x200.jpg 300w, https:\/\/www.tetedechat.com\/blog\/photoblog\/2016\/03\/ron_mueck_exposition_sao_paulo_homme_bain_soleil-768x512.jpg 768w, https:\/\/www.tetedechat.com\/blog\/photoblog\/2016\/03\/ron_mueck_exposition_sao_paulo_homme_bain_soleil-250x167.jpg 250w\" sizes=\"auto, (max-width: 800px) 100vw, 800px\" \/><\/a><\/p>\n<p><a href=\"http:\/\/www.tetedechat.com\/blog\/photoblog\/2016\/03\/ron_mueck_exposition_sao_paulo_foule.jpg\" rel=\"attachment wp-att-20250\"><img loading=\"lazy\" decoding=\"async\" class=\"alignnone size-full wp-image-20250\" src=\"http:\/\/www.tetedechat.com\/blog\/photoblog\/2016\/03\/ron_mueck_exposition_sao_paulo_foule.jpg\" alt=\"\" width=\"800\" height=\"533\" srcset=\"https:\/\/www.tetedechat.com\/blog\/photoblog\/2016\/03\/ron_mueck_exposition_sao_paulo_foule.jpg 800w, https:\/\/www.tetedechat.com\/blog\/photoblog\/2016\/03\/ron_mueck_exposition_sao_paulo_foule-300x200.jpg 300w, https:\/\/www.tetedechat.com\/blog\/photoblog\/2016\/03\/ron_mueck_exposition_sao_paulo_foule-768x512.jpg 768w, https:\/\/www.tetedechat.com\/blog\/photoblog\/2016\/03\/ron_mueck_exposition_sao_paulo_foule-250x167.jpg 250w\" sizes=\"auto, (max-width: 800px) 100vw, 800px\" \/><\/a><a href=\"http:\/\/www.tetedechat.com\/blog\/photoblog\/2016\/03\/ron_mueck_exposition_sao_paulo_blessure.jpg\" rel=\"attachment wp-att-20245\"><img loading=\"lazy\" decoding=\"async\" class=\"alignnone size-full wp-image-20245\" src=\"http:\/\/www.tetedechat.com\/blog\/photoblog\/2016\/03\/ron_mueck_exposition_sao_paulo_blessure.jpg\" alt=\"\" width=\"800\" height=\"533\" srcset=\"https:\/\/www.tetedechat.com\/blog\/photoblog\/2016\/03\/ron_mueck_exposition_sao_paulo_blessure.jpg 800w, https:\/\/www.tetedechat.com\/blog\/photoblog\/2016\/03\/ron_mueck_exposition_sao_paulo_blessure-300x200.jpg 300w, https:\/\/www.tetedechat.com\/blog\/photoblog\/2016\/03\/ron_mueck_exposition_sao_paulo_blessure-768x512.jpg 768w, https:\/\/www.tetedechat.com\/blog\/photoblog\/2016\/03\/ron_mueck_exposition_sao_paulo_blessure-250x167.jpg 250w\" sizes=\"auto, (max-width: 800px) 100vw, 800px\" \/><\/a><\/p>\n<p><a href=\"http:\/\/www.tetedechat.com\/blog\/photoblog\/2016\/03\/ron_mueck_exposition_sao_paulo_femme_branches.jpg\" rel=\"attachment wp-att-20249\"><img loading=\"lazy\" decoding=\"async\" class=\"alignnone size-full wp-image-20249\" src=\"http:\/\/www.tetedechat.com\/blog\/photoblog\/2016\/03\/ron_mueck_exposition_sao_paulo_femme_branches.jpg\" alt=\"\" width=\"800\" height=\"533\" srcset=\"https:\/\/www.tetedechat.com\/blog\/photoblog\/2016\/03\/ron_mueck_exposition_sao_paulo_femme_branches.jpg 800w, https:\/\/www.tetedechat.com\/blog\/photoblog\/2016\/03\/ron_mueck_exposition_sao_paulo_femme_branches-300x200.jpg 300w, https:\/\/www.tetedechat.com\/blog\/photoblog\/2016\/03\/ron_mueck_exposition_sao_paulo_femme_branches-768x512.jpg 768w, https:\/\/www.tetedechat.com\/blog\/photoblog\/2016\/03\/ron_mueck_exposition_sao_paulo_femme_branches-250x167.jpg 250w\" sizes=\"auto, (max-width: 800px) 100vw, 800px\" \/><\/a><\/p>\n<p><a href=\"http:\/\/www.tetedechat.com\/blog\/photoblog\/2016\/03\/ron_mueck_exposition_sao_paulo_femme_bebe.jpg\" rel=\"attachment wp-att-20248\"><img loading=\"lazy\" decoding=\"async\" class=\"alignnone size-full wp-image-20248\" src=\"http:\/\/www.tetedechat.com\/blog\/photoblog\/2016\/03\/ron_mueck_exposition_sao_paulo_femme_bebe.jpg\" alt=\"\" width=\"800\" height=\"533\" srcset=\"https:\/\/www.tetedechat.com\/blog\/photoblog\/2016\/03\/ron_mueck_exposition_sao_paulo_femme_bebe.jpg 800w, https:\/\/www.tetedechat.com\/blog\/photoblog\/2016\/03\/ron_mueck_exposition_sao_paulo_femme_bebe-300x200.jpg 300w, https:\/\/www.tetedechat.com\/blog\/photoblog\/2016\/03\/ron_mueck_exposition_sao_paulo_femme_bebe-768x512.jpg 768w, https:\/\/www.tetedechat.com\/blog\/photoblog\/2016\/03\/ron_mueck_exposition_sao_paulo_femme_bebe-250x167.jpg 250w\" sizes=\"auto, (max-width: 800px) 100vw, 800px\" \/><\/a><\/p>\n<p><a href=\"http:\/\/www.tetedechat.com\/blog\/photoblog\/2016\/03\/ron_mueck_exposition_sao_paulo_couple.jpg\" rel=\"attachment wp-att-20247\"><img loading=\"lazy\" decoding=\"async\" class=\"alignnone size-full wp-image-20247\" src=\"http:\/\/www.tetedechat.com\/blog\/photoblog\/2016\/03\/ron_mueck_exposition_sao_paulo_couple.jpg\" alt=\"\" width=\"800\" height=\"533\" srcset=\"https:\/\/www.tetedechat.com\/blog\/photoblog\/2016\/03\/ron_mueck_exposition_sao_paulo_couple.jpg 800w, https:\/\/www.tetedechat.com\/blog\/photoblog\/2016\/03\/ron_mueck_exposition_sao_paulo_couple-300x200.jpg 300w, https:\/\/www.tetedechat.com\/blog\/photoblog\/2016\/03\/ron_mueck_exposition_sao_paulo_couple-768x512.jpg 768w, https:\/\/www.tetedechat.com\/blog\/photoblog\/2016\/03\/ron_mueck_exposition_sao_paulo_couple-250x167.jpg 250w\" sizes=\"auto, (max-width: 800px) 100vw, 800px\" \/><\/a><\/p>\n<p><a href=\"http:\/\/www.tetedechat.com\/blog\/photoblog\/2016\/03\/ron_mueck_exposition_sao_paulo_couple_miniature.jpg\" rel=\"attachment wp-att-20246\"><img loading=\"lazy\" decoding=\"async\" class=\"alignnone size-full wp-image-20246\" src=\"http:\/\/www.tetedechat.com\/blog\/photoblog\/2016\/03\/ron_mueck_exposition_sao_paulo_couple_miniature.jpg\" alt=\"\" width=\"800\" height=\"533\" srcset=\"https:\/\/www.tetedechat.com\/blog\/photoblog\/2016\/03\/ron_mueck_exposition_sao_paulo_couple_miniature.jpg 800w, https:\/\/www.tetedechat.com\/blog\/photoblog\/2016\/03\/ron_mueck_exposition_sao_paulo_couple_miniature-300x200.jpg 300w, https:\/\/www.tetedechat.com\/blog\/photoblog\/2016\/03\/ron_mueck_exposition_sao_paulo_couple_miniature-768x512.jpg 768w, https:\/\/www.tetedechat.com\/blog\/photoblog\/2016\/03\/ron_mueck_exposition_sao_paulo_couple_miniature-250x167.jpg 250w\" sizes=\"auto, (max-width: 800px) 100vw, 800px\" \/><\/a><\/p>\n<p><a href=\"http:\/\/www.tetedechat.com\/blog\/photoblog\/2016\/03\/ron_mueck_exposition_sao_paulo_homme_nu_barque.jpg\" rel=\"attachment wp-att-20258\"><img loading=\"lazy\" decoding=\"async\" class=\"alignnone size-full wp-image-20258\" src=\"http:\/\/www.tetedechat.com\/blog\/photoblog\/2016\/03\/ron_mueck_exposition_sao_paulo_homme_nu_barque.jpg\" alt=\"\" width=\"800\" height=\"533\" srcset=\"https:\/\/www.tetedechat.com\/blog\/photoblog\/2016\/03\/ron_mueck_exposition_sao_paulo_homme_nu_barque.jpg 800w, https:\/\/www.tetedechat.com\/blog\/photoblog\/2016\/03\/ron_mueck_exposition_sao_paulo_homme_nu_barque-300x200.jpg 300w, https:\/\/www.tetedechat.com\/blog\/photoblog\/2016\/03\/ron_mueck_exposition_sao_paulo_homme_nu_barque-768x512.jpg 768w, https:\/\/www.tetedechat.com\/blog\/photoblog\/2016\/03\/ron_mueck_exposition_sao_paulo_homme_nu_barque-250x167.jpg 250w\" sizes=\"auto, (max-width: 800px) 100vw, 800px\" \/><\/a><\/p>\n<p><a href=\"http:\/\/www.tetedechat.com\/blog\/photoblog\/2016\/03\/ron_mueck_exposition_sao_paulo_homme_barque.jpg\" rel=\"attachment wp-att-20257\"><img loading=\"lazy\" decoding=\"async\" class=\"alignnone size-full wp-image-20257\" src=\"http:\/\/www.tetedechat.com\/blog\/photoblog\/2016\/03\/ron_mueck_exposition_sao_paulo_homme_barque.jpg\" alt=\"\" width=\"800\" height=\"533\" srcset=\"https:\/\/www.tetedechat.com\/blog\/photoblog\/2016\/03\/ron_mueck_exposition_sao_paulo_homme_barque.jpg 800w, https:\/\/www.tetedechat.com\/blog\/photoblog\/2016\/03\/ron_mueck_exposition_sao_paulo_homme_barque-300x200.jpg 300w, https:\/\/www.tetedechat.com\/blog\/photoblog\/2016\/03\/ron_mueck_exposition_sao_paulo_homme_barque-768x512.jpg 768w, https:\/\/www.tetedechat.com\/blog\/photoblog\/2016\/03\/ron_mueck_exposition_sao_paulo_homme_barque-250x167.jpg 250w\" sizes=\"auto, (max-width: 800px) 100vw, 800px\" \/><\/a><\/p>\n<p><a href=\"http:\/\/www.tetedechat.com\/blog\/photoblog\/2016\/03\/ron_mueck_exposition_sao_paulo_barque_homme.jpg\" rel=\"attachment wp-att-20244\"><img loading=\"lazy\" decoding=\"async\" class=\"alignnone size-full wp-image-20244\" src=\"http:\/\/www.tetedechat.com\/blog\/photoblog\/2016\/03\/ron_mueck_exposition_sao_paulo_barque_homme.jpg\" alt=\"\" width=\"800\" height=\"533\" srcset=\"https:\/\/www.tetedechat.com\/blog\/photoblog\/2016\/03\/ron_mueck_exposition_sao_paulo_barque_homme.jpg 800w, https:\/\/www.tetedechat.com\/blog\/photoblog\/2016\/03\/ron_mueck_exposition_sao_paulo_barque_homme-300x200.jpg 300w, https:\/\/www.tetedechat.com\/blog\/photoblog\/2016\/03\/ron_mueck_exposition_sao_paulo_barque_homme-768x512.jpg 768w, https:\/\/www.tetedechat.com\/blog\/photoblog\/2016\/03\/ron_mueck_exposition_sao_paulo_barque_homme-250x167.jpg 250w\" sizes=\"auto, (max-width: 800px) 100vw, 800px\" \/><\/a><\/p>\n<p><a href=\"http:\/\/www.tetedechat.com\/blog\/photoblog\/2016\/03\/ron_mueck_exposition_sao_paulo_homme_vue.jpg\" rel=\"attachment wp-att-20263\"><img loading=\"lazy\" decoding=\"async\" class=\"alignnone size-full wp-image-20263\" src=\"http:\/\/www.tetedechat.com\/blog\/photoblog\/2016\/03\/ron_mueck_exposition_sao_paulo_homme_vue.jpg\" alt=\"\" width=\"800\" height=\"533\" srcset=\"https:\/\/www.tetedechat.com\/blog\/photoblog\/2016\/03\/ron_mueck_exposition_sao_paulo_homme_vue.jpg 800w, https:\/\/www.tetedechat.com\/blog\/photoblog\/2016\/03\/ron_mueck_exposition_sao_paulo_homme_vue-300x200.jpg 300w, https:\/\/www.tetedechat.com\/blog\/photoblog\/2016\/03\/ron_mueck_exposition_sao_paulo_homme_vue-768x512.jpg 768w, https:\/\/www.tetedechat.com\/blog\/photoblog\/2016\/03\/ron_mueck_exposition_sao_paulo_homme_vue-250x167.jpg 250w\" sizes=\"auto, (max-width: 800px) 100vw, 800px\" \/><\/a><\/p>\n<p><a href=\"http:\/\/www.tetedechat.com\/blog\/photoblog\/2016\/03\/ron_mueck_exposition_sao_paulo_homme_vue_haut.jpg\" rel=\"attachment wp-att-20262\"><img loading=\"lazy\" decoding=\"async\" class=\"alignnone size-full wp-image-20262\" src=\"http:\/\/www.tetedechat.com\/blog\/photoblog\/2016\/03\/ron_mueck_exposition_sao_paulo_homme_vue_haut.jpg\" alt=\"\" width=\"800\" height=\"533\" srcset=\"https:\/\/www.tetedechat.com\/blog\/photoblog\/2016\/03\/ron_mueck_exposition_sao_paulo_homme_vue_haut.jpg 800w, https:\/\/www.tetedechat.com\/blog\/photoblog\/2016\/03\/ron_mueck_exposition_sao_paulo_homme_vue_haut-300x200.jpg 300w, https:\/\/www.tetedechat.com\/blog\/photoblog\/2016\/03\/ron_mueck_exposition_sao_paulo_homme_vue_haut-768x512.jpg 768w, https:\/\/www.tetedechat.com\/blog\/photoblog\/2016\/03\/ron_mueck_exposition_sao_paulo_homme_vue_haut-250x167.jpg 250w\" sizes=\"auto, (max-width: 800px) 100vw, 800px\" \/><\/a><\/p>\n<p><a href=\"http:\/\/www.tetedechat.com\/blog\/photoblog\/2016\/03\/ron_mueck_exposition_sao_paulo_homme_4.jpg\" rel=\"attachment wp-att-20254\"><img loading=\"lazy\" decoding=\"async\" class=\"alignnone size-full wp-image-20254\" src=\"http:\/\/www.tetedechat.com\/blog\/photoblog\/2016\/03\/ron_mueck_exposition_sao_paulo_homme_4.jpg\" alt=\"\" width=\"800\" height=\"533\" srcset=\"https:\/\/www.tetedechat.com\/blog\/photoblog\/2016\/03\/ron_mueck_exposition_sao_paulo_homme_4.jpg 800w, https:\/\/www.tetedechat.com\/blog\/photoblog\/2016\/03\/ron_mueck_exposition_sao_paulo_homme_4-300x200.jpg 300w, https:\/\/www.tetedechat.com\/blog\/photoblog\/2016\/03\/ron_mueck_exposition_sao_paulo_homme_4-768x512.jpg 768w, https:\/\/www.tetedechat.com\/blog\/photoblog\/2016\/03\/ron_mueck_exposition_sao_paulo_homme_4-250x167.jpg 250w\" sizes=\"auto, (max-width: 800px) 100vw, 800px\" \/><\/a><\/p>\n<p><a href=\"http:\/\/www.tetedechat.com\/blog\/photoblog\/2016\/03\/ron_mueck_exposition_sao_paulo_homme_3.jpg\" rel=\"attachment wp-att-20253\"><img loading=\"lazy\" decoding=\"async\" class=\"alignnone size-full wp-image-20253\" src=\"http:\/\/www.tetedechat.com\/blog\/photoblog\/2016\/03\/ron_mueck_exposition_sao_paulo_homme_3.jpg\" alt=\"\" width=\"800\" height=\"533\" srcset=\"https:\/\/www.tetedechat.com\/blog\/photoblog\/2016\/03\/ron_mueck_exposition_sao_paulo_homme_3.jpg 800w, https:\/\/www.tetedechat.com\/blog\/photoblog\/2016\/03\/ron_mueck_exposition_sao_paulo_homme_3-300x200.jpg 300w, https:\/\/www.tetedechat.com\/blog\/photoblog\/2016\/03\/ron_mueck_exposition_sao_paulo_homme_3-768x512.jpg 768w, https:\/\/www.tetedechat.com\/blog\/photoblog\/2016\/03\/ron_mueck_exposition_sao_paulo_homme_3-250x167.jpg 250w\" sizes=\"auto, (max-width: 800px) 100vw, 800px\" \/><\/a><\/p>\n<p><a href=\"http:\/\/www.tetedechat.com\/blog\/photoblog\/2016\/03\/ron_mueck_exposition_sao_paulo_homme_2.jpg\" rel=\"attachment wp-att-20252\"><img loading=\"lazy\" decoding=\"async\" class=\"alignnone size-full wp-image-20252\" src=\"http:\/\/www.tetedechat.com\/blog\/photoblog\/2016\/03\/ron_mueck_exposition_sao_paulo_homme_2.jpg\" alt=\"\" width=\"800\" height=\"533\" srcset=\"https:\/\/www.tetedechat.com\/blog\/photoblog\/2016\/03\/ron_mueck_exposition_sao_paulo_homme_2.jpg 800w, https:\/\/www.tetedechat.com\/blog\/photoblog\/2016\/03\/ron_mueck_exposition_sao_paulo_homme_2-300x200.jpg 300w, https:\/\/www.tetedechat.com\/blog\/photoblog\/2016\/03\/ron_mueck_exposition_sao_paulo_homme_2-768x512.jpg 768w, https:\/\/www.tetedechat.com\/blog\/photoblog\/2016\/03\/ron_mueck_exposition_sao_paulo_homme_2-250x167.jpg 250w\" sizes=\"auto, (max-width: 800px) 100vw, 800px\" \/><\/a><\/p>\n<p><a href=\"http:\/\/www.tetedechat.com\/blog\/photoblog\/2016\/03\/ron_mueck_exposition_sao_paulo_homme_vieux_couple_parasol.jpg\" rel=\"attachment wp-att-20261\"><img loading=\"lazy\" decoding=\"async\" class=\"alignnone size-full wp-image-20261\" src=\"http:\/\/www.tetedechat.com\/blog\/photoblog\/2016\/03\/ron_mueck_exposition_sao_paulo_homme_vieux_couple_parasol.jpg\" alt=\"\" width=\"800\" height=\"533\" srcset=\"https:\/\/www.tetedechat.com\/blog\/photoblog\/2016\/03\/ron_mueck_exposition_sao_paulo_homme_vieux_couple_parasol.jpg 800w, https:\/\/www.tetedechat.com\/blog\/photoblog\/2016\/03\/ron_mueck_exposition_sao_paulo_homme_vieux_couple_parasol-300x200.jpg 300w, https:\/\/www.tetedechat.com\/blog\/photoblog\/2016\/03\/ron_mueck_exposition_sao_paulo_homme_vieux_couple_parasol-768x512.jpg 768w, https:\/\/www.tetedechat.com\/blog\/photoblog\/2016\/03\/ron_mueck_exposition_sao_paulo_homme_vieux_couple_parasol-250x167.jpg 250w\" sizes=\"auto, (max-width: 800px) 100vw, 800px\" \/><\/a><\/p>\n<p><a href=\"http:\/\/www.tetedechat.com\/blog\/photoblog\/2016\/03\/ron_mueck_exposition_sao_paulo_homme_5.jpg\" rel=\"attachment wp-att-20255\"><img loading=\"lazy\" decoding=\"async\" class=\"alignnone size-full wp-image-20255\" src=\"http:\/\/www.tetedechat.com\/blog\/photoblog\/2016\/03\/ron_mueck_exposition_sao_paulo_homme_5.jpg\" alt=\"\" width=\"800\" height=\"533\" srcset=\"https:\/\/www.tetedechat.com\/blog\/photoblog\/2016\/03\/ron_mueck_exposition_sao_paulo_homme_5.jpg 800w, https:\/\/www.tetedechat.com\/blog\/photoblog\/2016\/03\/ron_mueck_exposition_sao_paulo_homme_5-300x200.jpg 300w, https:\/\/www.tetedechat.com\/blog\/photoblog\/2016\/03\/ron_mueck_exposition_sao_paulo_homme_5-768x512.jpg 768w, https:\/\/www.tetedechat.com\/blog\/photoblog\/2016\/03\/ron_mueck_exposition_sao_paulo_homme_5-250x167.jpg 250w\" sizes=\"auto, (max-width: 800px) 100vw, 800px\" \/><\/a><\/p>\n<p>Je vous mets quelques gros plans, histoire d\u2019appr\u00e9cier le travail du d\u00e9tail<\/p>\n<p><a href=\"http:\/\/www.tetedechat.com\/blog\/photoblog\/2016\/03\/ron_mueck_exposition_sao_paulo_homme_pieds.jpg\" rel=\"attachment wp-att-20260\"><img loading=\"lazy\" decoding=\"async\" class=\"alignnone size-full wp-image-20260\" src=\"http:\/\/www.tetedechat.com\/blog\/photoblog\/2016\/03\/ron_mueck_exposition_sao_paulo_homme_pieds.jpg\" alt=\"\" width=\"800\" height=\"533\" srcset=\"https:\/\/www.tetedechat.com\/blog\/photoblog\/2016\/03\/ron_mueck_exposition_sao_paulo_homme_pieds.jpg 800w, https:\/\/www.tetedechat.com\/blog\/photoblog\/2016\/03\/ron_mueck_exposition_sao_paulo_homme_pieds-300x200.jpg 300w, https:\/\/www.tetedechat.com\/blog\/photoblog\/2016\/03\/ron_mueck_exposition_sao_paulo_homme_pieds-768x512.jpg 768w, https:\/\/www.tetedechat.com\/blog\/photoblog\/2016\/03\/ron_mueck_exposition_sao_paulo_homme_pieds-250x167.jpg 250w\" sizes=\"auto, (max-width: 800px) 100vw, 800px\" \/><\/a><\/p>\n<p><a href=\"http:\/\/www.tetedechat.com\/blog\/photoblog\/2016\/03\/ron_mueck_exposition_sao_paulo_homme_pieds_2.jpg\" rel=\"attachment wp-att-20259\"><img loading=\"lazy\" decoding=\"async\" class=\"alignnone size-full wp-image-20259\" src=\"http:\/\/www.tetedechat.com\/blog\/photoblog\/2016\/03\/ron_mueck_exposition_sao_paulo_homme_pieds_2.jpg\" alt=\"\" width=\"800\" height=\"533\" srcset=\"https:\/\/www.tetedechat.com\/blog\/photoblog\/2016\/03\/ron_mueck_exposition_sao_paulo_homme_pieds_2.jpg 800w, https:\/\/www.tetedechat.com\/blog\/photoblog\/2016\/03\/ron_mueck_exposition_sao_paulo_homme_pieds_2-300x200.jpg 300w, https:\/\/www.tetedechat.com\/blog\/photoblog\/2016\/03\/ron_mueck_exposition_sao_paulo_homme_pieds_2-768x512.jpg 768w, https:\/\/www.tetedechat.com\/blog\/photoblog\/2016\/03\/ron_mueck_exposition_sao_paulo_homme_pieds_2-250x167.jpg 250w\" sizes=\"auto, (max-width: 800px) 100vw, 800px\" \/><\/a><\/p>\n<p>Si elle passe pr\u00e8s de chez vous, n&rsquo;h\u00e9sitez pas, \u00e7a vaut largement le coup d\u2019\u0153il.<br \/>\nMon deuxi\u00e8me coup de c\u0153ur \u00e0 S\u00e3o Paulo est son gigantesque march\u00e9&#8230;<\/p>\n<p><a href=\"http:\/\/www.tetedechat.com\/blog\/photoblog\/2016\/03\/marche_sao_paulo.jpg\" rel=\"attachment wp-att-20238\"><img loading=\"lazy\" decoding=\"async\" class=\"alignnone size-full wp-image-20238\" src=\"http:\/\/www.tetedechat.com\/blog\/photoblog\/2016\/03\/marche_sao_paulo.jpg\" alt=\"\" width=\"800\" height=\"600\" srcset=\"https:\/\/www.tetedechat.com\/blog\/photoblog\/2016\/03\/marche_sao_paulo.jpg 800w, https:\/\/www.tetedechat.com\/blog\/photoblog\/2016\/03\/marche_sao_paulo-300x225.jpg 300w, https:\/\/www.tetedechat.com\/blog\/photoblog\/2016\/03\/marche_sao_paulo-768x576.jpg 768w, https:\/\/www.tetedechat.com\/blog\/photoblog\/2016\/03\/marche_sao_paulo-250x188.jpg 250w\" sizes=\"auto, (max-width: 800px) 100vw, 800px\" \/><\/a><\/p>\n<p>&#8230;o\u00f9 encore une fois tout est hyper cher, mais le plaisir des yeux vaut son pesant d&rsquo;or<\/p>\n<p><a href=\"http:\/\/www.tetedechat.com\/blog\/photoblog\/2016\/03\/marche_sao_paulo_3.jpg\" rel=\"attachment wp-att-20237\"><img loading=\"lazy\" decoding=\"async\" class=\"alignnone size-full wp-image-20237\" src=\"http:\/\/www.tetedechat.com\/blog\/photoblog\/2016\/03\/marche_sao_paulo_3.jpg\" alt=\"\" width=\"800\" height=\"600\" srcset=\"https:\/\/www.tetedechat.com\/blog\/photoblog\/2016\/03\/marche_sao_paulo_3.jpg 800w, https:\/\/www.tetedechat.com\/blog\/photoblog\/2016\/03\/marche_sao_paulo_3-300x225.jpg 300w, https:\/\/www.tetedechat.com\/blog\/photoblog\/2016\/03\/marche_sao_paulo_3-768x576.jpg 768w, https:\/\/www.tetedechat.com\/blog\/photoblog\/2016\/03\/marche_sao_paulo_3-250x188.jpg 250w\" sizes=\"auto, (max-width: 800px) 100vw, 800px\" \/><\/a><\/p>\n<p><a href=\"http:\/\/www.tetedechat.com\/blog\/photoblog\/2016\/03\/peches_marche_sao_paulo.jpg\" rel=\"attachment wp-att-20241\"><img loading=\"lazy\" decoding=\"async\" class=\"alignnone size-full wp-image-20241\" src=\"http:\/\/www.tetedechat.com\/blog\/photoblog\/2016\/03\/peches_marche_sao_paulo.jpg\" alt=\"\" width=\"800\" height=\"600\" srcset=\"https:\/\/www.tetedechat.com\/blog\/photoblog\/2016\/03\/peches_marche_sao_paulo.jpg 800w, https:\/\/www.tetedechat.com\/blog\/photoblog\/2016\/03\/peches_marche_sao_paulo-300x225.jpg 300w, https:\/\/www.tetedechat.com\/blog\/photoblog\/2016\/03\/peches_marche_sao_paulo-768x576.jpg 768w, https:\/\/www.tetedechat.com\/blog\/photoblog\/2016\/03\/peches_marche_sao_paulo-250x188.jpg 250w\" sizes=\"auto, (max-width: 800px) 100vw, 800px\" \/><\/a><\/p>\n<p><a href=\"http:\/\/www.tetedechat.com\/blog\/photoblog\/2016\/03\/marche_sao_paulo_2.jpg\" rel=\"attachment wp-att-20236\"><img loading=\"lazy\" decoding=\"async\" class=\"alignnone size-full wp-image-20236\" src=\"http:\/\/www.tetedechat.com\/blog\/photoblog\/2016\/03\/marche_sao_paulo_2.jpg\" alt=\"\" width=\"800\" height=\"600\" srcset=\"https:\/\/www.tetedechat.com\/blog\/photoblog\/2016\/03\/marche_sao_paulo_2.jpg 800w, https:\/\/www.tetedechat.com\/blog\/photoblog\/2016\/03\/marche_sao_paulo_2-300x225.jpg 300w, https:\/\/www.tetedechat.com\/blog\/photoblog\/2016\/03\/marche_sao_paulo_2-768x576.jpg 768w, https:\/\/www.tetedechat.com\/blog\/photoblog\/2016\/03\/marche_sao_paulo_2-250x188.jpg 250w\" sizes=\"auto, (max-width: 800px) 100vw, 800px\" \/><\/a><\/p>\n<p><a href=\"http:\/\/www.tetedechat.com\/blog\/photoblog\/2016\/03\/viandes_marche_sao_paulo.jpg\" rel=\"attachment wp-att-20291\"><img loading=\"lazy\" decoding=\"async\" class=\"alignnone size-full wp-image-20291\" src=\"http:\/\/www.tetedechat.com\/blog\/photoblog\/2016\/03\/viandes_marche_sao_paulo.jpg\" alt=\"\" width=\"800\" height=\"600\" srcset=\"https:\/\/www.tetedechat.com\/blog\/photoblog\/2016\/03\/viandes_marche_sao_paulo.jpg 800w, https:\/\/www.tetedechat.com\/blog\/photoblog\/2016\/03\/viandes_marche_sao_paulo-300x225.jpg 300w, https:\/\/www.tetedechat.com\/blog\/photoblog\/2016\/03\/viandes_marche_sao_paulo-768x576.jpg 768w, https:\/\/www.tetedechat.com\/blog\/photoblog\/2016\/03\/viandes_marche_sao_paulo-250x188.jpg 250w\" sizes=\"auto, (max-width: 800px) 100vw, 800px\" \/><\/a><\/p>\n<p>J&rsquo;ai prit ce sandwich (tr\u00e8s connu dans tout le Br\u00e9sil) \u00e0 la mortadelle, ne parlons pas du prix (c&rsquo;est mieux !)&#8230;<\/p>\n<p><a href=\"http:\/\/www.tetedechat.com\/blog\/photoblog\/2016\/03\/signe_mortadela_brasil_marche_sao_paulo.jpg\" rel=\"attachment wp-att-20290\"><img loading=\"lazy\" decoding=\"async\" class=\"alignnone size-full wp-image-20290\" src=\"http:\/\/www.tetedechat.com\/blog\/photoblog\/2016\/03\/signe_mortadela_brasil_marche_sao_paulo.jpg\" alt=\"\" width=\"800\" height=\"600\" srcset=\"https:\/\/www.tetedechat.com\/blog\/photoblog\/2016\/03\/signe_mortadela_brasil_marche_sao_paulo.jpg 800w, https:\/\/www.tetedechat.com\/blog\/photoblog\/2016\/03\/signe_mortadela_brasil_marche_sao_paulo-300x225.jpg 300w, https:\/\/www.tetedechat.com\/blog\/photoblog\/2016\/03\/signe_mortadela_brasil_marche_sao_paulo-768x576.jpg 768w, https:\/\/www.tetedechat.com\/blog\/photoblog\/2016\/03\/signe_mortadela_brasil_marche_sao_paulo-250x188.jpg 250w\" sizes=\"auto, (max-width: 800px) 100vw, 800px\" \/><\/a><\/p>\n<p><a href=\"http:\/\/www.tetedechat.com\/blog\/photoblog\/2016\/03\/sandwich_signe_mortadela_brasil_marche_sao_paulo.jpg\" rel=\"attachment wp-att-20272\"><img loading=\"lazy\" decoding=\"async\" class=\"alignnone size-full wp-image-20272\" src=\"http:\/\/www.tetedechat.com\/blog\/photoblog\/2016\/03\/sandwich_signe_mortadela_brasil_marche_sao_paulo.jpg\" alt=\"\" width=\"800\" height=\"600\" srcset=\"https:\/\/www.tetedechat.com\/blog\/photoblog\/2016\/03\/sandwich_signe_mortadela_brasil_marche_sao_paulo.jpg 800w, https:\/\/www.tetedechat.com\/blog\/photoblog\/2016\/03\/sandwich_signe_mortadela_brasil_marche_sao_paulo-300x225.jpg 300w, https:\/\/www.tetedechat.com\/blog\/photoblog\/2016\/03\/sandwich_signe_mortadela_brasil_marche_sao_paulo-768x576.jpg 768w, https:\/\/www.tetedechat.com\/blog\/photoblog\/2016\/03\/sandwich_signe_mortadela_brasil_marche_sao_paulo-250x188.jpg 250w\" sizes=\"auto, (max-width: 800px) 100vw, 800px\" \/><\/a><\/p>\n<p>&#8230;mais c&rsquo;\u00e9tait surtout immonde. Et pourtant j&rsquo;en ai mang\u00e9 des trucs dans cette aventure, mais l\u00e0, un nouveau record vient d&rsquo;\u00eatre atteint.<\/p>\n<p><a href=\"http:\/\/www.tetedechat.com\/blog\/photoblog\/2016\/03\/sandwich_signe_mortadela_brasil_marche_sao_paulo_2.jpg\" rel=\"attachment wp-att-20271\"><img loading=\"lazy\" decoding=\"async\" class=\"alignnone size-full wp-image-20271\" src=\"http:\/\/www.tetedechat.com\/blog\/photoblog\/2016\/03\/sandwich_signe_mortadela_brasil_marche_sao_paulo_2.jpg\" alt=\"\" width=\"800\" height=\"600\" srcset=\"https:\/\/www.tetedechat.com\/blog\/photoblog\/2016\/03\/sandwich_signe_mortadela_brasil_marche_sao_paulo_2.jpg 800w, https:\/\/www.tetedechat.com\/blog\/photoblog\/2016\/03\/sandwich_signe_mortadela_brasil_marche_sao_paulo_2-300x225.jpg 300w, https:\/\/www.tetedechat.com\/blog\/photoblog\/2016\/03\/sandwich_signe_mortadela_brasil_marche_sao_paulo_2-768x576.jpg 768w, https:\/\/www.tetedechat.com\/blog\/photoblog\/2016\/03\/sandwich_signe_mortadela_brasil_marche_sao_paulo_2-250x188.jpg 250w\" sizes=\"auto, (max-width: 800px) 100vw, 800px\" \/><\/a><\/p>\n<p>Allons nous r\u00e9galer les yeux, c&rsquo;est plus appr\u00e9ciable.<br \/>\nDe longs raisins, vous connaissiez ?<\/p>\n<p><a href=\"http:\/\/www.tetedechat.com\/blog\/photoblog\/2016\/03\/long_raisins_marche_sao_paulo.jpg\" rel=\"attachment wp-att-20235\"><img loading=\"lazy\" decoding=\"async\" class=\"alignnone size-full wp-image-20235\" src=\"http:\/\/www.tetedechat.com\/blog\/photoblog\/2016\/03\/long_raisins_marche_sao_paulo.jpg\" alt=\"\" width=\"800\" height=\"600\" srcset=\"https:\/\/www.tetedechat.com\/blog\/photoblog\/2016\/03\/long_raisins_marche_sao_paulo.jpg 800w, https:\/\/www.tetedechat.com\/blog\/photoblog\/2016\/03\/long_raisins_marche_sao_paulo-300x225.jpg 300w, https:\/\/www.tetedechat.com\/blog\/photoblog\/2016\/03\/long_raisins_marche_sao_paulo-768x576.jpg 768w, https:\/\/www.tetedechat.com\/blog\/photoblog\/2016\/03\/long_raisins_marche_sao_paulo-250x188.jpg 250w\" sizes=\"auto, (max-width: 800px) 100vw, 800px\" \/><\/a><\/p>\n<p><a href=\"http:\/\/www.tetedechat.com\/blog\/photoblog\/2016\/03\/huiles_marche_sao_paulo.jpg\" rel=\"attachment wp-att-20234\"><img loading=\"lazy\" decoding=\"async\" class=\"alignnone size-full wp-image-20234\" src=\"http:\/\/www.tetedechat.com\/blog\/photoblog\/2016\/03\/huiles_marche_sao_paulo.jpg\" alt=\"\" width=\"800\" height=\"600\" srcset=\"https:\/\/www.tetedechat.com\/blog\/photoblog\/2016\/03\/huiles_marche_sao_paulo.jpg 800w, https:\/\/www.tetedechat.com\/blog\/photoblog\/2016\/03\/huiles_marche_sao_paulo-300x225.jpg 300w, https:\/\/www.tetedechat.com\/blog\/photoblog\/2016\/03\/huiles_marche_sao_paulo-768x576.jpg 768w, https:\/\/www.tetedechat.com\/blog\/photoblog\/2016\/03\/huiles_marche_sao_paulo-250x188.jpg 250w\" sizes=\"auto, (max-width: 800px) 100vw, 800px\" \/><\/a><\/p>\n<p><a href=\"http:\/\/www.tetedechat.com\/blog\/photoblog\/2016\/03\/fruit_pecan_marche_sao_paulo.jpg\" rel=\"attachment wp-att-20232\"><img loading=\"lazy\" decoding=\"async\" class=\"alignnone size-full wp-image-20232\" src=\"http:\/\/www.tetedechat.com\/blog\/photoblog\/2016\/03\/fruit_pecan_marche_sao_paulo.jpg\" alt=\"\" width=\"800\" height=\"600\" srcset=\"https:\/\/www.tetedechat.com\/blog\/photoblog\/2016\/03\/fruit_pecan_marche_sao_paulo.jpg 800w, https:\/\/www.tetedechat.com\/blog\/photoblog\/2016\/03\/fruit_pecan_marche_sao_paulo-300x225.jpg 300w, https:\/\/www.tetedechat.com\/blog\/photoblog\/2016\/03\/fruit_pecan_marche_sao_paulo-768x576.jpg 768w, https:\/\/www.tetedechat.com\/blog\/photoblog\/2016\/03\/fruit_pecan_marche_sao_paulo-250x188.jpg 250w\" sizes=\"auto, (max-width: 800px) 100vw, 800px\" \/><\/a><\/p>\n<p>Ici un fruit particulier au Br\u00e9sil, le jabuticaba<\/p>\n<p><a href=\"http:\/\/www.tetedechat.com\/blog\/photoblog\/2016\/03\/fruit_marche_sao_paulo.jpg\" rel=\"attachment wp-att-20231\"><img loading=\"lazy\" decoding=\"async\" class=\"alignnone size-full wp-image-20231\" src=\"http:\/\/www.tetedechat.com\/blog\/photoblog\/2016\/03\/fruit_marche_sao_paulo.jpg\" alt=\"\" width=\"800\" height=\"600\" srcset=\"https:\/\/www.tetedechat.com\/blog\/photoblog\/2016\/03\/fruit_marche_sao_paulo.jpg 800w, https:\/\/www.tetedechat.com\/blog\/photoblog\/2016\/03\/fruit_marche_sao_paulo-300x225.jpg 300w, https:\/\/www.tetedechat.com\/blog\/photoblog\/2016\/03\/fruit_marche_sao_paulo-768x576.jpg 768w, https:\/\/www.tetedechat.com\/blog\/photoblog\/2016\/03\/fruit_marche_sao_paulo-250x188.jpg 250w\" sizes=\"auto, (max-width: 800px) 100vw, 800px\" \/><\/a><\/p>\n<p>Un petit saucisson pour la route ?<\/p>\n<p><a href=\"http:\/\/www.tetedechat.com\/blog\/photoblog\/2016\/03\/charcuterie_marche_sao_paulo.jpg\" rel=\"attachment wp-att-20226\"><img loading=\"lazy\" decoding=\"async\" class=\"alignnone size-full wp-image-20226\" src=\"http:\/\/www.tetedechat.com\/blog\/photoblog\/2016\/03\/charcuterie_marche_sao_paulo.jpg\" alt=\"\" width=\"800\" height=\"600\" srcset=\"https:\/\/www.tetedechat.com\/blog\/photoblog\/2016\/03\/charcuterie_marche_sao_paulo.jpg 800w, https:\/\/www.tetedechat.com\/blog\/photoblog\/2016\/03\/charcuterie_marche_sao_paulo-300x225.jpg 300w, https:\/\/www.tetedechat.com\/blog\/photoblog\/2016\/03\/charcuterie_marche_sao_paulo-768x576.jpg 768w, https:\/\/www.tetedechat.com\/blog\/photoblog\/2016\/03\/charcuterie_marche_sao_paulo-250x188.jpg 250w\" sizes=\"auto, (max-width: 800px) 100vw, 800px\" \/><\/a><\/p>\n<p><a href=\"http:\/\/www.tetedechat.com\/blog\/photoblog\/2016\/03\/banco_do_pacheco_marche_sao_paulo.jpg\" rel=\"attachment wp-att-20224\"><img loading=\"lazy\" decoding=\"async\" class=\"alignnone size-full wp-image-20224\" src=\"http:\/\/www.tetedechat.com\/blog\/photoblog\/2016\/03\/banco_do_pacheco_marche_sao_paulo.jpg\" alt=\"\" width=\"800\" height=\"600\" srcset=\"https:\/\/www.tetedechat.com\/blog\/photoblog\/2016\/03\/banco_do_pacheco_marche_sao_paulo.jpg 800w, https:\/\/www.tetedechat.com\/blog\/photoblog\/2016\/03\/banco_do_pacheco_marche_sao_paulo-300x225.jpg 300w, https:\/\/www.tetedechat.com\/blog\/photoblog\/2016\/03\/banco_do_pacheco_marche_sao_paulo-768x576.jpg 768w, https:\/\/www.tetedechat.com\/blog\/photoblog\/2016\/03\/banco_do_pacheco_marche_sao_paulo-250x188.jpg 250w\" sizes=\"auto, (max-width: 800px) 100vw, 800px\" \/><\/a><\/p>\n<p>Je ne suis pas rest\u00e9 longtemps, trois jours m&rsquo;ont suffit. J&rsquo;imagine bien que la ville r\u00e9serve d&rsquo;autres facettes, mais comme d&rsquo;habitude dans ce voyage, si \u00e7a me plait je reste, sinon, bye bye.<br \/>\nPourtant je ne d\u00e9conseillerais pas de passer par l\u00e0, S\u00e3o Paulo n&rsquo;est pas pour tout le monde, mais beaucoup pourraient s&rsquo;y plaire.<\/p>\n","protected":false},"excerpt":{"rendered":"<p>S\u00e3o Paulo \u00e9tait pour moi, un incontournable. Cette m\u00e9gapole de 12 millions d&rsquo;habitants est aussi la capitale de l&rsquo;art au Br\u00e9sil.<\/p>\n","protected":false},"author":1,"featured_media":0,"comment_status":"open","ping_status":"open","sticky":false,"template":"","format":"standard","meta":{"_monsterinsights_skip_tracking":false,"_monsterinsights_sitenote_active":false,"_monsterinsights_sitenote_note":"","_monsterinsights_sitenote_category":0,"footnotes":""},"categories":[52,30],"tags":[114,75],"class_list":["post-20223","post","type-post","status-publish","format-standard","hentry","category-dernieres","category-news","tag-bresil","tag-voyage"],"_links":{"self":[{"href":"https:\/\/www.tetedechat.com\/blog\/index.php\/wp-json\/wp\/v2\/posts\/20223","targetHints":{"allow":["GET"]}}],"collection":[{"href":"https:\/\/www.tetedechat.com\/blog\/index.php\/wp-json\/wp\/v2\/posts"}],"about":[{"href":"https:\/\/www.tetedechat.com\/blog\/index.php\/wp-json\/wp\/v2\/types\/post"}],"author":[{"embeddable":true,"href":"https:\/\/www.tetedechat.com\/blog\/index.php\/wp-json\/wp\/v2\/users\/1"}],"replies":[{"embeddable":true,"href":"https:\/\/www.tetedechat.com\/blog\/index.php\/wp-json\/wp\/v2\/comments?post=20223"}],"version-history":[{"count":5,"href":"https:\/\/www.tetedechat.com\/blog\/index.php\/wp-json\/wp\/v2\/posts\/20223\/revisions"}],"predecessor-version":[{"id":22538,"href":"https:\/\/www.tetedechat.com\/blog\/index.php\/wp-json\/wp\/v2\/posts\/20223\/revisions\/22538"}],"wp:attachment":[{"href":"https:\/\/www.tetedechat.com\/blog\/index.php\/wp-json\/wp\/v2\/media?parent=20223"}],"wp:term":[{"taxonomy":"category","embeddable":true,"href":"https:\/\/www.tetedechat.com\/blog\/index.php\/wp-json\/wp\/v2\/categories?post=20223"},{"taxonomy":"post_tag","embeddable":true,"href":"https:\/\/www.tetedechat.com\/blog\/index.php\/wp-json\/wp\/v2\/tags?post=20223"}],"curies":[{"name":"wp","href":"https:\/\/api.w.org\/{rel}","templated":true}]}}