{"id":20347,"date":"2016-05-10T22:53:48","date_gmt":"2016-05-10T21:53:48","guid":{"rendered":"http:\/\/www.tetedechat.com\/blog\/?p=20347"},"modified":"2016-05-10T22:53:48","modified_gmt":"2016-05-10T21:53:48","slug":"montevideo","status":"publish","type":"post","link":"https:\/\/www.tetedechat.com\/blog\/index.php\/montevideo\/","title":{"rendered":"Montevideo"},"content":{"rendered":"<p>Le Sud du Br\u00e9sil est moins int\u00e9ressant \u00e0 mes yeux, presque comme un autre pays, m\u00eame les gens sont diff\u00e9rents.<!--more--> Je suis loin d&rsquo;avoir fini d&rsquo;explorer ma \u00ab\u00a0bucket list\u00a0\u00bb du pays, mais personne n&rsquo;a dit qu&rsquo;il fallait tout visiter en une seule fois. Alors je me d\u00e9cide \u00e0 traverser la fronti\u00e8re pour rejoindre un pays peu touristique, l&rsquo;Uruguay. Bon attention \u00ab\u00a0peu touristique\u00a0\u00bb par les Europ\u00e9ens, Am\u00e9ricains, Canadiens, les pays dits \u00ab\u00a0riches\u00a0\u00bb quoi. En revanche une tonne de br\u00e9siliens, argentins et m\u00eame des chiliens.<br \/>\nLa capitale, Montevideo, sera ma premi\u00e8re image du pays. Le temps est gris, le lieu aussi. Rien de n\u00e9gatif ou positif, une ville \u00ab\u00a0neutre\u00a0\u00bb (de mon point de vue, bien s\u00fbr). Un petit tour en images :<\/p>\n<p><a href=\"http:\/\/www.tetedechat.com\/blog\/photoblog\/2016\/03\/teatro_solis_montevideo.jpg\" rel=\"attachment wp-att-20368\"><img loading=\"lazy\" decoding=\"async\" class=\"alignnone size-full wp-image-20368\" src=\"http:\/\/www.tetedechat.com\/blog\/photoblog\/2016\/03\/teatro_solis_montevideo.jpg\" alt=\"\" width=\"800\" height=\"600\" srcset=\"https:\/\/www.tetedechat.com\/blog\/photoblog\/2016\/03\/teatro_solis_montevideo.jpg 800w, https:\/\/www.tetedechat.com\/blog\/photoblog\/2016\/03\/teatro_solis_montevideo-300x225.jpg 300w, https:\/\/www.tetedechat.com\/blog\/photoblog\/2016\/03\/teatro_solis_montevideo-768x576.jpg 768w, https:\/\/www.tetedechat.com\/blog\/photoblog\/2016\/03\/teatro_solis_montevideo-250x188.jpg 250w\" sizes=\"auto, (max-width: 800px) 100vw, 800px\" \/><\/a><\/p>\n<p><a href=\"http:\/\/www.tetedechat.com\/blog\/photoblog\/2016\/03\/soleil_nelson_mandela_montevideo.jpg\" rel=\"attachment wp-att-20366\"><img loading=\"lazy\" decoding=\"async\" class=\"alignnone size-full wp-image-20366\" src=\"http:\/\/www.tetedechat.com\/blog\/photoblog\/2016\/03\/soleil_nelson_mandela_montevideo.jpg\" alt=\"\" width=\"800\" height=\"600\" srcset=\"https:\/\/www.tetedechat.com\/blog\/photoblog\/2016\/03\/soleil_nelson_mandela_montevideo.jpg 800w, https:\/\/www.tetedechat.com\/blog\/photoblog\/2016\/03\/soleil_nelson_mandela_montevideo-300x225.jpg 300w, https:\/\/www.tetedechat.com\/blog\/photoblog\/2016\/03\/soleil_nelson_mandela_montevideo-768x576.jpg 768w, https:\/\/www.tetedechat.com\/blog\/photoblog\/2016\/03\/soleil_nelson_mandela_montevideo-250x188.jpg 250w\" sizes=\"auto, (max-width: 800px) 100vw, 800px\" \/><\/a><\/p>\n<p><a href=\"http:\/\/www.tetedechat.com\/blog\/photoblog\/2016\/03\/Puerta_de_la_Ciudadela_Montevideo.jpg\" rel=\"attachment wp-att-20365\"><img loading=\"lazy\" decoding=\"async\" class=\"alignnone size-full wp-image-20365\" src=\"http:\/\/www.tetedechat.com\/blog\/photoblog\/2016\/03\/Puerta_de_la_Ciudadela_Montevideo.jpg\" alt=\"\" width=\"800\" height=\"600\" srcset=\"https:\/\/www.tetedechat.com\/blog\/photoblog\/2016\/03\/Puerta_de_la_Ciudadela_Montevideo.jpg 800w, https:\/\/www.tetedechat.com\/blog\/photoblog\/2016\/03\/Puerta_de_la_Ciudadela_Montevideo-300x225.jpg 300w, https:\/\/www.tetedechat.com\/blog\/photoblog\/2016\/03\/Puerta_de_la_Ciudadela_Montevideo-768x576.jpg 768w, https:\/\/www.tetedechat.com\/blog\/photoblog\/2016\/03\/Puerta_de_la_Ciudadela_Montevideo-250x188.jpg 250w\" sizes=\"auto, (max-width: 800px) 100vw, 800px\" \/><\/a> <a href=\"http:\/\/www.tetedechat.com\/blog\/photoblog\/2016\/03\/publicite_Alf_montevideo.jpg\" rel=\"attachment wp-att-20364\"><img loading=\"lazy\" decoding=\"async\" class=\"alignnone size-full wp-image-20364 xgdzonunhplmmrczivvt mgvswzfgzjhbjfswiddx pgjktydtpqsgkzofdcwn\" src=\"http:\/\/www.tetedechat.com\/blog\/photoblog\/2016\/03\/publicite_Alf_montevideo.jpg\" alt=\"\" width=\"800\" height=\"600\" srcset=\"https:\/\/www.tetedechat.com\/blog\/photoblog\/2016\/03\/publicite_Alf_montevideo.jpg 800w, https:\/\/www.tetedechat.com\/blog\/photoblog\/2016\/03\/publicite_Alf_montevideo-300x225.jpg 300w, https:\/\/www.tetedechat.com\/blog\/photoblog\/2016\/03\/publicite_Alf_montevideo-768x576.jpg 768w, https:\/\/www.tetedechat.com\/blog\/photoblog\/2016\/03\/publicite_Alf_montevideo-250x188.jpg 250w\" sizes=\"auto, (max-width: 800px) 100vw, 800px\" \/><\/a><\/p>\n<p><a href=\"http:\/\/www.tetedechat.com\/blog\/photoblog\/2016\/03\/Palacio_Salvo_Montevideo.jpg\" rel=\"attachment wp-att-20362\"><img loading=\"lazy\" decoding=\"async\" class=\"alignnone size-full wp-image-20362\" src=\"http:\/\/www.tetedechat.com\/blog\/photoblog\/2016\/03\/Palacio_Salvo_Montevideo.jpg\" alt=\"\" width=\"800\" height=\"600\" srcset=\"https:\/\/www.tetedechat.com\/blog\/photoblog\/2016\/03\/Palacio_Salvo_Montevideo.jpg 800w, https:\/\/www.tetedechat.com\/blog\/photoblog\/2016\/03\/Palacio_Salvo_Montevideo-300x225.jpg 300w, https:\/\/www.tetedechat.com\/blog\/photoblog\/2016\/03\/Palacio_Salvo_Montevideo-768x576.jpg 768w, https:\/\/www.tetedechat.com\/blog\/photoblog\/2016\/03\/Palacio_Salvo_Montevideo-250x188.jpg 250w\" sizes=\"auto, (max-width: 800px) 100vw, 800px\" \/><\/a><\/p>\n<p><a href=\"http:\/\/www.tetedechat.com\/blog\/photoblog\/2016\/03\/Palacio_Legislativo_montevideo.jpg\" rel=\"attachment wp-att-20361\"><img loading=\"lazy\" decoding=\"async\" class=\"alignnone size-full wp-image-20361\" src=\"http:\/\/www.tetedechat.com\/blog\/photoblog\/2016\/03\/Palacio_Legislativo_montevideo.jpg\" alt=\"\" width=\"800\" height=\"600\" srcset=\"https:\/\/www.tetedechat.com\/blog\/photoblog\/2016\/03\/Palacio_Legislativo_montevideo.jpg 800w, https:\/\/www.tetedechat.com\/blog\/photoblog\/2016\/03\/Palacio_Legislativo_montevideo-300x225.jpg 300w, https:\/\/www.tetedechat.com\/blog\/photoblog\/2016\/03\/Palacio_Legislativo_montevideo-768x576.jpg 768w, https:\/\/www.tetedechat.com\/blog\/photoblog\/2016\/03\/Palacio_Legislativo_montevideo-250x188.jpg 250w\" sizes=\"auto, (max-width: 800px) 100vw, 800px\" \/><\/a><\/p>\n<p><a href=\"http:\/\/www.tetedechat.com\/blog\/photoblog\/2016\/03\/Palacio_Legislativo_montevideo_statue.jpg\" rel=\"attachment wp-att-20360\"><img loading=\"lazy\" decoding=\"async\" class=\"alignnone size-full wp-image-20360\" src=\"http:\/\/www.tetedechat.com\/blog\/photoblog\/2016\/03\/Palacio_Legislativo_montevideo_statue.jpg\" alt=\"\" width=\"800\" height=\"600\" srcset=\"https:\/\/www.tetedechat.com\/blog\/photoblog\/2016\/03\/Palacio_Legislativo_montevideo_statue.jpg 800w, https:\/\/www.tetedechat.com\/blog\/photoblog\/2016\/03\/Palacio_Legislativo_montevideo_statue-300x225.jpg 300w, https:\/\/www.tetedechat.com\/blog\/photoblog\/2016\/03\/Palacio_Legislativo_montevideo_statue-768x576.jpg 768w, https:\/\/www.tetedechat.com\/blog\/photoblog\/2016\/03\/Palacio_Legislativo_montevideo_statue-250x188.jpg 250w\" sizes=\"auto, (max-width: 800px) 100vw, 800px\" \/><\/a><\/p>\n<p><a href=\"http:\/\/www.tetedechat.com\/blog\/photoblog\/2016\/03\/Palacio_Legislativo_montevideo_4.jpg\" rel=\"attachment wp-att-20359\"><img loading=\"lazy\" decoding=\"async\" class=\"alignnone size-full wp-image-20359\" src=\"http:\/\/www.tetedechat.com\/blog\/photoblog\/2016\/03\/Palacio_Legislativo_montevideo_4.jpg\" alt=\"\" width=\"800\" height=\"600\" srcset=\"https:\/\/www.tetedechat.com\/blog\/photoblog\/2016\/03\/Palacio_Legislativo_montevideo_4.jpg 800w, https:\/\/www.tetedechat.com\/blog\/photoblog\/2016\/03\/Palacio_Legislativo_montevideo_4-300x225.jpg 300w, https:\/\/www.tetedechat.com\/blog\/photoblog\/2016\/03\/Palacio_Legislativo_montevideo_4-768x576.jpg 768w, https:\/\/www.tetedechat.com\/blog\/photoblog\/2016\/03\/Palacio_Legislativo_montevideo_4-250x188.jpg 250w\" sizes=\"auto, (max-width: 800px) 100vw, 800px\" \/><\/a><\/p>\n<p><a href=\"http:\/\/www.tetedechat.com\/blog\/photoblog\/2016\/03\/Palacio_Legislativo_montevideo_3.jpg\" rel=\"attachment wp-att-20358\"><img loading=\"lazy\" decoding=\"async\" class=\"alignnone size-full wp-image-20358\" src=\"http:\/\/www.tetedechat.com\/blog\/photoblog\/2016\/03\/Palacio_Legislativo_montevideo_3.jpg\" alt=\"\" width=\"800\" height=\"600\" srcset=\"https:\/\/www.tetedechat.com\/blog\/photoblog\/2016\/03\/Palacio_Legislativo_montevideo_3.jpg 800w, https:\/\/www.tetedechat.com\/blog\/photoblog\/2016\/03\/Palacio_Legislativo_montevideo_3-300x225.jpg 300w, https:\/\/www.tetedechat.com\/blog\/photoblog\/2016\/03\/Palacio_Legislativo_montevideo_3-768x576.jpg 768w, https:\/\/www.tetedechat.com\/blog\/photoblog\/2016\/03\/Palacio_Legislativo_montevideo_3-250x188.jpg 250w\" sizes=\"auto, (max-width: 800px) 100vw, 800px\" \/><\/a><\/p>\n<p><a href=\"http:\/\/www.tetedechat.com\/blog\/photoblog\/2016\/03\/dessin_craie_montevideo.jpg\" rel=\"attachment wp-att-20349\"><img loading=\"lazy\" decoding=\"async\" class=\"alignnone size-full wp-image-20349\" src=\"http:\/\/www.tetedechat.com\/blog\/photoblog\/2016\/03\/dessin_craie_montevideo.jpg\" alt=\"\" width=\"800\" height=\"600\" srcset=\"https:\/\/www.tetedechat.com\/blog\/photoblog\/2016\/03\/dessin_craie_montevideo.jpg 800w, https:\/\/www.tetedechat.com\/blog\/photoblog\/2016\/03\/dessin_craie_montevideo-300x225.jpg 300w, https:\/\/www.tetedechat.com\/blog\/photoblog\/2016\/03\/dessin_craie_montevideo-768x576.jpg 768w, https:\/\/www.tetedechat.com\/blog\/photoblog\/2016\/03\/dessin_craie_montevideo-250x188.jpg 250w\" sizes=\"auto, (max-width: 800px) 100vw, 800px\" \/><\/a><\/p>\n<p><a href=\"http:\/\/www.tetedechat.com\/blog\/photoblog\/2016\/03\/Palacio_Legislativo_montevideo_2.jpg\" rel=\"attachment wp-att-20357\"><img loading=\"lazy\" decoding=\"async\" class=\"alignnone size-full wp-image-20357\" src=\"http:\/\/www.tetedechat.com\/blog\/photoblog\/2016\/03\/Palacio_Legislativo_montevideo_2.jpg\" alt=\"\" width=\"800\" height=\"600\" srcset=\"https:\/\/www.tetedechat.com\/blog\/photoblog\/2016\/03\/Palacio_Legislativo_montevideo_2.jpg 800w, https:\/\/www.tetedechat.com\/blog\/photoblog\/2016\/03\/Palacio_Legislativo_montevideo_2-300x225.jpg 300w, https:\/\/www.tetedechat.com\/blog\/photoblog\/2016\/03\/Palacio_Legislativo_montevideo_2-768x576.jpg 768w, https:\/\/www.tetedechat.com\/blog\/photoblog\/2016\/03\/Palacio_Legislativo_montevideo_2-250x188.jpg 250w\" sizes=\"auto, (max-width: 800px) 100vw, 800px\" \/><\/a><\/p>\n<p>Je ne suis \u00e9blouie ni par la ville, ni par la nourriture.<\/p>\n<p><a href=\"http:\/\/www.tetedechat.com\/blog\/photoblog\/2016\/03\/tarte_montevideo.jpg\" rel=\"attachment wp-att-20367\"><img loading=\"lazy\" decoding=\"async\" class=\"alignnone size-full wp-image-20367\" src=\"http:\/\/www.tetedechat.com\/blog\/photoblog\/2016\/03\/tarte_montevideo.jpg\" alt=\"\" width=\"800\" height=\"600\" srcset=\"https:\/\/www.tetedechat.com\/blog\/photoblog\/2016\/03\/tarte_montevideo.jpg 800w, https:\/\/www.tetedechat.com\/blog\/photoblog\/2016\/03\/tarte_montevideo-300x225.jpg 300w, https:\/\/www.tetedechat.com\/blog\/photoblog\/2016\/03\/tarte_montevideo-768x576.jpg 768w, https:\/\/www.tetedechat.com\/blog\/photoblog\/2016\/03\/tarte_montevideo-250x188.jpg 250w\" sizes=\"auto, (max-width: 800px) 100vw, 800px\" \/><\/a><\/p>\n<p><a href=\"http:\/\/www.tetedechat.com\/blog\/photoblog\/2016\/03\/lunch_montevideo.jpg\" rel=\"attachment wp-att-20351\"><img loading=\"lazy\" decoding=\"async\" class=\"alignnone size-full wp-image-20351\" src=\"http:\/\/www.tetedechat.com\/blog\/photoblog\/2016\/03\/lunch_montevideo.jpg\" alt=\"\" width=\"800\" height=\"600\" srcset=\"https:\/\/www.tetedechat.com\/blog\/photoblog\/2016\/03\/lunch_montevideo.jpg 800w, https:\/\/www.tetedechat.com\/blog\/photoblog\/2016\/03\/lunch_montevideo-300x225.jpg 300w, https:\/\/www.tetedechat.com\/blog\/photoblog\/2016\/03\/lunch_montevideo-768x576.jpg 768w, https:\/\/www.tetedechat.com\/blog\/photoblog\/2016\/03\/lunch_montevideo-250x188.jpg 250w\" sizes=\"auto, (max-width: 800px) 100vw, 800px\" \/><\/a><\/p>\n<p>Gros point positif, le march\u00e9 hebdomadaire, des rues enti\u00e8res transform\u00e9es en \u00e9talages d&rsquo;un autre temps. Un r\u00eave de brocanteur, on y trouve absolument de tout, de quoi bien vous r\u00e9galer les yeux, et m\u00eame pour un gars comme moi, qui que n&rsquo;y connait absolument rien.<\/p>\n<p><a href=\"http:\/\/www.tetedechat.com\/blog\/photoblog\/2016\/03\/objets_marche_montevideo.jpg\" rel=\"attachment wp-att-20356\"><img loading=\"lazy\" decoding=\"async\" class=\"alignnone size-full wp-image-20356\" src=\"http:\/\/www.tetedechat.com\/blog\/photoblog\/2016\/03\/objets_marche_montevideo.jpg\" alt=\"\" width=\"800\" height=\"600\" srcset=\"https:\/\/www.tetedechat.com\/blog\/photoblog\/2016\/03\/objets_marche_montevideo.jpg 800w, https:\/\/www.tetedechat.com\/blog\/photoblog\/2016\/03\/objets_marche_montevideo-300x225.jpg 300w, https:\/\/www.tetedechat.com\/blog\/photoblog\/2016\/03\/objets_marche_montevideo-768x576.jpg 768w, https:\/\/www.tetedechat.com\/blog\/photoblog\/2016\/03\/objets_marche_montevideo-250x188.jpg 250w\" sizes=\"auto, (max-width: 800px) 100vw, 800px\" \/><\/a><\/p>\n<p><a href=\"http:\/\/www.tetedechat.com\/blog\/photoblog\/2016\/03\/objets_bouteilles_marche_montevideo.jpg\" rel=\"attachment wp-att-20355\"><img loading=\"lazy\" decoding=\"async\" class=\"alignnone size-full wp-image-20355\" src=\"http:\/\/www.tetedechat.com\/blog\/photoblog\/2016\/03\/objets_bouteilles_marche_montevideo.jpg\" alt=\"\" width=\"800\" height=\"600\" srcset=\"https:\/\/www.tetedechat.com\/blog\/photoblog\/2016\/03\/objets_bouteilles_marche_montevideo.jpg 800w, https:\/\/www.tetedechat.com\/blog\/photoblog\/2016\/03\/objets_bouteilles_marche_montevideo-300x225.jpg 300w, https:\/\/www.tetedechat.com\/blog\/photoblog\/2016\/03\/objets_bouteilles_marche_montevideo-768x576.jpg 768w, https:\/\/www.tetedechat.com\/blog\/photoblog\/2016\/03\/objets_bouteilles_marche_montevideo-250x188.jpg 250w\" sizes=\"auto, (max-width: 800px) 100vw, 800px\" \/><\/a><\/p>\n<p><a href=\"http:\/\/www.tetedechat.com\/blog\/photoblog\/2016\/03\/objets_boites_marche_montevideo.jpg\" rel=\"attachment wp-att-20354\"><img loading=\"lazy\" decoding=\"async\" class=\"alignnone size-full wp-image-20354\" src=\"http:\/\/www.tetedechat.com\/blog\/photoblog\/2016\/03\/objets_boites_marche_montevideo.jpg\" alt=\"\" width=\"800\" height=\"600\" srcset=\"https:\/\/www.tetedechat.com\/blog\/photoblog\/2016\/03\/objets_boites_marche_montevideo.jpg 800w, https:\/\/www.tetedechat.com\/blog\/photoblog\/2016\/03\/objets_boites_marche_montevideo-300x225.jpg 300w, https:\/\/www.tetedechat.com\/blog\/photoblog\/2016\/03\/objets_boites_marche_montevideo-768x576.jpg 768w, https:\/\/www.tetedechat.com\/blog\/photoblog\/2016\/03\/objets_boites_marche_montevideo-250x188.jpg 250w\" sizes=\"auto, (max-width: 800px) 100vw, 800px\" \/><\/a><\/p>\n<p><a href=\"http:\/\/www.tetedechat.com\/blog\/photoblog\/2016\/03\/objet_sol_marche_montevideo.jpg\" rel=\"attachment wp-att-20353\"><img loading=\"lazy\" decoding=\"async\" class=\"alignnone size-full wp-image-20353\" src=\"http:\/\/www.tetedechat.com\/blog\/photoblog\/2016\/03\/objet_sol_marche_montevideo.jpg\" alt=\"\" width=\"800\" height=\"600\" srcset=\"https:\/\/www.tetedechat.com\/blog\/photoblog\/2016\/03\/objet_sol_marche_montevideo.jpg 800w, https:\/\/www.tetedechat.com\/blog\/photoblog\/2016\/03\/objet_sol_marche_montevideo-300x225.jpg 300w, https:\/\/www.tetedechat.com\/blog\/photoblog\/2016\/03\/objet_sol_marche_montevideo-768x576.jpg 768w, https:\/\/www.tetedechat.com\/blog\/photoblog\/2016\/03\/objet_sol_marche_montevideo-250x188.jpg 250w\" sizes=\"auto, (max-width: 800px) 100vw, 800px\" \/><\/a><\/p>\n<p><a href=\"http:\/\/www.tetedechat.com\/blog\/photoblog\/2016\/03\/machine_a_ecrire_marche_montevideo.jpg\" rel=\"attachment wp-att-20352\"><img loading=\"lazy\" decoding=\"async\" class=\"alignnone size-full wp-image-20352\" src=\"http:\/\/www.tetedechat.com\/blog\/photoblog\/2016\/03\/machine_a_ecrire_marche_montevideo.jpg\" alt=\"\" width=\"800\" height=\"600\" srcset=\"https:\/\/www.tetedechat.com\/blog\/photoblog\/2016\/03\/machine_a_ecrire_marche_montevideo.jpg 800w, https:\/\/www.tetedechat.com\/blog\/photoblog\/2016\/03\/machine_a_ecrire_marche_montevideo-300x225.jpg 300w, https:\/\/www.tetedechat.com\/blog\/photoblog\/2016\/03\/machine_a_ecrire_marche_montevideo-768x576.jpg 768w, https:\/\/www.tetedechat.com\/blog\/photoblog\/2016\/03\/machine_a_ecrire_marche_montevideo-250x188.jpg 250w\" sizes=\"auto, (max-width: 800px) 100vw, 800px\" \/><\/a><\/p>\n<p><a href=\"http:\/\/www.tetedechat.com\/blog\/photoblog\/2016\/03\/vinyls_montevideo.jpg\" rel=\"attachment wp-att-20370\"><img loading=\"lazy\" decoding=\"async\" class=\"alignnone size-full wp-image-20370\" src=\"http:\/\/www.tetedechat.com\/blog\/photoblog\/2016\/03\/vinyls_montevideo.jpg\" alt=\"\" width=\"800\" height=\"600\" srcset=\"https:\/\/www.tetedechat.com\/blog\/photoblog\/2016\/03\/vinyls_montevideo.jpg 800w, https:\/\/www.tetedechat.com\/blog\/photoblog\/2016\/03\/vinyls_montevideo-300x225.jpg 300w, https:\/\/www.tetedechat.com\/blog\/photoblog\/2016\/03\/vinyls_montevideo-768x576.jpg 768w, https:\/\/www.tetedechat.com\/blog\/photoblog\/2016\/03\/vinyls_montevideo-250x188.jpg 250w\" sizes=\"auto, (max-width: 800px) 100vw, 800px\" \/><\/a><\/p>\n<p>Les rues ne d\u00e9semplissent pas, cela fait du bien toute cette vie, car jusqu&rsquo;\u00e0 maintenant je trouvais la ville un peu morte&#8230;<\/p>\n<p><a href=\"http:\/\/www.tetedechat.com\/blog\/photoblog\/2016\/03\/poussette_marche_montevideo.jpg\" rel=\"attachment wp-att-20363\"><img loading=\"lazy\" decoding=\"async\" class=\"alignnone size-full wp-image-20363\" src=\"http:\/\/www.tetedechat.com\/blog\/photoblog\/2016\/03\/poussette_marche_montevideo.jpg\" alt=\"\" width=\"800\" height=\"600\" srcset=\"https:\/\/www.tetedechat.com\/blog\/photoblog\/2016\/03\/poussette_marche_montevideo.jpg 800w, https:\/\/www.tetedechat.com\/blog\/photoblog\/2016\/03\/poussette_marche_montevideo-300x225.jpg 300w, https:\/\/www.tetedechat.com\/blog\/photoblog\/2016\/03\/poussette_marche_montevideo-768x576.jpg 768w, https:\/\/www.tetedechat.com\/blog\/photoblog\/2016\/03\/poussette_marche_montevideo-250x188.jpg 250w\" sizes=\"auto, (max-width: 800px) 100vw, 800px\" \/><\/a><\/p>\n<p><a href=\"http:\/\/www.tetedechat.com\/blog\/photoblog\/2016\/03\/etalage_marche_montevideo.jpg\" rel=\"attachment wp-att-20350\"><img loading=\"lazy\" decoding=\"async\" class=\"alignnone size-full wp-image-20350\" src=\"http:\/\/www.tetedechat.com\/blog\/photoblog\/2016\/03\/etalage_marche_montevideo.jpg\" alt=\"\" width=\"800\" height=\"600\" srcset=\"https:\/\/www.tetedechat.com\/blog\/photoblog\/2016\/03\/etalage_marche_montevideo.jpg 800w, https:\/\/www.tetedechat.com\/blog\/photoblog\/2016\/03\/etalage_marche_montevideo-300x225.jpg 300w, https:\/\/www.tetedechat.com\/blog\/photoblog\/2016\/03\/etalage_marche_montevideo-768x576.jpg 768w, https:\/\/www.tetedechat.com\/blog\/photoblog\/2016\/03\/etalage_marche_montevideo-250x188.jpg 250w\" sizes=\"auto, (max-width: 800px) 100vw, 800px\" \/><\/a><\/p>\n<p><a href=\"http:\/\/www.tetedechat.com\/blog\/photoblog\/2016\/03\/damier_montevideojpg.jpg\" rel=\"attachment wp-att-20348\"><img loading=\"lazy\" decoding=\"async\" class=\"alignnone size-full wp-image-20348\" src=\"http:\/\/www.tetedechat.com\/blog\/photoblog\/2016\/03\/damier_montevideojpg.jpg\" alt=\"\" width=\"800\" height=\"600\" srcset=\"https:\/\/www.tetedechat.com\/blog\/photoblog\/2016\/03\/damier_montevideojpg.jpg 800w, https:\/\/www.tetedechat.com\/blog\/photoblog\/2016\/03\/damier_montevideojpg-300x225.jpg 300w, https:\/\/www.tetedechat.com\/blog\/photoblog\/2016\/03\/damier_montevideojpg-768x576.jpg 768w, https:\/\/www.tetedechat.com\/blog\/photoblog\/2016\/03\/damier_montevideojpg-250x188.jpg 250w\" sizes=\"auto, (max-width: 800px) 100vw, 800px\" \/><\/a> <a href=\"http:\/\/www.tetedechat.com\/blog\/photoblog\/2016\/03\/publicite_Alf_montevideo-1.jpg\" rel=\"attachment wp-att-20372\"><img loading=\"lazy\" decoding=\"async\" class=\"alignnone size-full wp-image-20372 xgdzonunhplmmrczivvt mgvswzfgzjhbjfswiddx pgjktydtpqsgkzofdcwn\" src=\"http:\/\/www.tetedechat.com\/blog\/photoblog\/2016\/03\/publicite_Alf_montevideo-1.jpg\" alt=\"\" width=\"800\" height=\"600\" srcset=\"https:\/\/www.tetedechat.com\/blog\/photoblog\/2016\/03\/publicite_Alf_montevideo-1.jpg 800w, https:\/\/www.tetedechat.com\/blog\/photoblog\/2016\/03\/publicite_Alf_montevideo-1-300x225.jpg 300w, https:\/\/www.tetedechat.com\/blog\/photoblog\/2016\/03\/publicite_Alf_montevideo-1-768x576.jpg 768w, https:\/\/www.tetedechat.com\/blog\/photoblog\/2016\/03\/publicite_Alf_montevideo-1-250x188.jpg 250w\" sizes=\"auto, (max-width: 800px) 100vw, 800px\" \/><\/a><\/p>\n<p>Pas beaucoup plus \u00e0 vous raconter, Montevideo ne m&rsquo;a pas sp\u00e9cialement inspir\u00e9, mais c&rsquo;est une capitale, je pense que c&rsquo;est toujours mieux d&rsquo;avoir une image, quelle qu&rsquo;elle soit, de la capitale d&rsquo;un pays.<br \/>\nAlors je ne pouvais pas, juste ne pas mentionner cette \u00e9tape du voyage, on efface pas une ville comme \u00e7a, surtout quand, encore aujourd&rsquo;hui, elle se sert de Alf pour des publicit\u00e9s nationales, rien que pour \u00e7a, elle m\u00e9rite sa place sur le blog (lol).<a href=\"http:\/\/www.tetedechat.com\/blog\/photoblog\/2016\/03\/publicite_Alf_montevideo-1.jpg\" rel=\"attachment wp-att-20372\"><img loading=\"lazy\" decoding=\"async\" class=\"alignnone size-full wp-image-20372 xgdzonunhplmmrczivvt mgvswzfgzjhbjfswiddx pgjktydtpqsgkzofdcwn\" src=\"http:\/\/www.tetedechat.com\/blog\/photoblog\/2016\/03\/publicite_Alf_montevideo-1.jpg\" alt=\"\" width=\"800\" height=\"600\" srcset=\"https:\/\/www.tetedechat.com\/blog\/photoblog\/2016\/03\/publicite_Alf_montevideo-1.jpg 800w, https:\/\/www.tetedechat.com\/blog\/photoblog\/2016\/03\/publicite_Alf_montevideo-1-300x225.jpg 300w, https:\/\/www.tetedechat.com\/blog\/photoblog\/2016\/03\/publicite_Alf_montevideo-1-768x576.jpg 768w, https:\/\/www.tetedechat.com\/blog\/photoblog\/2016\/03\/publicite_Alf_montevideo-1-250x188.jpg 250w\" sizes=\"auto, (max-width: 800px) 100vw, 800px\" \/><\/a><a href=\"http:\/\/www.tetedechat.com\/blog\/photoblog\/2016\/03\/publicite_Alf_montevideo-2.jpg\" rel=\"attachment wp-att-20373\"><img loading=\"lazy\" decoding=\"async\" class=\"alignnone size-full wp-image-20373 xgdzonunhplmmrczivvt mgvswzfgzjhbjfswiddx pgjktydtpqsgkzofdcwn\" src=\"http:\/\/www.tetedechat.com\/blog\/photoblog\/2016\/03\/publicite_Alf_montevideo-2.jpg\" alt=\"publicite_Alf_montevideo\" width=\"800\" height=\"600\" srcset=\"https:\/\/www.tetedechat.com\/blog\/photoblog\/2016\/03\/publicite_Alf_montevideo-2.jpg 800w, https:\/\/www.tetedechat.com\/blog\/photoblog\/2016\/03\/publicite_Alf_montevideo-2-300x225.jpg 300w, https:\/\/www.tetedechat.com\/blog\/photoblog\/2016\/03\/publicite_Alf_montevideo-2-768x576.jpg 768w, https:\/\/www.tetedechat.com\/blog\/photoblog\/2016\/03\/publicite_Alf_montevideo-2-250x188.jpg 250w\" sizes=\"auto, (max-width: 800px) 100vw, 800px\" \/><\/a> <a href=\"http:\/\/www.tetedechat.com\/blog\/photoblog\/2016\/03\/publicite_Alf_montevideo-1.jpg\" rel=\"attachment wp-att-20372\"><img loading=\"lazy\" decoding=\"async\" class=\"alignnone size-full wp-image-20372 xgdzonunhplmmrczivvt mgvswzfgzjhbjfswiddx pgjktydtpqsgkzofdcwn\" src=\"http:\/\/www.tetedechat.com\/blog\/photoblog\/2016\/03\/publicite_Alf_montevideo-1.jpg\" alt=\"\" width=\"800\" height=\"600\" srcset=\"https:\/\/www.tetedechat.com\/blog\/photoblog\/2016\/03\/publicite_Alf_montevideo-1.jpg 800w, https:\/\/www.tetedechat.com\/blog\/photoblog\/2016\/03\/publicite_Alf_montevideo-1-300x225.jpg 300w, https:\/\/www.tetedechat.com\/blog\/photoblog\/2016\/03\/publicite_Alf_montevideo-1-768x576.jpg 768w, https:\/\/www.tetedechat.com\/blog\/photoblog\/2016\/03\/publicite_Alf_montevideo-1-250x188.jpg 250w\" sizes=\"auto, (max-width: 800px) 100vw, 800px\" \/><\/a><\/p>\n<p><a href=\"http:\/\/www.tetedechat.com\/blog\/photoblog\/2016\/03\/pub_Alf_montevideo.jpg\" rel=\"attachment wp-att-20713\"><img loading=\"lazy\" decoding=\"async\" class=\"alignnone size-full wp-image-20713\" src=\"http:\/\/www.tetedechat.com\/blog\/photoblog\/2016\/03\/pub_Alf_montevideo.jpg\" alt=\"\" width=\"800\" height=\"600\" srcset=\"https:\/\/www.tetedechat.com\/blog\/photoblog\/2016\/03\/pub_Alf_montevideo.jpg 800w, https:\/\/www.tetedechat.com\/blog\/photoblog\/2016\/03\/pub_Alf_montevideo-300x225.jpg 300w, https:\/\/www.tetedechat.com\/blog\/photoblog\/2016\/03\/pub_Alf_montevideo-768x576.jpg 768w, https:\/\/www.tetedechat.com\/blog\/photoblog\/2016\/03\/pub_Alf_montevideo-250x188.jpg 250w\" sizes=\"auto, (max-width: 800px) 100vw, 800px\" \/><\/a><\/p>\n<p>En ce qui concerne le pratique, les prix sont sup\u00e9rieurs au Br\u00e9sil (d\u00e9j\u00e0 pas donn\u00e9&#8230;) mais avec moins de service, genre vous pouvez trouver un dortoir au Br\u00e9sil \u00e0 10$, ce prix inclus le petit-d\u00e9jeuner qui se compose de pains diverses, confiture, beurre, th\u00e9, caf\u00e9, fruits (2 ou 3 sortes), jambon, fromage, jus de fruit, et parfois \u0153ufs. Ici un dortoir c&rsquo;est 12 \u00e0 15$, et au petit-d\u00e9jeuner vous avez du pain de mie, de la confiture, du th\u00e9 et &#8230;c&rsquo;est tout. Payer plus pour avoir moins, pas vraiment le top ces premiers pas en Uruguay.<\/p>\n","protected":false},"excerpt":{"rendered":"<p>Le Sud du Br\u00e9sil est moins int\u00e9ressant \u00e0 mes yeux, presque comme un autre pays, m\u00eame les gens sont diff\u00e9rents.<\/p>\n","protected":false},"author":1,"featured_media":0,"comment_status":"open","ping_status":"open","sticky":false,"template":"","format":"standard","meta":{"_monsterinsights_skip_tracking":false,"_monsterinsights_sitenote_active":false,"_monsterinsights_sitenote_note":"","_monsterinsights_sitenote_category":0,"footnotes":""},"categories":[52,30],"tags":[115,75],"class_list":["post-20347","post","type-post","status-publish","format-standard","hentry","category-dernieres","category-news","tag-uruguay","tag-voyage"],"_links":{"self":[{"href":"https:\/\/www.tetedechat.com\/blog\/index.php\/wp-json\/wp\/v2\/posts\/20347","targetHints":{"allow":["GET"]}}],"collection":[{"href":"https:\/\/www.tetedechat.com\/blog\/index.php\/wp-json\/wp\/v2\/posts"}],"about":[{"href":"https:\/\/www.tetedechat.com\/blog\/index.php\/wp-json\/wp\/v2\/types\/post"}],"author":[{"embeddable":true,"href":"https:\/\/www.tetedechat.com\/blog\/index.php\/wp-json\/wp\/v2\/users\/1"}],"replies":[{"embeddable":true,"href":"https:\/\/www.tetedechat.com\/blog\/index.php\/wp-json\/wp\/v2\/comments?post=20347"}],"version-history":[{"count":9,"href":"https:\/\/www.tetedechat.com\/blog\/index.php\/wp-json\/wp\/v2\/posts\/20347\/revisions"}],"predecessor-version":[{"id":22555,"href":"https:\/\/www.tetedechat.com\/blog\/index.php\/wp-json\/wp\/v2\/posts\/20347\/revisions\/22555"}],"wp:attachment":[{"href":"https:\/\/www.tetedechat.com\/blog\/index.php\/wp-json\/wp\/v2\/media?parent=20347"}],"wp:term":[{"taxonomy":"category","embeddable":true,"href":"https:\/\/www.tetedechat.com\/blog\/index.php\/wp-json\/wp\/v2\/categories?post=20347"},{"taxonomy":"post_tag","embeddable":true,"href":"https:\/\/www.tetedechat.com\/blog\/index.php\/wp-json\/wp\/v2\/tags?post=20347"}],"curies":[{"name":"wp","href":"https:\/\/api.w.org\/{rel}","templated":true}]}}