{"id":21033,"date":"2016-08-16T21:43:30","date_gmt":"2016-08-16T20:43:30","guid":{"rendered":"http:\/\/www.tetedechat.com\/blog\/?p=21033"},"modified":"2016-08-16T22:04:02","modified_gmt":"2016-08-16T21:04:02","slug":"torres-del-paine","status":"publish","type":"post","link":"https:\/\/www.tetedechat.com\/blog\/index.php\/torres-del-paine\/","title":{"rendered":"Torres del Paine"},"content":{"rendered":"<p>De Punta Arenas je rejoints Puerto Natales, porte d&rsquo;entr\u00e9e du parc National Torres Del Paine.<!--more--><br \/>\nUn parc que l&rsquo;on parcours en \u00ab\u00a0W\u00a0\u00bb (4 \u00e0 6 jours) ou en \u00ab\u00a0O\u00a0\u00bb (7 \u00e0 12 jours), et encore une fois, pour pas faire comme tout le monde, j&rsquo;ai fais un \u00ab\u00a0W\u00a0\u00bb allong\u00e9 ou un 3\/4 de \u00ab\u00a0O\u00a0\u00bb, vous ne comprenez pas ?<br \/>\nEn fait selon le trekking choisi, le chemin trac\u00e9 sur la carte forme un \u00ab\u00a0W\u00a0\u00bb ou un (dr\u00f4le de) \u00ab\u00a0O\u00a0\u00bb, voici ce que j&rsquo;ai trouv\u00e9 sur le blog de <a href=\"https:\/\/toraadventure.wordpress.com\/2014\/11\/13\/torres-del-paine-hiking-the-o-circuit-day-434\/\" target=\"_blank\">Tora Adventure<\/a> :<\/p>\n<p><a href=\"http:\/\/www.tetedechat.com\/blog\/photoblog\/2016\/08\/torres-del-paine-o-and-w.jpg\"><img loading=\"lazy\" decoding=\"async\" class=\"aligncenter wp-image-22689 size-full\" src=\"http:\/\/www.tetedechat.com\/blog\/photoblog\/2016\/08\/torres-del-paine-o-and-w.jpg\" alt=\"torres-del-paine-o-and-w\" width=\"547\" height=\"235\" srcset=\"https:\/\/www.tetedechat.com\/blog\/photoblog\/2016\/08\/torres-del-paine-o-and-w.jpg 547w, https:\/\/www.tetedechat.com\/blog\/photoblog\/2016\/08\/torres-del-paine-o-and-w-300x129.jpg 300w, https:\/\/www.tetedechat.com\/blog\/photoblog\/2016\/08\/torres-del-paine-o-and-w-250x107.jpg 250w\" sizes=\"auto, (max-width: 547px) 100vw, 547px\" \/><\/a><\/p>\n<p>Oui je sais le \u00ab\u00a0O\u00a0\u00bb est un peu tir\u00e9 par les cheveux, mais le \u00ab\u00a0W\u00a0\u00bb est quand m\u00eame bien visible.<br \/>\nAlors je ne vais pas tout vous expliquer, ni donner trop de d\u00e9tails sur le parcours ou les noms (des montagnes, des campings, etc.), mais vous allez pouvoir apercevoir en photos et au jour le jour, ce sublime trekking.<br \/>\nUne fois pay\u00e9 les droits d&rsquo;entr\u00e9e (astronomiques !), le bus vous laisse sur une route de gravier, et de l\u00e0 2 choix s&rsquo;offrent \u00e0 vous pour parcourir les 7Km qui vous s\u00e9parent de la \u00ab\u00a0vraie\u00a0\u00bb nature, un bus qui vous co\u00fbte un bras, ou la marche, devinez se que j&rsquo;ai choisi ?<\/p>\n<p><a href=\"http:\/\/www.tetedechat.com\/blog\/photoblog\/2016\/03\/pont_metal_torres_del_paine.jpg\" rel=\"attachment wp-att-21148\"><img loading=\"lazy\" decoding=\"async\" class=\"alignnone size-full wp-image-21148\" src=\"http:\/\/www.tetedechat.com\/blog\/photoblog\/2016\/03\/pont_metal_torres_del_paine.jpg\" alt=\"\" width=\"800\" height=\"600\" srcset=\"https:\/\/www.tetedechat.com\/blog\/photoblog\/2016\/03\/pont_metal_torres_del_paine.jpg 800w, https:\/\/www.tetedechat.com\/blog\/photoblog\/2016\/03\/pont_metal_torres_del_paine-300x225.jpg 300w, https:\/\/www.tetedechat.com\/blog\/photoblog\/2016\/03\/pont_metal_torres_del_paine-768x576.jpg 768w, https:\/\/www.tetedechat.com\/blog\/photoblog\/2016\/03\/pont_metal_torres_del_paine-250x188.jpg 250w\" sizes=\"auto, (max-width: 800px) 100vw, 800px\" \/><\/a><\/p>\n<p><a href=\"http:\/\/www.tetedechat.com\/blog\/photoblog\/2016\/03\/pont_metal_montagne_parc_national_torres_del_paine.jpg\" rel=\"attachment wp-att-21147\"><img loading=\"lazy\" decoding=\"async\" class=\"alignnone size-full wp-image-21147\" src=\"http:\/\/www.tetedechat.com\/blog\/photoblog\/2016\/03\/pont_metal_montagne_parc_national_torres_del_paine.jpg\" alt=\"\" width=\"800\" height=\"533\" srcset=\"https:\/\/www.tetedechat.com\/blog\/photoblog\/2016\/03\/pont_metal_montagne_parc_national_torres_del_paine.jpg 800w, https:\/\/www.tetedechat.com\/blog\/photoblog\/2016\/03\/pont_metal_montagne_parc_national_torres_del_paine-300x200.jpg 300w, https:\/\/www.tetedechat.com\/blog\/photoblog\/2016\/03\/pont_metal_montagne_parc_national_torres_del_paine-768x512.jpg 768w, https:\/\/www.tetedechat.com\/blog\/photoblog\/2016\/03\/pont_metal_montagne_parc_national_torres_del_paine-250x167.jpg 250w\" sizes=\"auto, (max-width: 800px) 100vw, 800px\" \/><\/a><\/p>\n<p><a href=\"http:\/\/www.tetedechat.com\/blog\/photoblog\/2016\/03\/vue_parc_national_torres_del_paine_4.jpg\" rel=\"attachment wp-att-21163\"><img loading=\"lazy\" decoding=\"async\" class=\"alignnone size-full wp-image-21163\" src=\"http:\/\/www.tetedechat.com\/blog\/photoblog\/2016\/03\/vue_parc_national_torres_del_paine_4.jpg\" alt=\"\" width=\"800\" height=\"533\" srcset=\"https:\/\/www.tetedechat.com\/blog\/photoblog\/2016\/03\/vue_parc_national_torres_del_paine_4.jpg 800w, https:\/\/www.tetedechat.com\/blog\/photoblog\/2016\/03\/vue_parc_national_torres_del_paine_4-300x200.jpg 300w, https:\/\/www.tetedechat.com\/blog\/photoblog\/2016\/03\/vue_parc_national_torres_del_paine_4-768x512.jpg 768w, https:\/\/www.tetedechat.com\/blog\/photoblog\/2016\/03\/vue_parc_national_torres_del_paine_4-250x167.jpg 250w\" sizes=\"auto, (max-width: 800px) 100vw, 800px\" \/><\/a><\/p>\n<p>Toujours sur ce gravier :<\/p>\n<p><a href=\"http:\/\/www.tetedechat.com\/blog\/photoblog\/2016\/03\/paysage_parc_national_torres_del_paine.jpg\" rel=\"attachment wp-att-21145\"><img loading=\"lazy\" decoding=\"async\" class=\"alignnone size-full wp-image-21145\" src=\"http:\/\/www.tetedechat.com\/blog\/photoblog\/2016\/03\/paysage_parc_national_torres_del_paine.jpg\" alt=\"\" width=\"800\" height=\"533\" srcset=\"https:\/\/www.tetedechat.com\/blog\/photoblog\/2016\/03\/paysage_parc_national_torres_del_paine.jpg 800w, https:\/\/www.tetedechat.com\/blog\/photoblog\/2016\/03\/paysage_parc_national_torres_del_paine-300x200.jpg 300w, https:\/\/www.tetedechat.com\/blog\/photoblog\/2016\/03\/paysage_parc_national_torres_del_paine-768x512.jpg 768w, https:\/\/www.tetedechat.com\/blog\/photoblog\/2016\/03\/paysage_parc_national_torres_del_paine-250x167.jpg 250w\" sizes=\"auto, (max-width: 800px) 100vw, 800px\" \/><\/a><\/p>\n<p><a href=\"http:\/\/www.tetedechat.com\/blog\/photoblog\/2016\/03\/vue_trekking_parc_national_torres_del_paine.jpg\" rel=\"attachment wp-att-21167\"><img loading=\"lazy\" decoding=\"async\" class=\"alignnone size-full wp-image-21167\" src=\"http:\/\/www.tetedechat.com\/blog\/photoblog\/2016\/03\/vue_trekking_parc_national_torres_del_paine.jpg\" alt=\"\" width=\"800\" height=\"600\" srcset=\"https:\/\/www.tetedechat.com\/blog\/photoblog\/2016\/03\/vue_trekking_parc_national_torres_del_paine.jpg 800w, https:\/\/www.tetedechat.com\/blog\/photoblog\/2016\/03\/vue_trekking_parc_national_torres_del_paine-300x225.jpg 300w, https:\/\/www.tetedechat.com\/blog\/photoblog\/2016\/03\/vue_trekking_parc_national_torres_del_paine-768x576.jpg 768w, https:\/\/www.tetedechat.com\/blog\/photoblog\/2016\/03\/vue_trekking_parc_national_torres_del_paine-250x188.jpg 250w\" sizes=\"auto, (max-width: 800px) 100vw, 800px\" \/><\/a><\/p>\n<p>Pour passer les nuits, des cabanons (hors de prix !) ou tente en camping, pour cette deuxi\u00e8me solution, des tentes mont\u00e9es vous attendent si vous ne transportez pas la votre, et il y a certains camping gratuit (sans tentes mont\u00e9es), mais beaucoup doivent \u00eatre r\u00e9serv\u00e9e \u00e0 l&rsquo;avance (\u00e0 l&rsquo;entr\u00e9e du parc) et en pleine saison, comme maintenant, il se remplissent rapidement, et tout est tr\u00e8s vite complet.<\/p>\n<p><a href=\"http:\/\/www.tetedechat.com\/blog\/photoblog\/2016\/03\/camping_national_torres_del_paine.jpg\" rel=\"attachment wp-att-21037\"><img loading=\"lazy\" decoding=\"async\" class=\"alignnone size-full wp-image-21037\" src=\"http:\/\/www.tetedechat.com\/blog\/photoblog\/2016\/03\/camping_national_torres_del_paine.jpg\" alt=\"\" width=\"800\" height=\"533\" srcset=\"https:\/\/www.tetedechat.com\/blog\/photoblog\/2016\/03\/camping_national_torres_del_paine.jpg 800w, https:\/\/www.tetedechat.com\/blog\/photoblog\/2016\/03\/camping_national_torres_del_paine-300x200.jpg 300w, https:\/\/www.tetedechat.com\/blog\/photoblog\/2016\/03\/camping_national_torres_del_paine-768x512.jpg 768w, https:\/\/www.tetedechat.com\/blog\/photoblog\/2016\/03\/camping_national_torres_del_paine-250x167.jpg 250w\" sizes=\"auto, (max-width: 800px) 100vw, 800px\" \/><\/a><\/p>\n<p>En 3 nuits je n&rsquo;ai eu qu&rsquo;un camping gratuit. Pour info, j&rsquo;ai voyag\u00e9 avec une tente lou\u00e9e \u00e0 Puerto Natales (4\u20ac\/nuit).<br \/>\nPremi\u00e8re \u00e9tape, les \u00ab\u00a0Torres\u00a0\u00bb, un lac surmont\u00e9 par 3 pics (tours), je monte la tente dans un camping situ\u00e9 \u00e0 5h de marche (d&rsquo;apr\u00e8s ce qu&rsquo;indique la carte) des Torres, ma demeure pr\u00eate, j&rsquo;entame la premi\u00e8re marche hors route :<\/p>\n<p><a href=\"http:\/\/www.tetedechat.com\/blog\/photoblog\/2016\/03\/pont_parc_national_torres_del_paine.jpg\" rel=\"attachment wp-att-21149\"><img loading=\"lazy\" decoding=\"async\" class=\"alignnone size-full wp-image-21149\" src=\"http:\/\/www.tetedechat.com\/blog\/photoblog\/2016\/03\/pont_parc_national_torres_del_paine.jpg\" alt=\"\" width=\"800\" height=\"533\" srcset=\"https:\/\/www.tetedechat.com\/blog\/photoblog\/2016\/03\/pont_parc_national_torres_del_paine.jpg 800w, https:\/\/www.tetedechat.com\/blog\/photoblog\/2016\/03\/pont_parc_national_torres_del_paine-300x200.jpg 300w, https:\/\/www.tetedechat.com\/blog\/photoblog\/2016\/03\/pont_parc_national_torres_del_paine-768x512.jpg 768w, https:\/\/www.tetedechat.com\/blog\/photoblog\/2016\/03\/pont_parc_national_torres_del_paine-250x167.jpg 250w\" sizes=\"auto, (max-width: 800px) 100vw, 800px\" \/><\/a><\/p>\n<p><a href=\"http:\/\/www.tetedechat.com\/blog\/photoblog\/2016\/03\/panneau_pont_parc_national_torres_del_paine.jpg\" rel=\"attachment wp-att-21103\"><img loading=\"lazy\" decoding=\"async\" class=\"alignnone size-full wp-image-21103\" src=\"http:\/\/www.tetedechat.com\/blog\/photoblog\/2016\/03\/panneau_pont_parc_national_torres_del_paine.jpg\" alt=\"\" width=\"800\" height=\"533\" srcset=\"https:\/\/www.tetedechat.com\/blog\/photoblog\/2016\/03\/panneau_pont_parc_national_torres_del_paine.jpg 800w, https:\/\/www.tetedechat.com\/blog\/photoblog\/2016\/03\/panneau_pont_parc_national_torres_del_paine-300x200.jpg 300w, https:\/\/www.tetedechat.com\/blog\/photoblog\/2016\/03\/panneau_pont_parc_national_torres_del_paine-768x512.jpg 768w, https:\/\/www.tetedechat.com\/blog\/photoblog\/2016\/03\/panneau_pont_parc_national_torres_del_paine-250x167.jpg 250w\" sizes=\"auto, (max-width: 800px) 100vw, 800px\" \/><\/a><\/p>\n<p><a href=\"http:\/\/www.tetedechat.com\/blog\/photoblog\/2016\/03\/paysage_montagne_parc_national_torres_del_paine.jpg\" rel=\"attachment wp-att-21123\"><img loading=\"lazy\" decoding=\"async\" class=\"alignnone size-full wp-image-21123\" src=\"http:\/\/www.tetedechat.com\/blog\/photoblog\/2016\/03\/paysage_montagne_parc_national_torres_del_paine.jpg\" alt=\"\" width=\"800\" height=\"533\" srcset=\"https:\/\/www.tetedechat.com\/blog\/photoblog\/2016\/03\/paysage_montagne_parc_national_torres_del_paine.jpg 800w, https:\/\/www.tetedechat.com\/blog\/photoblog\/2016\/03\/paysage_montagne_parc_national_torres_del_paine-300x200.jpg 300w, https:\/\/www.tetedechat.com\/blog\/photoblog\/2016\/03\/paysage_montagne_parc_national_torres_del_paine-768x512.jpg 768w, https:\/\/www.tetedechat.com\/blog\/photoblog\/2016\/03\/paysage_montagne_parc_national_torres_del_paine-250x167.jpg 250w\" sizes=\"auto, (max-width: 800px) 100vw, 800px\" \/><\/a><\/p>\n<p><a href=\"http:\/\/www.tetedechat.com\/blog\/photoblog\/2016\/03\/panneaux_cheval_pietons_parc_national_torres_del_paine.jpg\" rel=\"attachment wp-att-21106\"><img loading=\"lazy\" decoding=\"async\" class=\"alignnone size-full wp-image-21106\" src=\"http:\/\/www.tetedechat.com\/blog\/photoblog\/2016\/03\/panneaux_cheval_pietons_parc_national_torres_del_paine.jpg\" alt=\"\" width=\"800\" height=\"533\" srcset=\"https:\/\/www.tetedechat.com\/blog\/photoblog\/2016\/03\/panneaux_cheval_pietons_parc_national_torres_del_paine.jpg 800w, https:\/\/www.tetedechat.com\/blog\/photoblog\/2016\/03\/panneaux_cheval_pietons_parc_national_torres_del_paine-300x200.jpg 300w, https:\/\/www.tetedechat.com\/blog\/photoblog\/2016\/03\/panneaux_cheval_pietons_parc_national_torres_del_paine-768x512.jpg 768w, https:\/\/www.tetedechat.com\/blog\/photoblog\/2016\/03\/panneaux_cheval_pietons_parc_national_torres_del_paine-250x167.jpg 250w\" sizes=\"auto, (max-width: 800px) 100vw, 800px\" \/><\/a><\/p>\n<p><a href=\"http:\/\/www.tetedechat.com\/blog\/photoblog\/2016\/03\/panneau_trek_parc_national_torres_del_paine.jpg\" rel=\"attachment wp-att-21105\"><img loading=\"lazy\" decoding=\"async\" class=\"alignnone size-full wp-image-21105\" src=\"http:\/\/www.tetedechat.com\/blog\/photoblog\/2016\/03\/panneau_trek_parc_national_torres_del_paine.jpg\" alt=\"\" width=\"800\" height=\"533\" srcset=\"https:\/\/www.tetedechat.com\/blog\/photoblog\/2016\/03\/panneau_trek_parc_national_torres_del_paine.jpg 800w, https:\/\/www.tetedechat.com\/blog\/photoblog\/2016\/03\/panneau_trek_parc_national_torres_del_paine-300x200.jpg 300w, https:\/\/www.tetedechat.com\/blog\/photoblog\/2016\/03\/panneau_trek_parc_national_torres_del_paine-768x512.jpg 768w, https:\/\/www.tetedechat.com\/blog\/photoblog\/2016\/03\/panneau_trek_parc_national_torres_del_paine-250x167.jpg 250w\" sizes=\"auto, (max-width: 800px) 100vw, 800px\" \/><\/a><\/p>\n<p><a href=\"http:\/\/www.tetedechat.com\/blog\/photoblog\/2016\/03\/panneau_rolling_stones_parc_national_torres_del_paine.jpg\" rel=\"attachment wp-att-21104\"><img loading=\"lazy\" decoding=\"async\" class=\"alignnone size-full wp-image-21104\" src=\"http:\/\/www.tetedechat.com\/blog\/photoblog\/2016\/03\/panneau_rolling_stones_parc_national_torres_del_paine.jpg\" alt=\"\" width=\"800\" height=\"533\" srcset=\"https:\/\/www.tetedechat.com\/blog\/photoblog\/2016\/03\/panneau_rolling_stones_parc_national_torres_del_paine.jpg 800w, https:\/\/www.tetedechat.com\/blog\/photoblog\/2016\/03\/panneau_rolling_stones_parc_national_torres_del_paine-300x200.jpg 300w, https:\/\/www.tetedechat.com\/blog\/photoblog\/2016\/03\/panneau_rolling_stones_parc_national_torres_del_paine-768x512.jpg 768w, https:\/\/www.tetedechat.com\/blog\/photoblog\/2016\/03\/panneau_rolling_stones_parc_national_torres_del_paine-250x167.jpg 250w\" sizes=\"auto, (max-width: 800px) 100vw, 800px\" \/><\/a><\/p>\n<p><a href=\"http:\/\/www.tetedechat.com\/blog\/photoblog\/2016\/03\/montee_mirador_britanico_parc_national_torres_del_paine.jpg\" rel=\"attachment wp-att-21102\"><img loading=\"lazy\" decoding=\"async\" class=\"alignnone size-full wp-image-21102\" src=\"http:\/\/www.tetedechat.com\/blog\/photoblog\/2016\/03\/montee_mirador_britanico_parc_national_torres_del_paine.jpg\" alt=\"\" width=\"800\" height=\"533\" srcset=\"https:\/\/www.tetedechat.com\/blog\/photoblog\/2016\/03\/montee_mirador_britanico_parc_national_torres_del_paine.jpg 800w, https:\/\/www.tetedechat.com\/blog\/photoblog\/2016\/03\/montee_mirador_britanico_parc_national_torres_del_paine-300x200.jpg 300w, https:\/\/www.tetedechat.com\/blog\/photoblog\/2016\/03\/montee_mirador_britanico_parc_national_torres_del_paine-768x512.jpg 768w, https:\/\/www.tetedechat.com\/blog\/photoblog\/2016\/03\/montee_mirador_britanico_parc_national_torres_del_paine-250x167.jpg 250w\" sizes=\"auto, (max-width: 800px) 100vw, 800px\" \/><\/a><\/p>\n<p><a href=\"http:\/\/www.tetedechat.com\/blog\/photoblog\/2016\/03\/montagnes_chalets_parc_national_torres_del_paine.jpg\" rel=\"attachment wp-att-21101\"><img loading=\"lazy\" decoding=\"async\" class=\"alignnone size-full wp-image-21101\" src=\"http:\/\/www.tetedechat.com\/blog\/photoblog\/2016\/03\/montagnes_chalets_parc_national_torres_del_paine.jpg\" alt=\"\" width=\"800\" height=\"533\" srcset=\"https:\/\/www.tetedechat.com\/blog\/photoblog\/2016\/03\/montagnes_chalets_parc_national_torres_del_paine.jpg 800w, https:\/\/www.tetedechat.com\/blog\/photoblog\/2016\/03\/montagnes_chalets_parc_national_torres_del_paine-300x200.jpg 300w, https:\/\/www.tetedechat.com\/blog\/photoblog\/2016\/03\/montagnes_chalets_parc_national_torres_del_paine-768x512.jpg 768w, https:\/\/www.tetedechat.com\/blog\/photoblog\/2016\/03\/montagnes_chalets_parc_national_torres_del_paine-250x167.jpg 250w\" sizes=\"auto, (max-width: 800px) 100vw, 800px\" \/><\/a><\/p>\n<p><a href=\"http:\/\/www.tetedechat.com\/blog\/photoblog\/2016\/03\/chevaux_parc_national_torres_del_paine.jpg\" rel=\"attachment wp-att-21048\"><img loading=\"lazy\" decoding=\"async\" class=\"alignnone size-full wp-image-21048\" src=\"http:\/\/www.tetedechat.com\/blog\/photoblog\/2016\/03\/chevaux_parc_national_torres_del_paine.jpg\" alt=\"\" width=\"800\" height=\"533\" srcset=\"https:\/\/www.tetedechat.com\/blog\/photoblog\/2016\/03\/chevaux_parc_national_torres_del_paine.jpg 800w, https:\/\/www.tetedechat.com\/blog\/photoblog\/2016\/03\/chevaux_parc_national_torres_del_paine-300x200.jpg 300w, https:\/\/www.tetedechat.com\/blog\/photoblog\/2016\/03\/chevaux_parc_national_torres_del_paine-768x512.jpg 768w, https:\/\/www.tetedechat.com\/blog\/photoblog\/2016\/03\/chevaux_parc_national_torres_del_paine-250x167.jpg 250w\" sizes=\"auto, (max-width: 800px) 100vw, 800px\" \/><\/a><\/p>\n<p><a href=\"http:\/\/www.tetedechat.com\/blog\/photoblog\/2016\/03\/charettes_parc_national_torres_del_paine.jpg\" rel=\"attachment wp-att-21043\"><img loading=\"lazy\" decoding=\"async\" class=\"alignnone size-full wp-image-21043\" src=\"http:\/\/www.tetedechat.com\/blog\/photoblog\/2016\/03\/charettes_parc_national_torres_del_paine.jpg\" alt=\"\" width=\"800\" height=\"533\" srcset=\"https:\/\/www.tetedechat.com\/blog\/photoblog\/2016\/03\/charettes_parc_national_torres_del_paine.jpg 800w, https:\/\/www.tetedechat.com\/blog\/photoblog\/2016\/03\/charettes_parc_national_torres_del_paine-300x200.jpg 300w, https:\/\/www.tetedechat.com\/blog\/photoblog\/2016\/03\/charettes_parc_national_torres_del_paine-768x512.jpg 768w, https:\/\/www.tetedechat.com\/blog\/photoblog\/2016\/03\/charettes_parc_national_torres_del_paine-250x167.jpg 250w\" sizes=\"auto, (max-width: 800px) 100vw, 800px\" \/><\/a><\/p>\n<p><a href=\"http:\/\/www.tetedechat.com\/blog\/photoblog\/2016\/03\/chalets_montagnes_parc_national_torres_del_paine.jpg\" rel=\"attachment wp-att-21040\"><img loading=\"lazy\" decoding=\"async\" class=\"alignnone size-full wp-image-21040\" src=\"http:\/\/www.tetedechat.com\/blog\/photoblog\/2016\/03\/chalets_montagnes_parc_national_torres_del_paine.jpg\" alt=\"\" width=\"800\" height=\"533\" srcset=\"https:\/\/www.tetedechat.com\/blog\/photoblog\/2016\/03\/chalets_montagnes_parc_national_torres_del_paine.jpg 800w, https:\/\/www.tetedechat.com\/blog\/photoblog\/2016\/03\/chalets_montagnes_parc_national_torres_del_paine-300x200.jpg 300w, https:\/\/www.tetedechat.com\/blog\/photoblog\/2016\/03\/chalets_montagnes_parc_national_torres_del_paine-768x512.jpg 768w, https:\/\/www.tetedechat.com\/blog\/photoblog\/2016\/03\/chalets_montagnes_parc_national_torres_del_paine-250x167.jpg 250w\" sizes=\"auto, (max-width: 800px) 100vw, 800px\" \/><\/a><\/p>\n<p><a href=\"http:\/\/www.tetedechat.com\/blog\/photoblog\/2016\/03\/chalets_torres_del_paine.jpg\" rel=\"attachment wp-att-21041\"><img loading=\"lazy\" decoding=\"async\" class=\"alignnone size-full wp-image-21041\" src=\"http:\/\/www.tetedechat.com\/blog\/photoblog\/2016\/03\/chalets_torres_del_paine.jpg\" alt=\"\" width=\"800\" height=\"600\" srcset=\"https:\/\/www.tetedechat.com\/blog\/photoblog\/2016\/03\/chalets_torres_del_paine.jpg 800w, https:\/\/www.tetedechat.com\/blog\/photoblog\/2016\/03\/chalets_torres_del_paine-300x225.jpg 300w, https:\/\/www.tetedechat.com\/blog\/photoblog\/2016\/03\/chalets_torres_del_paine-768x576.jpg 768w, https:\/\/www.tetedechat.com\/blog\/photoblog\/2016\/03\/chalets_torres_del_paine-250x188.jpg 250w\" sizes=\"auto, (max-width: 800px) 100vw, 800px\" \/><\/a><\/p>\n<p><a href=\"http:\/\/www.tetedechat.com\/blog\/photoblog\/2016\/03\/drapeau_chilien_parc_national_torres_del_paine.jpg\" rel=\"attachment wp-att-21050\"><img loading=\"lazy\" decoding=\"async\" class=\"alignnone size-full wp-image-21050\" src=\"http:\/\/www.tetedechat.com\/blog\/photoblog\/2016\/03\/drapeau_chilien_parc_national_torres_del_paine.jpg\" alt=\"\" width=\"800\" height=\"533\" srcset=\"https:\/\/www.tetedechat.com\/blog\/photoblog\/2016\/03\/drapeau_chilien_parc_national_torres_del_paine.jpg 800w, https:\/\/www.tetedechat.com\/blog\/photoblog\/2016\/03\/drapeau_chilien_parc_national_torres_del_paine-300x200.jpg 300w, https:\/\/www.tetedechat.com\/blog\/photoblog\/2016\/03\/drapeau_chilien_parc_national_torres_del_paine-768x512.jpg 768w, https:\/\/www.tetedechat.com\/blog\/photoblog\/2016\/03\/drapeau_chilien_parc_national_torres_del_paine-250x167.jpg 250w\" sizes=\"auto, (max-width: 800px) 100vw, 800px\" \/><\/a><\/p>\n<p><a href=\"http:\/\/www.tetedechat.com\/blog\/photoblog\/2016\/03\/vue_parc_national_torres_del_paine_3.jpg\" rel=\"attachment wp-att-21162\"><img loading=\"lazy\" decoding=\"async\" class=\"alignnone size-full wp-image-21162\" src=\"http:\/\/www.tetedechat.com\/blog\/photoblog\/2016\/03\/vue_parc_national_torres_del_paine_3.jpg\" alt=\"\" width=\"800\" height=\"533\" srcset=\"https:\/\/www.tetedechat.com\/blog\/photoblog\/2016\/03\/vue_parc_national_torres_del_paine_3.jpg 800w, https:\/\/www.tetedechat.com\/blog\/photoblog\/2016\/03\/vue_parc_national_torres_del_paine_3-300x200.jpg 300w, https:\/\/www.tetedechat.com\/blog\/photoblog\/2016\/03\/vue_parc_national_torres_del_paine_3-768x512.jpg 768w, https:\/\/www.tetedechat.com\/blog\/photoblog\/2016\/03\/vue_parc_national_torres_del_paine_3-250x167.jpg 250w\" sizes=\"auto, (max-width: 800px) 100vw, 800px\" \/><\/a><\/p>\n<p>Ce n&rsquo;\u00e9tait pas facile, un d\u00e9nivel\u00e9 \u00e9norme, une marche soutenue m&rsquo;a permit d&rsquo;atteindre les tours en moins de 3h, malheureusement le ciel n&rsquo;est pas avec moi.<\/p>\n<p><a href=\"http:\/\/www.tetedechat.com\/blog\/photoblog\/2016\/03\/tours_parc_national_torres_del_paine.jpg\" rel=\"attachment wp-att-21155\"><img loading=\"lazy\" decoding=\"async\" class=\"alignnone size-full wp-image-21155\" src=\"http:\/\/www.tetedechat.com\/blog\/photoblog\/2016\/03\/tours_parc_national_torres_del_paine.jpg\" alt=\"\" width=\"800\" height=\"533\" srcset=\"https:\/\/www.tetedechat.com\/blog\/photoblog\/2016\/03\/tours_parc_national_torres_del_paine.jpg 800w, https:\/\/www.tetedechat.com\/blog\/photoblog\/2016\/03\/tours_parc_national_torres_del_paine-300x200.jpg 300w, https:\/\/www.tetedechat.com\/blog\/photoblog\/2016\/03\/tours_parc_national_torres_del_paine-768x512.jpg 768w, https:\/\/www.tetedechat.com\/blog\/photoblog\/2016\/03\/tours_parc_national_torres_del_paine-250x167.jpg 250w\" sizes=\"auto, (max-width: 800px) 100vw, 800px\" \/><\/a><\/p>\n<p><a href=\"http:\/\/www.tetedechat.com\/blog\/photoblog\/2016\/03\/torres_del_paine.jpg\" rel=\"attachment wp-att-21154\"><img loading=\"lazy\" decoding=\"async\" class=\"alignnone size-full wp-image-21154\" src=\"http:\/\/www.tetedechat.com\/blog\/photoblog\/2016\/03\/torres_del_paine.jpg\" alt=\"\" width=\"800\" height=\"600\" srcset=\"https:\/\/www.tetedechat.com\/blog\/photoblog\/2016\/03\/torres_del_paine.jpg 800w, https:\/\/www.tetedechat.com\/blog\/photoblog\/2016\/03\/torres_del_paine-300x225.jpg 300w, https:\/\/www.tetedechat.com\/blog\/photoblog\/2016\/03\/torres_del_paine-768x576.jpg 768w, https:\/\/www.tetedechat.com\/blog\/photoblog\/2016\/03\/torres_del_paine-250x188.jpg 250w\" sizes=\"auto, (max-width: 800px) 100vw, 800px\" \/><\/a><\/p>\n<p><a href=\"http:\/\/www.tetedechat.com\/blog\/photoblog\/2016\/03\/montagne_rayon_soleil_parc_national_torres_del_paine.jpg\" rel=\"attachment wp-att-21100\"><img loading=\"lazy\" decoding=\"async\" class=\"alignnone size-full wp-image-21100\" src=\"http:\/\/www.tetedechat.com\/blog\/photoblog\/2016\/03\/montagne_rayon_soleil_parc_national_torres_del_paine.jpg\" alt=\"\" width=\"800\" height=\"533\" srcset=\"https:\/\/www.tetedechat.com\/blog\/photoblog\/2016\/03\/montagne_rayon_soleil_parc_national_torres_del_paine.jpg 800w, https:\/\/www.tetedechat.com\/blog\/photoblog\/2016\/03\/montagne_rayon_soleil_parc_national_torres_del_paine-300x200.jpg 300w, https:\/\/www.tetedechat.com\/blog\/photoblog\/2016\/03\/montagne_rayon_soleil_parc_national_torres_del_paine-768x512.jpg 768w, https:\/\/www.tetedechat.com\/blog\/photoblog\/2016\/03\/montagne_rayon_soleil_parc_national_torres_del_paine-250x167.jpg 250w\" sizes=\"auto, (max-width: 800px) 100vw, 800px\" \/><\/a><\/p>\n<p><a href=\"http:\/\/www.tetedechat.com\/blog\/photoblog\/2016\/03\/montagne_enneigee_paysage_parc_national_torres_del_paine_4.jpg\" rel=\"attachment wp-att-21097\"><img loading=\"lazy\" decoding=\"async\" class=\"alignnone size-full wp-image-21097\" src=\"http:\/\/www.tetedechat.com\/blog\/photoblog\/2016\/03\/montagne_enneigee_paysage_parc_national_torres_del_paine_4.jpg\" alt=\"\" width=\"800\" height=\"533\" srcset=\"https:\/\/www.tetedechat.com\/blog\/photoblog\/2016\/03\/montagne_enneigee_paysage_parc_national_torres_del_paine_4.jpg 800w, https:\/\/www.tetedechat.com\/blog\/photoblog\/2016\/03\/montagne_enneigee_paysage_parc_national_torres_del_paine_4-300x200.jpg 300w, https:\/\/www.tetedechat.com\/blog\/photoblog\/2016\/03\/montagne_enneigee_paysage_parc_national_torres_del_paine_4-768x512.jpg 768w, https:\/\/www.tetedechat.com\/blog\/photoblog\/2016\/03\/montagne_enneigee_paysage_parc_national_torres_del_paine_4-250x167.jpg 250w\" sizes=\"auto, (max-width: 800px) 100vw, 800px\" \/><\/a><\/p>\n<p><a href=\"http:\/\/www.tetedechat.com\/blog\/photoblog\/2016\/03\/moi_tours_parc_national_torres_del_paine.jpg\" rel=\"attachment wp-att-21093\"><img loading=\"lazy\" decoding=\"async\" class=\"alignnone size-full wp-image-21093\" src=\"http:\/\/www.tetedechat.com\/blog\/photoblog\/2016\/03\/moi_tours_parc_national_torres_del_paine.jpg\" alt=\"\" width=\"800\" height=\"533\" srcset=\"https:\/\/www.tetedechat.com\/blog\/photoblog\/2016\/03\/moi_tours_parc_national_torres_del_paine.jpg 800w, https:\/\/www.tetedechat.com\/blog\/photoblog\/2016\/03\/moi_tours_parc_national_torres_del_paine-300x200.jpg 300w, https:\/\/www.tetedechat.com\/blog\/photoblog\/2016\/03\/moi_tours_parc_national_torres_del_paine-768x512.jpg 768w, https:\/\/www.tetedechat.com\/blog\/photoblog\/2016\/03\/moi_tours_parc_national_torres_del_paine-250x167.jpg 250w\" sizes=\"auto, (max-width: 800px) 100vw, 800px\" \/><\/a><\/p>\n<p>Pas de photo en fond bleu, m\u00eame apr\u00e8s plus de 2h d&rsquo;attente sous un vent glacial, rien \u00e0 faire, les nuages ne quitte pas les tours (alors que le reste du ciel est bleu&#8230;)<\/p>\n<p><a href=\"http:\/\/www.tetedechat.com\/blog\/photoblog\/2016\/03\/moi_torres_del_paine.jpg\" rel=\"attachment wp-att-21092\"><img loading=\"lazy\" decoding=\"async\" class=\"alignnone size-full wp-image-21092\" src=\"http:\/\/www.tetedechat.com\/blog\/photoblog\/2016\/03\/moi_torres_del_paine.jpg\" alt=\"\" width=\"800\" height=\"600\" srcset=\"https:\/\/www.tetedechat.com\/blog\/photoblog\/2016\/03\/moi_torres_del_paine.jpg 800w, https:\/\/www.tetedechat.com\/blog\/photoblog\/2016\/03\/moi_torres_del_paine-300x225.jpg 300w, https:\/\/www.tetedechat.com\/blog\/photoblog\/2016\/03\/moi_torres_del_paine-768x576.jpg 768w, https:\/\/www.tetedechat.com\/blog\/photoblog\/2016\/03\/moi_torres_del_paine-250x188.jpg 250w\" sizes=\"auto, (max-width: 800px) 100vw, 800px\" \/><\/a><\/p>\n<p><a href=\"http:\/\/www.tetedechat.com\/blog\/photoblog\/2016\/03\/moi_4__torres_del_paine.jpg\" rel=\"attachment wp-att-21089\"><img loading=\"lazy\" decoding=\"async\" class=\"alignnone size-full wp-image-21089\" src=\"http:\/\/www.tetedechat.com\/blog\/photoblog\/2016\/03\/moi_4__torres_del_paine.jpg\" alt=\"\" width=\"800\" height=\"600\" srcset=\"https:\/\/www.tetedechat.com\/blog\/photoblog\/2016\/03\/moi_4__torres_del_paine.jpg 800w, https:\/\/www.tetedechat.com\/blog\/photoblog\/2016\/03\/moi_4__torres_del_paine-300x225.jpg 300w, https:\/\/www.tetedechat.com\/blog\/photoblog\/2016\/03\/moi_4__torres_del_paine-768x576.jpg 768w, https:\/\/www.tetedechat.com\/blog\/photoblog\/2016\/03\/moi_4__torres_del_paine-250x188.jpg 250w\" sizes=\"auto, (max-width: 800px) 100vw, 800px\" \/><\/a><\/p>\n<p><a href=\"http:\/\/www.tetedechat.com\/blog\/photoblog\/2016\/03\/moi_3_torres_del_paine.jpg\" rel=\"attachment wp-att-21088\"><img loading=\"lazy\" decoding=\"async\" class=\"alignnone size-full wp-image-21088\" src=\"http:\/\/www.tetedechat.com\/blog\/photoblog\/2016\/03\/moi_3_torres_del_paine.jpg\" alt=\"\" width=\"800\" height=\"600\" srcset=\"https:\/\/www.tetedechat.com\/blog\/photoblog\/2016\/03\/moi_3_torres_del_paine.jpg 800w, https:\/\/www.tetedechat.com\/blog\/photoblog\/2016\/03\/moi_3_torres_del_paine-300x225.jpg 300w, https:\/\/www.tetedechat.com\/blog\/photoblog\/2016\/03\/moi_3_torres_del_paine-768x576.jpg 768w, https:\/\/www.tetedechat.com\/blog\/photoblog\/2016\/03\/moi_3_torres_del_paine-250x188.jpg 250w\" sizes=\"auto, (max-width: 800px) 100vw, 800px\" \/><\/a><\/p>\n<p><a href=\"http:\/\/www.tetedechat.com\/blog\/photoblog\/2016\/03\/les_tours_parc_national_torres_del_paine.jpg\" rel=\"attachment wp-att-21084\"><img loading=\"lazy\" decoding=\"async\" class=\"alignnone size-full wp-image-21084\" src=\"http:\/\/www.tetedechat.com\/blog\/photoblog\/2016\/03\/les_tours_parc_national_torres_del_paine.jpg\" alt=\"\" width=\"800\" height=\"533\" srcset=\"https:\/\/www.tetedechat.com\/blog\/photoblog\/2016\/03\/les_tours_parc_national_torres_del_paine.jpg 800w, https:\/\/www.tetedechat.com\/blog\/photoblog\/2016\/03\/les_tours_parc_national_torres_del_paine-300x200.jpg 300w, https:\/\/www.tetedechat.com\/blog\/photoblog\/2016\/03\/les_tours_parc_national_torres_del_paine-768x512.jpg 768w, https:\/\/www.tetedechat.com\/blog\/photoblog\/2016\/03\/les_tours_parc_national_torres_del_paine-250x167.jpg 250w\" sizes=\"auto, (max-width: 800px) 100vw, 800px\" \/><\/a><\/p>\n<p><a href=\"http:\/\/www.tetedechat.com\/blog\/photoblog\/2016\/03\/les_tours_parc_national_torres_del_paine_6.jpg\" rel=\"attachment wp-att-21083\"><img loading=\"lazy\" decoding=\"async\" class=\"alignnone size-full wp-image-21083\" src=\"http:\/\/www.tetedechat.com\/blog\/photoblog\/2016\/03\/les_tours_parc_national_torres_del_paine_6.jpg\" alt=\"\" width=\"800\" height=\"533\" srcset=\"https:\/\/www.tetedechat.com\/blog\/photoblog\/2016\/03\/les_tours_parc_national_torres_del_paine_6.jpg 800w, https:\/\/www.tetedechat.com\/blog\/photoblog\/2016\/03\/les_tours_parc_national_torres_del_paine_6-300x200.jpg 300w, https:\/\/www.tetedechat.com\/blog\/photoblog\/2016\/03\/les_tours_parc_national_torres_del_paine_6-768x512.jpg 768w, https:\/\/www.tetedechat.com\/blog\/photoblog\/2016\/03\/les_tours_parc_national_torres_del_paine_6-250x167.jpg 250w\" sizes=\"auto, (max-width: 800px) 100vw, 800px\" \/><\/a><\/p>\n<p><a href=\"http:\/\/www.tetedechat.com\/blog\/photoblog\/2016\/03\/les_tours_parc_national_torres_del_paine_5.jpg\" rel=\"attachment wp-att-21082\"><img loading=\"lazy\" decoding=\"async\" class=\"alignnone size-full wp-image-21082\" src=\"http:\/\/www.tetedechat.com\/blog\/photoblog\/2016\/03\/les_tours_parc_national_torres_del_paine_5.jpg\" alt=\"\" width=\"800\" height=\"533\" srcset=\"https:\/\/www.tetedechat.com\/blog\/photoblog\/2016\/03\/les_tours_parc_national_torres_del_paine_5.jpg 800w, https:\/\/www.tetedechat.com\/blog\/photoblog\/2016\/03\/les_tours_parc_national_torres_del_paine_5-300x200.jpg 300w, https:\/\/www.tetedechat.com\/blog\/photoblog\/2016\/03\/les_tours_parc_national_torres_del_paine_5-768x512.jpg 768w, https:\/\/www.tetedechat.com\/blog\/photoblog\/2016\/03\/les_tours_parc_national_torres_del_paine_5-250x167.jpg 250w\" sizes=\"auto, (max-width: 800px) 100vw, 800px\" \/><\/a><\/p>\n<p><a href=\"http:\/\/www.tetedechat.com\/blog\/photoblog\/2016\/03\/les_tours_parc_national_torres_del_paine_4.jpg\" rel=\"attachment wp-att-21081\"><img loading=\"lazy\" decoding=\"async\" class=\"alignnone size-full wp-image-21081\" src=\"http:\/\/www.tetedechat.com\/blog\/photoblog\/2016\/03\/les_tours_parc_national_torres_del_paine_4.jpg\" alt=\"\" width=\"800\" height=\"533\" srcset=\"https:\/\/www.tetedechat.com\/blog\/photoblog\/2016\/03\/les_tours_parc_national_torres_del_paine_4.jpg 800w, https:\/\/www.tetedechat.com\/blog\/photoblog\/2016\/03\/les_tours_parc_national_torres_del_paine_4-300x200.jpg 300w, https:\/\/www.tetedechat.com\/blog\/photoblog\/2016\/03\/les_tours_parc_national_torres_del_paine_4-768x512.jpg 768w, https:\/\/www.tetedechat.com\/blog\/photoblog\/2016\/03\/les_tours_parc_national_torres_del_paine_4-250x167.jpg 250w\" sizes=\"auto, (max-width: 800px) 100vw, 800px\" \/><\/a><\/p>\n<p><a href=\"http:\/\/www.tetedechat.com\/blog\/photoblog\/2016\/03\/les_tours_parc_national_torres_del_paine_3.jpg\" rel=\"attachment wp-att-21080\"><img loading=\"lazy\" decoding=\"async\" class=\"alignnone size-full wp-image-21080\" src=\"http:\/\/www.tetedechat.com\/blog\/photoblog\/2016\/03\/les_tours_parc_national_torres_del_paine_3.jpg\" alt=\"\" width=\"800\" height=\"533\" srcset=\"https:\/\/www.tetedechat.com\/blog\/photoblog\/2016\/03\/les_tours_parc_national_torres_del_paine_3.jpg 800w, https:\/\/www.tetedechat.com\/blog\/photoblog\/2016\/03\/les_tours_parc_national_torres_del_paine_3-300x200.jpg 300w, https:\/\/www.tetedechat.com\/blog\/photoblog\/2016\/03\/les_tours_parc_national_torres_del_paine_3-768x512.jpg 768w, https:\/\/www.tetedechat.com\/blog\/photoblog\/2016\/03\/les_tours_parc_national_torres_del_paine_3-250x167.jpg 250w\" sizes=\"auto, (max-width: 800px) 100vw, 800px\" \/><\/a><\/p>\n<p><a href=\"http:\/\/www.tetedechat.com\/blog\/photoblog\/2016\/03\/les_tours_parc_national_torres_del_paine_2.jpg\" rel=\"attachment wp-att-21079\"><img loading=\"lazy\" decoding=\"async\" class=\"alignnone size-full wp-image-21079\" src=\"http:\/\/www.tetedechat.com\/blog\/photoblog\/2016\/03\/les_tours_parc_national_torres_del_paine_2.jpg\" alt=\"\" width=\"800\" height=\"533\" srcset=\"https:\/\/www.tetedechat.com\/blog\/photoblog\/2016\/03\/les_tours_parc_national_torres_del_paine_2.jpg 800w, https:\/\/www.tetedechat.com\/blog\/photoblog\/2016\/03\/les_tours_parc_national_torres_del_paine_2-300x200.jpg 300w, https:\/\/www.tetedechat.com\/blog\/photoblog\/2016\/03\/les_tours_parc_national_torres_del_paine_2-768x512.jpg 768w, https:\/\/www.tetedechat.com\/blog\/photoblog\/2016\/03\/les_tours_parc_national_torres_del_paine_2-250x167.jpg 250w\" sizes=\"auto, (max-width: 800px) 100vw, 800px\" \/><\/a><\/p>\n<p>C&rsquo;\u00e9tait quand m\u00eame superbe. Il est temps maintenant, de retourner au camping y passer la premi\u00e8re nuit.<br \/>\nAu lendemain, je me presse de prendre le petit-d\u00e9jeuner, et replier la tente afin d&rsquo;atteindre la prochaine \u00e9tape, mais en levant les yeux&#8230;<\/p>\n<p><a href=\"http:\/\/www.tetedechat.com\/blog\/photoblog\/2016\/03\/torre_top_soleil_parc_national_torres_del_paine.jpg\" rel=\"attachment wp-att-21153\"><img loading=\"lazy\" decoding=\"async\" class=\"alignnone size-full wp-image-21153\" src=\"http:\/\/www.tetedechat.com\/blog\/photoblog\/2016\/03\/torre_top_soleil_parc_national_torres_del_paine.jpg\" alt=\"\" width=\"800\" height=\"533\" srcset=\"https:\/\/www.tetedechat.com\/blog\/photoblog\/2016\/03\/torre_top_soleil_parc_national_torres_del_paine.jpg 800w, https:\/\/www.tetedechat.com\/blog\/photoblog\/2016\/03\/torre_top_soleil_parc_national_torres_del_paine-300x200.jpg 300w, https:\/\/www.tetedechat.com\/blog\/photoblog\/2016\/03\/torre_top_soleil_parc_national_torres_del_paine-768x512.jpg 768w, https:\/\/www.tetedechat.com\/blog\/photoblog\/2016\/03\/torre_top_soleil_parc_national_torres_del_paine-250x167.jpg 250w\" sizes=\"auto, (max-width: 800px) 100vw, 800px\" \/><\/a><\/p>\n<p><a href=\"http:\/\/www.tetedechat.com\/blog\/photoblog\/2016\/03\/top_torre_soleil_parc_national_torres_del_paine.jpg\" rel=\"attachment wp-att-21152\"><img loading=\"lazy\" decoding=\"async\" class=\"alignnone size-full wp-image-21152\" src=\"http:\/\/www.tetedechat.com\/blog\/photoblog\/2016\/03\/top_torre_soleil_parc_national_torres_del_paine.jpg\" alt=\"\" width=\"800\" height=\"533\" srcset=\"https:\/\/www.tetedechat.com\/blog\/photoblog\/2016\/03\/top_torre_soleil_parc_national_torres_del_paine.jpg 800w, https:\/\/www.tetedechat.com\/blog\/photoblog\/2016\/03\/top_torre_soleil_parc_national_torres_del_paine-300x200.jpg 300w, https:\/\/www.tetedechat.com\/blog\/photoblog\/2016\/03\/top_torre_soleil_parc_national_torres_del_paine-768x512.jpg 768w, https:\/\/www.tetedechat.com\/blog\/photoblog\/2016\/03\/top_torre_soleil_parc_national_torres_del_paine-250x167.jpg 250w\" sizes=\"auto, (max-width: 800px) 100vw, 800px\" \/><\/a><\/p>\n<p>&#8230;plus de nuages sur les tours !<\/p>\n<p><a href=\"http:\/\/www.tetedechat.com\/blog\/photoblog\/2016\/03\/chalet_rouge_parc_national_torres_del_paine.jpg\" rel=\"attachment wp-att-21039\"><img loading=\"lazy\" decoding=\"async\" class=\"alignnone size-full wp-image-21039\" src=\"http:\/\/www.tetedechat.com\/blog\/photoblog\/2016\/03\/chalet_rouge_parc_national_torres_del_paine.jpg\" alt=\"\" width=\"800\" height=\"533\" srcset=\"https:\/\/www.tetedechat.com\/blog\/photoblog\/2016\/03\/chalet_rouge_parc_national_torres_del_paine.jpg 800w, https:\/\/www.tetedechat.com\/blog\/photoblog\/2016\/03\/chalet_rouge_parc_national_torres_del_paine-300x200.jpg 300w, https:\/\/www.tetedechat.com\/blog\/photoblog\/2016\/03\/chalet_rouge_parc_national_torres_del_paine-768x512.jpg 768w, https:\/\/www.tetedechat.com\/blog\/photoblog\/2016\/03\/chalet_rouge_parc_national_torres_del_paine-250x167.jpg 250w\" sizes=\"auto, (max-width: 800px) 100vw, 800px\" \/><\/a><\/p>\n<p>Ciel totalement bleu, j&rsquo;entame la journ\u00e9e de marche en regardant du coin de l\u2019\u0153il ces tours qui me narguent.<br \/>\nAu croisement, je m&rsquo;arr\u00eate, devrais-je retourner l\u00e0-haut ? Apr\u00e8s tout ce ne sont \u00ab\u00a0que\u00a0\u00bb 3h de marche, \u00e0 part que cette fois-ci j&rsquo;ai la tente, et d&rsquo;autres affaires que je n&rsquo;avais pas sur le dos, que faire ? Oh et puis m&#8230; ! J&rsquo;y retourne !<\/p>\n<p><a href=\"http:\/\/www.tetedechat.com\/blog\/photoblog\/2016\/03\/paysage_chevaux_parc_national_torres_del_paine.jpg\" rel=\"attachment wp-att-21108\"><img loading=\"lazy\" decoding=\"async\" class=\"alignnone size-full wp-image-21108\" src=\"http:\/\/www.tetedechat.com\/blog\/photoblog\/2016\/03\/paysage_chevaux_parc_national_torres_del_paine.jpg\" alt=\"\" width=\"800\" height=\"533\" srcset=\"https:\/\/www.tetedechat.com\/blog\/photoblog\/2016\/03\/paysage_chevaux_parc_national_torres_del_paine.jpg 800w, https:\/\/www.tetedechat.com\/blog\/photoblog\/2016\/03\/paysage_chevaux_parc_national_torres_del_paine-300x200.jpg 300w, https:\/\/www.tetedechat.com\/blog\/photoblog\/2016\/03\/paysage_chevaux_parc_national_torres_del_paine-768x512.jpg 768w, https:\/\/www.tetedechat.com\/blog\/photoblog\/2016\/03\/paysage_chevaux_parc_national_torres_del_paine-250x167.jpg 250w\" sizes=\"auto, (max-width: 800px) 100vw, 800px\" \/><\/a><\/p>\n<p>Il fallait faire vite, car je ne voulais pas dormir au m\u00eame endroit, et il y avait un sacr\u00e9 chemin pour atteindre le milieu du \u00ab\u00a0W\u00a0\u00bb, mais tr\u00e8s motiv\u00e9, une occasion pareille ne se manque pas.<\/p>\n<p><a href=\"http:\/\/www.tetedechat.com\/blog\/photoblog\/2016\/03\/paysage_2_parc_national_torres_del_paine.jpg\" rel=\"attachment wp-att-21107\"><img loading=\"lazy\" decoding=\"async\" class=\"alignnone size-full wp-image-21107\" src=\"http:\/\/www.tetedechat.com\/blog\/photoblog\/2016\/03\/paysage_2_parc_national_torres_del_paine.jpg\" alt=\"\" width=\"800\" height=\"533\" srcset=\"https:\/\/www.tetedechat.com\/blog\/photoblog\/2016\/03\/paysage_2_parc_national_torres_del_paine.jpg 800w, https:\/\/www.tetedechat.com\/blog\/photoblog\/2016\/03\/paysage_2_parc_national_torres_del_paine-300x200.jpg 300w, https:\/\/www.tetedechat.com\/blog\/photoblog\/2016\/03\/paysage_2_parc_national_torres_del_paine-768x512.jpg 768w, https:\/\/www.tetedechat.com\/blog\/photoblog\/2016\/03\/paysage_2_parc_national_torres_del_paine-250x167.jpg 250w\" sizes=\"auto, (max-width: 800px) 100vw, 800px\" \/><\/a><\/p>\n<p>La mont\u00e9e est plus dure, le sac, malgr\u00e9 mon package minimaliste, est bien plus lourd&#8230;<\/p>\n<p><a href=\"http:\/\/www.tetedechat.com\/blog\/photoblog\/2016\/03\/leve_soleil_parc_national_torres_del_paine.jpg\" rel=\"attachment wp-att-21085\"><img loading=\"lazy\" decoding=\"async\" class=\"alignnone size-full wp-image-21085\" src=\"http:\/\/www.tetedechat.com\/blog\/photoblog\/2016\/03\/leve_soleil_parc_national_torres_del_paine.jpg\" alt=\"\" width=\"800\" height=\"533\" srcset=\"https:\/\/www.tetedechat.com\/blog\/photoblog\/2016\/03\/leve_soleil_parc_national_torres_del_paine.jpg 800w, https:\/\/www.tetedechat.com\/blog\/photoblog\/2016\/03\/leve_soleil_parc_national_torres_del_paine-300x200.jpg 300w, https:\/\/www.tetedechat.com\/blog\/photoblog\/2016\/03\/leve_soleil_parc_national_torres_del_paine-768x512.jpg 768w, https:\/\/www.tetedechat.com\/blog\/photoblog\/2016\/03\/leve_soleil_parc_national_torres_del_paine-250x167.jpg 250w\" sizes=\"auto, (max-width: 800px) 100vw, 800px\" \/><\/a><\/p>\n<p><a href=\"http:\/\/www.tetedechat.com\/blog\/photoblog\/2016\/03\/moi_sacs_trekking_parc_national_torres_del_paine.jpg\" rel=\"attachment wp-att-21091\"><img loading=\"lazy\" decoding=\"async\" class=\"alignnone size-full wp-image-21091\" src=\"http:\/\/www.tetedechat.com\/blog\/photoblog\/2016\/03\/moi_sacs_trekking_parc_national_torres_del_paine.jpg\" alt=\"\" width=\"800\" height=\"600\" srcset=\"https:\/\/www.tetedechat.com\/blog\/photoblog\/2016\/03\/moi_sacs_trekking_parc_national_torres_del_paine.jpg 800w, https:\/\/www.tetedechat.com\/blog\/photoblog\/2016\/03\/moi_sacs_trekking_parc_national_torres_del_paine-300x225.jpg 300w, https:\/\/www.tetedechat.com\/blog\/photoblog\/2016\/03\/moi_sacs_trekking_parc_national_torres_del_paine-768x576.jpg 768w, https:\/\/www.tetedechat.com\/blog\/photoblog\/2016\/03\/moi_sacs_trekking_parc_national_torres_del_paine-250x188.jpg 250w\" sizes=\"auto, (max-width: 800px) 100vw, 800px\" \/><\/a><\/p>\n<p>Je n&rsquo;avais que ce petit sac (v\u00eatements + nourriture), impossible d&rsquo;y faire rentrer le tapis de sol, ou la tente, alors je les attachais avec une corde \u00e0 l\u2019ext\u00e9rieur. Appareil photo \u00e0 port\u00e9 de main, c&rsquo;est comme cela que j&rsquo;ai travers\u00e9 le Torre del Paine.<\/p>\n<p><a href=\"http:\/\/www.tetedechat.com\/blog\/photoblog\/2016\/03\/moi_sacs_trekking_parc_national_torres_del_paine_2.jpg\" rel=\"attachment wp-att-21090\"><img loading=\"lazy\" decoding=\"async\" class=\"alignnone size-full wp-image-21090\" src=\"http:\/\/www.tetedechat.com\/blog\/photoblog\/2016\/03\/moi_sacs_trekking_parc_national_torres_del_paine_2.jpg\" alt=\"\" width=\"800\" height=\"600\" srcset=\"https:\/\/www.tetedechat.com\/blog\/photoblog\/2016\/03\/moi_sacs_trekking_parc_national_torres_del_paine_2.jpg 800w, https:\/\/www.tetedechat.com\/blog\/photoblog\/2016\/03\/moi_sacs_trekking_parc_national_torres_del_paine_2-300x225.jpg 300w, https:\/\/www.tetedechat.com\/blog\/photoblog\/2016\/03\/moi_sacs_trekking_parc_national_torres_del_paine_2-768x576.jpg 768w, https:\/\/www.tetedechat.com\/blog\/photoblog\/2016\/03\/moi_sacs_trekking_parc_national_torres_del_paine_2-250x188.jpg 250w\" sizes=\"auto, (max-width: 800px) 100vw, 800px\" \/><\/a><\/p>\n<p>\u00c7a y est, j&rsquo;y suis enfin ! Aucun regret, c&rsquo;est absolument sublime, je me d\u00e9lecte du paysage, et prends bien mon temps pour savourer les lieux. Et l\u00e0 vous allez me dire : \u00ab\u00a0Ben, et les photos ?! Elles sont o\u00f9 ?\u00a0\u00bb<br \/>\nAh je vais vous faire un peu patienter, les clich\u00e9s des tours sous ciel bleu sont en fin d&rsquo;article, ch&rsquo;uis m\u00e9chant hein ?<\/p>\n<p><a href=\"http:\/\/www.tetedechat.com\/blog\/photoblog\/2016\/03\/paysage_parc_national_torres_del_paine_7.jpg\" rel=\"attachment wp-att-21131\"><img loading=\"lazy\" decoding=\"async\" class=\"alignnone size-full wp-image-21131\" src=\"http:\/\/www.tetedechat.com\/blog\/photoblog\/2016\/03\/paysage_parc_national_torres_del_paine_7.jpg\" alt=\"\" width=\"800\" height=\"533\" srcset=\"https:\/\/www.tetedechat.com\/blog\/photoblog\/2016\/03\/paysage_parc_national_torres_del_paine_7.jpg 800w, https:\/\/www.tetedechat.com\/blog\/photoblog\/2016\/03\/paysage_parc_national_torres_del_paine_7-300x200.jpg 300w, https:\/\/www.tetedechat.com\/blog\/photoblog\/2016\/03\/paysage_parc_national_torres_del_paine_7-768x512.jpg 768w, https:\/\/www.tetedechat.com\/blog\/photoblog\/2016\/03\/paysage_parc_national_torres_del_paine_7-250x167.jpg 250w\" sizes=\"auto, (max-width: 800px) 100vw, 800px\" \/><\/a><\/p>\n<p>Voici les paysages qui m\u00e8nent \u00e0 mon campement num\u00e9ro deux :<\/p>\n<p><a href=\"http:\/\/www.tetedechat.com\/blog\/photoblog\/2016\/03\/paysage_parc_national_torres_del_paine_6.jpg\" rel=\"attachment wp-att-21130\"><img loading=\"lazy\" decoding=\"async\" class=\"alignnone size-full wp-image-21130\" src=\"http:\/\/www.tetedechat.com\/blog\/photoblog\/2016\/03\/paysage_parc_national_torres_del_paine_6.jpg\" alt=\"\" width=\"800\" height=\"533\" srcset=\"https:\/\/www.tetedechat.com\/blog\/photoblog\/2016\/03\/paysage_parc_national_torres_del_paine_6.jpg 800w, https:\/\/www.tetedechat.com\/blog\/photoblog\/2016\/03\/paysage_parc_national_torres_del_paine_6-300x200.jpg 300w, https:\/\/www.tetedechat.com\/blog\/photoblog\/2016\/03\/paysage_parc_national_torres_del_paine_6-768x512.jpg 768w, https:\/\/www.tetedechat.com\/blog\/photoblog\/2016\/03\/paysage_parc_national_torres_del_paine_6-250x167.jpg 250w\" sizes=\"auto, (max-width: 800px) 100vw, 800px\" \/><\/a><\/p>\n<p><a href=\"http:\/\/www.tetedechat.com\/blog\/photoblog\/2016\/03\/paysage_parc_national_torres_del_paine_5.jpg\" rel=\"attachment wp-att-21129\"><img loading=\"lazy\" decoding=\"async\" class=\"alignnone size-full wp-image-21129\" src=\"http:\/\/www.tetedechat.com\/blog\/photoblog\/2016\/03\/paysage_parc_national_torres_del_paine_5.jpg\" alt=\"\" width=\"800\" height=\"533\" srcset=\"https:\/\/www.tetedechat.com\/blog\/photoblog\/2016\/03\/paysage_parc_national_torres_del_paine_5.jpg 800w, https:\/\/www.tetedechat.com\/blog\/photoblog\/2016\/03\/paysage_parc_national_torres_del_paine_5-300x200.jpg 300w, https:\/\/www.tetedechat.com\/blog\/photoblog\/2016\/03\/paysage_parc_national_torres_del_paine_5-768x512.jpg 768w, https:\/\/www.tetedechat.com\/blog\/photoblog\/2016\/03\/paysage_parc_national_torres_del_paine_5-250x167.jpg 250w\" sizes=\"auto, (max-width: 800px) 100vw, 800px\" \/><\/a><\/p>\n<p><a href=\"http:\/\/www.tetedechat.com\/blog\/photoblog\/2016\/03\/paysage_parc_national_torres_del_paine_3.jpg\" rel=\"attachment wp-att-21127\"><img loading=\"lazy\" decoding=\"async\" class=\"alignnone size-full wp-image-21127\" src=\"http:\/\/www.tetedechat.com\/blog\/photoblog\/2016\/03\/paysage_parc_national_torres_del_paine_3.jpg\" alt=\"\" width=\"800\" height=\"533\" srcset=\"https:\/\/www.tetedechat.com\/blog\/photoblog\/2016\/03\/paysage_parc_national_torres_del_paine_3.jpg 800w, https:\/\/www.tetedechat.com\/blog\/photoblog\/2016\/03\/paysage_parc_national_torres_del_paine_3-300x200.jpg 300w, https:\/\/www.tetedechat.com\/blog\/photoblog\/2016\/03\/paysage_parc_national_torres_del_paine_3-768x512.jpg 768w, https:\/\/www.tetedechat.com\/blog\/photoblog\/2016\/03\/paysage_parc_national_torres_del_paine_3-250x167.jpg 250w\" sizes=\"auto, (max-width: 800px) 100vw, 800px\" \/><\/a><\/p>\n<p><a href=\"http:\/\/www.tetedechat.com\/blog\/photoblog\/2016\/03\/paysage_parc_national_torres_del_paine_2.jpg\" rel=\"attachment wp-att-21126\"><img loading=\"lazy\" decoding=\"async\" class=\"alignnone size-full wp-image-21126\" src=\"http:\/\/www.tetedechat.com\/blog\/photoblog\/2016\/03\/paysage_parc_national_torres_del_paine_2.jpg\" alt=\"\" width=\"800\" height=\"533\" srcset=\"https:\/\/www.tetedechat.com\/blog\/photoblog\/2016\/03\/paysage_parc_national_torres_del_paine_2.jpg 800w, https:\/\/www.tetedechat.com\/blog\/photoblog\/2016\/03\/paysage_parc_national_torres_del_paine_2-300x200.jpg 300w, https:\/\/www.tetedechat.com\/blog\/photoblog\/2016\/03\/paysage_parc_national_torres_del_paine_2-768x512.jpg 768w, https:\/\/www.tetedechat.com\/blog\/photoblog\/2016\/03\/paysage_parc_national_torres_del_paine_2-250x167.jpg 250w\" sizes=\"auto, (max-width: 800px) 100vw, 800px\" \/><\/a><\/p>\n<p><a href=\"http:\/\/www.tetedechat.com\/blog\/photoblog\/2016\/03\/montagne_neige_parc_national_torres_del_paine.jpg\" rel=\"attachment wp-att-21099\"><img loading=\"lazy\" decoding=\"async\" class=\"alignnone size-full wp-image-21099\" src=\"http:\/\/www.tetedechat.com\/blog\/photoblog\/2016\/03\/montagne_neige_parc_national_torres_del_paine.jpg\" alt=\"\" width=\"800\" height=\"533\" srcset=\"https:\/\/www.tetedechat.com\/blog\/photoblog\/2016\/03\/montagne_neige_parc_national_torres_del_paine.jpg 800w, https:\/\/www.tetedechat.com\/blog\/photoblog\/2016\/03\/montagne_neige_parc_national_torres_del_paine-300x200.jpg 300w, https:\/\/www.tetedechat.com\/blog\/photoblog\/2016\/03\/montagne_neige_parc_national_torres_del_paine-768x512.jpg 768w, https:\/\/www.tetedechat.com\/blog\/photoblog\/2016\/03\/montagne_neige_parc_national_torres_del_paine-250x167.jpg 250w\" sizes=\"auto, (max-width: 800px) 100vw, 800px\" \/><\/a><\/p>\n<p><a href=\"http:\/\/www.tetedechat.com\/blog\/photoblog\/2016\/03\/lac_parc_national_torres_del_paine.jpg\" rel=\"attachment wp-att-21065\"><img loading=\"lazy\" decoding=\"async\" class=\"alignnone size-full wp-image-21065\" src=\"http:\/\/www.tetedechat.com\/blog\/photoblog\/2016\/03\/lac_parc_national_torres_del_paine.jpg\" alt=\"\" width=\"800\" height=\"533\" srcset=\"https:\/\/www.tetedechat.com\/blog\/photoblog\/2016\/03\/lac_parc_national_torres_del_paine.jpg 800w, https:\/\/www.tetedechat.com\/blog\/photoblog\/2016\/03\/lac_parc_national_torres_del_paine-300x200.jpg 300w, https:\/\/www.tetedechat.com\/blog\/photoblog\/2016\/03\/lac_parc_national_torres_del_paine-768x512.jpg 768w, https:\/\/www.tetedechat.com\/blog\/photoblog\/2016\/03\/lac_parc_national_torres_del_paine-250x167.jpg 250w\" sizes=\"auto, (max-width: 800px) 100vw, 800px\" \/><\/a><\/p>\n<p><a href=\"http:\/\/www.tetedechat.com\/blog\/photoblog\/2016\/03\/vue_paysage_parc_national_torres_del_paine.jpg\" rel=\"attachment wp-att-21166\"><img loading=\"lazy\" decoding=\"async\" class=\"alignnone size-full wp-image-21166\" src=\"http:\/\/www.tetedechat.com\/blog\/photoblog\/2016\/03\/vue_paysage_parc_national_torres_del_paine.jpg\" alt=\"\" width=\"800\" height=\"533\" srcset=\"https:\/\/www.tetedechat.com\/blog\/photoblog\/2016\/03\/vue_paysage_parc_national_torres_del_paine.jpg 800w, https:\/\/www.tetedechat.com\/blog\/photoblog\/2016\/03\/vue_paysage_parc_national_torres_del_paine-300x200.jpg 300w, https:\/\/www.tetedechat.com\/blog\/photoblog\/2016\/03\/vue_paysage_parc_national_torres_del_paine-768x512.jpg 768w, https:\/\/www.tetedechat.com\/blog\/photoblog\/2016\/03\/vue_paysage_parc_national_torres_del_paine-250x167.jpg 250w\" sizes=\"auto, (max-width: 800px) 100vw, 800px\" \/><\/a><\/p>\n<p><a href=\"http:\/\/www.tetedechat.com\/blog\/photoblog\/2016\/03\/chemin_mirador_britanique_parc_national_torres_del_paine.jpg\" rel=\"attachment wp-att-21045\"><img loading=\"lazy\" decoding=\"async\" class=\"alignnone size-full wp-image-21045\" src=\"http:\/\/www.tetedechat.com\/blog\/photoblog\/2016\/03\/chemin_mirador_britanique_parc_national_torres_del_paine.jpg\" alt=\"\" width=\"800\" height=\"533\" srcset=\"https:\/\/www.tetedechat.com\/blog\/photoblog\/2016\/03\/chemin_mirador_britanique_parc_national_torres_del_paine.jpg 800w, https:\/\/www.tetedechat.com\/blog\/photoblog\/2016\/03\/chemin_mirador_britanique_parc_national_torres_del_paine-300x200.jpg 300w, https:\/\/www.tetedechat.com\/blog\/photoblog\/2016\/03\/chemin_mirador_britanique_parc_national_torres_del_paine-768x512.jpg 768w, https:\/\/www.tetedechat.com\/blog\/photoblog\/2016\/03\/chemin_mirador_britanique_parc_national_torres_del_paine-250x167.jpg 250w\" sizes=\"auto, (max-width: 800px) 100vw, 800px\" \/><\/a><\/p>\n<p>Les trois derni\u00e8res heures, il a plu, beaucoup, je suis toujours aussi minimaliste, en short, chaussures trou\u00e9es, avec pour seul protection, un coupe-vent, c&rsquo;est s\u00fbr on me regarde bizarrement, mais \u00e7a m&rsquo;est \u00e9gale, l&rsquo;essentiel c&rsquo;est d&rsquo;arriver \u00e0 bon port.<\/p>\n<p><a href=\"http:\/\/www.tetedechat.com\/blog\/photoblog\/2016\/03\/chaussure_short_pluie_torres_del_paine.jpg\" rel=\"attachment wp-att-21044\"><img loading=\"lazy\" decoding=\"async\" class=\"alignnone size-full wp-image-21044\" src=\"http:\/\/www.tetedechat.com\/blog\/photoblog\/2016\/03\/chaussure_short_pluie_torres_del_paine.jpg\" alt=\"\" width=\"800\" height=\"449\" srcset=\"https:\/\/www.tetedechat.com\/blog\/photoblog\/2016\/03\/chaussure_short_pluie_torres_del_paine.jpg 800w, https:\/\/www.tetedechat.com\/blog\/photoblog\/2016\/03\/chaussure_short_pluie_torres_del_paine-300x168.jpg 300w, https:\/\/www.tetedechat.com\/blog\/photoblog\/2016\/03\/chaussure_short_pluie_torres_del_paine-768x431.jpg 768w, https:\/\/www.tetedechat.com\/blog\/photoblog\/2016\/03\/chaussure_short_pluie_torres_del_paine-250x140.jpg 250w\" sizes=\"auto, (max-width: 800px) 100vw, 800px\" \/><\/a><\/p>\n<p><a href=\"http:\/\/www.tetedechat.com\/blog\/photoblog\/2016\/03\/riviere_brume_parc_national_torres_del_paine.jpg\" rel=\"attachment wp-att-21151\"><img loading=\"lazy\" decoding=\"async\" class=\"alignnone size-full wp-image-21151\" src=\"http:\/\/www.tetedechat.com\/blog\/photoblog\/2016\/03\/riviere_brume_parc_national_torres_del_paine.jpg\" alt=\"\" width=\"800\" height=\"533\" srcset=\"https:\/\/www.tetedechat.com\/blog\/photoblog\/2016\/03\/riviere_brume_parc_national_torres_del_paine.jpg 800w, https:\/\/www.tetedechat.com\/blog\/photoblog\/2016\/03\/riviere_brume_parc_national_torres_del_paine-300x200.jpg 300w, https:\/\/www.tetedechat.com\/blog\/photoblog\/2016\/03\/riviere_brume_parc_national_torres_del_paine-768x512.jpg 768w, https:\/\/www.tetedechat.com\/blog\/photoblog\/2016\/03\/riviere_brume_parc_national_torres_del_paine-250x167.jpg 250w\" sizes=\"auto, (max-width: 800px) 100vw, 800px\" \/><\/a><\/p>\n<p>Et malgr\u00e9 la pluie, j&rsquo;y arrive.<br \/>\nAu camping un tas de routards :<br \/>\n&#8211; \u00ab\u00a0Tu as pu voir les tours ?\u00a0\u00bb<br \/>\n&#8211; \u00ab\u00a0Oui, ce matin c&rsquo;\u00e9tait bien d\u00e9gag\u00e9\u00a0\u00bb<br \/>\n&#8211; \u00ab\u00a0T&rsquo;as de la chance, j&rsquo;y suis mont\u00e9 hier, des nuages partout\u00a0\u00bb<br \/>\n&#8211; \u00ab\u00a0Oui, moi aussi\u00a0\u00bb<br \/>\n&#8211; \u00ab\u00a0Comment \u00e7a toi aussi ?! Tu viens de dire que tu les as vu ce matin\u00a0\u00bb<br \/>\n&#8211; \u00ab\u00a0Ben oui, hier ET ce matin\u00a0\u00bb<br \/>\n&#8211; \u00ab\u00a0Tu es mont\u00e9 deux fois ?\u00a0\u00bb<br \/>\n&#8211; \u00ab\u00a0Oui, hier et ce matin avant de venir ici\u00a0\u00bb<br \/>\n&#8211; \u00ab\u00a0Tu es mont\u00e9 deux fois aux tours en moins de 24h ?!?\u00a0\u00bb<br \/>\n&#8211; \u00ab\u00a0&#8230;&#8230;&#8230;&#8230;&#8230;..oui\u00a0\u00bb<br \/>\nIls me regardent tous avec des yeux ronds, puis avec un sourire en coin ajoutent :<br \/>\n&#8211; \u00ab\u00a0Mais oui, bien s\u00fbr, 2 fois&#8230;\u00a0\u00bb<br \/>\nUn peu surprit, je leur montre les photos de la veille et de la matin\u00e9e sur le 7D. Ils \u00e9carquillent les yeux encore plus, je ne comprends pas trop leur \u00e9tonnement sur le coup, ok c&rsquo;est dur, mais loin d&rsquo;\u00eatre surhumain. Bon apr\u00e8s tout, tant mieux si je passe pour un king du trekking.<\/p>\n<p><a href=\"http:\/\/www.tetedechat.com\/blog\/photoblog\/2016\/03\/camping_italien_parc_national_torres_del_paine.jpg\" rel=\"attachment wp-att-21036\"><img loading=\"lazy\" decoding=\"async\" class=\"alignnone size-full wp-image-21036\" src=\"http:\/\/www.tetedechat.com\/blog\/photoblog\/2016\/03\/camping_italien_parc_national_torres_del_paine.jpg\" alt=\"\" width=\"800\" height=\"533\" srcset=\"https:\/\/www.tetedechat.com\/blog\/photoblog\/2016\/03\/camping_italien_parc_national_torres_del_paine.jpg 800w, https:\/\/www.tetedechat.com\/blog\/photoblog\/2016\/03\/camping_italien_parc_national_torres_del_paine-300x200.jpg 300w, https:\/\/www.tetedechat.com\/blog\/photoblog\/2016\/03\/camping_italien_parc_national_torres_del_paine-768x512.jpg 768w, https:\/\/www.tetedechat.com\/blog\/photoblog\/2016\/03\/camping_italien_parc_national_torres_del_paine-250x167.jpg 250w\" sizes=\"auto, (max-width: 800px) 100vw, 800px\" \/><\/a><\/p>\n<p>C&rsquo;est la pleine saison, alors m\u00eame si mes photos ne vous le montrent pas, il y a du monde, beaucoup. Cela se croise et re-croise, il faut parfois patienter dans les chemins trop \u00e9troits, impossible de rester seul plus de trente secondes.<br \/>\nPour une telle beaut\u00e9, c&rsquo;est compr\u00e9hensible. Allez, passons aux photos de la troisi\u00e8me journ\u00e9e, vous allez vous apercevoir que les nuages vont doucement prendre le large :<\/p>\n<p><a href=\"http:\/\/www.tetedechat.com\/blog\/photoblog\/2016\/03\/paysage_parc_national_torres_del_paine_9.jpg\" rel=\"attachment wp-att-21133\"><img loading=\"lazy\" decoding=\"async\" class=\"alignnone size-full wp-image-21133\" src=\"http:\/\/www.tetedechat.com\/blog\/photoblog\/2016\/03\/paysage_parc_national_torres_del_paine_9.jpg\" alt=\"\" width=\"800\" height=\"533\" srcset=\"https:\/\/www.tetedechat.com\/blog\/photoblog\/2016\/03\/paysage_parc_national_torres_del_paine_9.jpg 800w, https:\/\/www.tetedechat.com\/blog\/photoblog\/2016\/03\/paysage_parc_national_torres_del_paine_9-300x200.jpg 300w, https:\/\/www.tetedechat.com\/blog\/photoblog\/2016\/03\/paysage_parc_national_torres_del_paine_9-768x512.jpg 768w, https:\/\/www.tetedechat.com\/blog\/photoblog\/2016\/03\/paysage_parc_national_torres_del_paine_9-250x167.jpg 250w\" sizes=\"auto, (max-width: 800px) 100vw, 800px\" \/><\/a><\/p>\n<p><a href=\"http:\/\/www.tetedechat.com\/blog\/photoblog\/2016\/03\/montagne_enneigee_paysage_parc_national_torres_del_paine.jpg\" rel=\"attachment wp-att-21098\"><img loading=\"lazy\" decoding=\"async\" class=\"alignnone size-full wp-image-21098\" src=\"http:\/\/www.tetedechat.com\/blog\/photoblog\/2016\/03\/montagne_enneigee_paysage_parc_national_torres_del_paine.jpg\" alt=\"\" width=\"800\" height=\"533\" srcset=\"https:\/\/www.tetedechat.com\/blog\/photoblog\/2016\/03\/montagne_enneigee_paysage_parc_national_torres_del_paine.jpg 800w, https:\/\/www.tetedechat.com\/blog\/photoblog\/2016\/03\/montagne_enneigee_paysage_parc_national_torres_del_paine-300x200.jpg 300w, https:\/\/www.tetedechat.com\/blog\/photoblog\/2016\/03\/montagne_enneigee_paysage_parc_national_torres_del_paine-768x512.jpg 768w, https:\/\/www.tetedechat.com\/blog\/photoblog\/2016\/03\/montagne_enneigee_paysage_parc_national_torres_del_paine-250x167.jpg 250w\" sizes=\"auto, (max-width: 800px) 100vw, 800px\" \/><\/a><\/p>\n<p><a href=\"http:\/\/www.tetedechat.com\/blog\/photoblog\/2016\/03\/montagne_enneigee_paysage_parc_national_torres_del_paine_3.jpg\" rel=\"attachment wp-att-21096\"><img loading=\"lazy\" decoding=\"async\" class=\"alignnone size-full wp-image-21096\" src=\"http:\/\/www.tetedechat.com\/blog\/photoblog\/2016\/03\/montagne_enneigee_paysage_parc_national_torres_del_paine_3.jpg\" alt=\"\" width=\"800\" height=\"533\" srcset=\"https:\/\/www.tetedechat.com\/blog\/photoblog\/2016\/03\/montagne_enneigee_paysage_parc_national_torres_del_paine_3.jpg 800w, https:\/\/www.tetedechat.com\/blog\/photoblog\/2016\/03\/montagne_enneigee_paysage_parc_national_torres_del_paine_3-300x200.jpg 300w, https:\/\/www.tetedechat.com\/blog\/photoblog\/2016\/03\/montagne_enneigee_paysage_parc_national_torres_del_paine_3-768x512.jpg 768w, https:\/\/www.tetedechat.com\/blog\/photoblog\/2016\/03\/montagne_enneigee_paysage_parc_national_torres_del_paine_3-250x167.jpg 250w\" sizes=\"auto, (max-width: 800px) 100vw, 800px\" \/><\/a><\/p>\n<p><a href=\"http:\/\/www.tetedechat.com\/blog\/photoblog\/2016\/03\/montagne_enneigee_paysage_parc_national_torres_del_paine_2.jpg\" rel=\"attachment wp-att-21095\"><img loading=\"lazy\" decoding=\"async\" class=\"alignnone size-full wp-image-21095\" src=\"http:\/\/www.tetedechat.com\/blog\/photoblog\/2016\/03\/montagne_enneigee_paysage_parc_national_torres_del_paine_2.jpg\" alt=\"\" width=\"800\" height=\"533\" srcset=\"https:\/\/www.tetedechat.com\/blog\/photoblog\/2016\/03\/montagne_enneigee_paysage_parc_national_torres_del_paine_2.jpg 800w, https:\/\/www.tetedechat.com\/blog\/photoblog\/2016\/03\/montagne_enneigee_paysage_parc_national_torres_del_paine_2-300x200.jpg 300w, https:\/\/www.tetedechat.com\/blog\/photoblog\/2016\/03\/montagne_enneigee_paysage_parc_national_torres_del_paine_2-768x512.jpg 768w, https:\/\/www.tetedechat.com\/blog\/photoblog\/2016\/03\/montagne_enneigee_paysage_parc_national_torres_del_paine_2-250x167.jpg 250w\" sizes=\"auto, (max-width: 800px) 100vw, 800px\" \/><\/a><\/p>\n<p><a href=\"http:\/\/www.tetedechat.com\/blog\/photoblog\/2016\/03\/vue_parc_national_torres_del_paine.jpg\" rel=\"attachment wp-att-21165\"><img loading=\"lazy\" decoding=\"async\" class=\"alignnone size-full wp-image-21165\" src=\"http:\/\/www.tetedechat.com\/blog\/photoblog\/2016\/03\/vue_parc_national_torres_del_paine.jpg\" alt=\"\" width=\"800\" height=\"600\" srcset=\"https:\/\/www.tetedechat.com\/blog\/photoblog\/2016\/03\/vue_parc_national_torres_del_paine.jpg 800w, https:\/\/www.tetedechat.com\/blog\/photoblog\/2016\/03\/vue_parc_national_torres_del_paine-300x225.jpg 300w, https:\/\/www.tetedechat.com\/blog\/photoblog\/2016\/03\/vue_parc_national_torres_del_paine-768x576.jpg 768w, https:\/\/www.tetedechat.com\/blog\/photoblog\/2016\/03\/vue_parc_national_torres_del_paine-250x188.jpg 250w\" sizes=\"auto, (max-width: 800px) 100vw, 800px\" \/><\/a><\/p>\n<p><a href=\"http:\/\/www.tetedechat.com\/blog\/photoblog\/2016\/03\/vue_parc_national_torres_del_paine_2.jpg\" rel=\"attachment wp-att-21161\"><img loading=\"lazy\" decoding=\"async\" class=\"alignnone size-full wp-image-21161\" src=\"http:\/\/www.tetedechat.com\/blog\/photoblog\/2016\/03\/vue_parc_national_torres_del_paine_2.jpg\" alt=\"\" width=\"800\" height=\"600\" srcset=\"https:\/\/www.tetedechat.com\/blog\/photoblog\/2016\/03\/vue_parc_national_torres_del_paine_2.jpg 800w, https:\/\/www.tetedechat.com\/blog\/photoblog\/2016\/03\/vue_parc_national_torres_del_paine_2-300x225.jpg 300w, https:\/\/www.tetedechat.com\/blog\/photoblog\/2016\/03\/vue_parc_national_torres_del_paine_2-768x576.jpg 768w, https:\/\/www.tetedechat.com\/blog\/photoblog\/2016\/03\/vue_parc_national_torres_del_paine_2-250x188.jpg 250w\" sizes=\"auto, (max-width: 800px) 100vw, 800px\" \/><\/a><\/p>\n<p><a href=\"http:\/\/www.tetedechat.com\/blog\/photoblog\/2016\/03\/pont_riviere_parc_national_torres_del_paine.jpg\" rel=\"attachment wp-att-21150\"><img loading=\"lazy\" decoding=\"async\" class=\"alignnone size-full wp-image-21150\" src=\"http:\/\/www.tetedechat.com\/blog\/photoblog\/2016\/03\/pont_riviere_parc_national_torres_del_paine.jpg\" alt=\"\" width=\"800\" height=\"533\" srcset=\"https:\/\/www.tetedechat.com\/blog\/photoblog\/2016\/03\/pont_riviere_parc_national_torres_del_paine.jpg 800w, https:\/\/www.tetedechat.com\/blog\/photoblog\/2016\/03\/pont_riviere_parc_national_torres_del_paine-300x200.jpg 300w, https:\/\/www.tetedechat.com\/blog\/photoblog\/2016\/03\/pont_riviere_parc_national_torres_del_paine-768x512.jpg 768w, https:\/\/www.tetedechat.com\/blog\/photoblog\/2016\/03\/pont_riviere_parc_national_torres_del_paine-250x167.jpg 250w\" sizes=\"auto, (max-width: 800px) 100vw, 800px\" \/><\/a><\/p>\n<p><a href=\"http:\/\/www.tetedechat.com\/blog\/photoblog\/2016\/03\/paysage_riviere_parc_national_torres_del_paine.jpg\" rel=\"attachment wp-att-21146\"><img loading=\"lazy\" decoding=\"async\" class=\"alignnone size-full wp-image-21146\" src=\"http:\/\/www.tetedechat.com\/blog\/photoblog\/2016\/03\/paysage_riviere_parc_national_torres_del_paine.jpg\" alt=\"\" width=\"800\" height=\"533\" srcset=\"https:\/\/www.tetedechat.com\/blog\/photoblog\/2016\/03\/paysage_riviere_parc_national_torres_del_paine.jpg 800w, https:\/\/www.tetedechat.com\/blog\/photoblog\/2016\/03\/paysage_riviere_parc_national_torres_del_paine-300x200.jpg 300w, https:\/\/www.tetedechat.com\/blog\/photoblog\/2016\/03\/paysage_riviere_parc_national_torres_del_paine-768x512.jpg 768w, https:\/\/www.tetedechat.com\/blog\/photoblog\/2016\/03\/paysage_riviere_parc_national_torres_del_paine-250x167.jpg 250w\" sizes=\"auto, (max-width: 800px) 100vw, 800px\" \/><\/a><\/p>\n<p><a href=\"http:\/\/www.tetedechat.com\/blog\/photoblog\/2016\/03\/paysage_parc_national_torres_del_paine_glace.jpg\" rel=\"attachment wp-att-21143\"><img loading=\"lazy\" decoding=\"async\" class=\"alignnone size-full wp-image-21143\" src=\"http:\/\/www.tetedechat.com\/blog\/photoblog\/2016\/03\/paysage_parc_national_torres_del_paine_glace.jpg\" alt=\"\" width=\"800\" height=\"533\" srcset=\"https:\/\/www.tetedechat.com\/blog\/photoblog\/2016\/03\/paysage_parc_national_torres_del_paine_glace.jpg 800w, https:\/\/www.tetedechat.com\/blog\/photoblog\/2016\/03\/paysage_parc_national_torres_del_paine_glace-300x200.jpg 300w, https:\/\/www.tetedechat.com\/blog\/photoblog\/2016\/03\/paysage_parc_national_torres_del_paine_glace-768x512.jpg 768w, https:\/\/www.tetedechat.com\/blog\/photoblog\/2016\/03\/paysage_parc_national_torres_del_paine_glace-250x167.jpg 250w\" sizes=\"auto, (max-width: 800px) 100vw, 800px\" \/><\/a><\/p>\n<p><a href=\"http:\/\/www.tetedechat.com\/blog\/photoblog\/2016\/03\/paysage_parc_national_torres_del_paine_13.jpg\" rel=\"attachment wp-att-21137\"><img loading=\"lazy\" decoding=\"async\" class=\"alignnone size-full wp-image-21137\" src=\"http:\/\/www.tetedechat.com\/blog\/photoblog\/2016\/03\/paysage_parc_national_torres_del_paine_13.jpg\" alt=\"\" width=\"800\" height=\"533\" srcset=\"https:\/\/www.tetedechat.com\/blog\/photoblog\/2016\/03\/paysage_parc_national_torres_del_paine_13.jpg 800w, https:\/\/www.tetedechat.com\/blog\/photoblog\/2016\/03\/paysage_parc_national_torres_del_paine_13-300x200.jpg 300w, https:\/\/www.tetedechat.com\/blog\/photoblog\/2016\/03\/paysage_parc_national_torres_del_paine_13-768x512.jpg 768w, https:\/\/www.tetedechat.com\/blog\/photoblog\/2016\/03\/paysage_parc_national_torres_del_paine_13-250x167.jpg 250w\" sizes=\"auto, (max-width: 800px) 100vw, 800px\" \/><\/a><\/p>\n<p><a href=\"http:\/\/www.tetedechat.com\/blog\/photoblog\/2016\/03\/paysage_parc_national_torres_del_paine_12.jpg\" rel=\"attachment wp-att-21136\"><img loading=\"lazy\" decoding=\"async\" class=\"alignnone size-full wp-image-21136\" src=\"http:\/\/www.tetedechat.com\/blog\/photoblog\/2016\/03\/paysage_parc_national_torres_del_paine_12.jpg\" alt=\"\" width=\"800\" height=\"533\" srcset=\"https:\/\/www.tetedechat.com\/blog\/photoblog\/2016\/03\/paysage_parc_national_torres_del_paine_12.jpg 800w, https:\/\/www.tetedechat.com\/blog\/photoblog\/2016\/03\/paysage_parc_national_torres_del_paine_12-300x200.jpg 300w, https:\/\/www.tetedechat.com\/blog\/photoblog\/2016\/03\/paysage_parc_national_torres_del_paine_12-768x512.jpg 768w, https:\/\/www.tetedechat.com\/blog\/photoblog\/2016\/03\/paysage_parc_national_torres_del_paine_12-250x167.jpg 250w\" sizes=\"auto, (max-width: 800px) 100vw, 800px\" \/><\/a><\/p>\n<p><a href=\"http:\/\/www.tetedechat.com\/blog\/photoblog\/2016\/03\/paysage_lac_parc_national_torres_del_paine_14.jpg\" rel=\"attachment wp-att-21121\"><img loading=\"lazy\" decoding=\"async\" class=\"alignnone size-full wp-image-21121\" src=\"http:\/\/www.tetedechat.com\/blog\/photoblog\/2016\/03\/paysage_lac_parc_national_torres_del_paine_14.jpg\" alt=\"\" width=\"800\" height=\"533\" srcset=\"https:\/\/www.tetedechat.com\/blog\/photoblog\/2016\/03\/paysage_lac_parc_national_torres_del_paine_14.jpg 800w, https:\/\/www.tetedechat.com\/blog\/photoblog\/2016\/03\/paysage_lac_parc_national_torres_del_paine_14-300x200.jpg 300w, https:\/\/www.tetedechat.com\/blog\/photoblog\/2016\/03\/paysage_lac_parc_national_torres_del_paine_14-768x512.jpg 768w, https:\/\/www.tetedechat.com\/blog\/photoblog\/2016\/03\/paysage_lac_parc_national_torres_del_paine_14-250x167.jpg 250w\" sizes=\"auto, (max-width: 800px) 100vw, 800px\" \/><\/a><\/p>\n<p><a href=\"http:\/\/www.tetedechat.com\/blog\/photoblog\/2016\/03\/paysage_lac_parc_national_torres_del_paine_13.jpg\" rel=\"attachment wp-att-21120\"><img loading=\"lazy\" decoding=\"async\" class=\"alignnone size-full wp-image-21120\" src=\"http:\/\/www.tetedechat.com\/blog\/photoblog\/2016\/03\/paysage_lac_parc_national_torres_del_paine_13.jpg\" alt=\"\" width=\"800\" height=\"533\" srcset=\"https:\/\/www.tetedechat.com\/blog\/photoblog\/2016\/03\/paysage_lac_parc_national_torres_del_paine_13.jpg 800w, https:\/\/www.tetedechat.com\/blog\/photoblog\/2016\/03\/paysage_lac_parc_national_torres_del_paine_13-300x200.jpg 300w, https:\/\/www.tetedechat.com\/blog\/photoblog\/2016\/03\/paysage_lac_parc_national_torres_del_paine_13-768x512.jpg 768w, https:\/\/www.tetedechat.com\/blog\/photoblog\/2016\/03\/paysage_lac_parc_national_torres_del_paine_13-250x167.jpg 250w\" sizes=\"auto, (max-width: 800px) 100vw, 800px\" \/><\/a><\/p>\n<p><a href=\"http:\/\/www.tetedechat.com\/blog\/photoblog\/2016\/03\/vue_glacier_parc_national_torres_del_paine.jpg\" rel=\"attachment wp-att-21158\"><img loading=\"lazy\" decoding=\"async\" class=\"alignnone size-full wp-image-21158\" src=\"http:\/\/www.tetedechat.com\/blog\/photoblog\/2016\/03\/vue_glacier_parc_national_torres_del_paine.jpg\" alt=\"\" width=\"800\" height=\"600\" srcset=\"https:\/\/www.tetedechat.com\/blog\/photoblog\/2016\/03\/vue_glacier_parc_national_torres_del_paine.jpg 800w, https:\/\/www.tetedechat.com\/blog\/photoblog\/2016\/03\/vue_glacier_parc_national_torres_del_paine-300x225.jpg 300w, https:\/\/www.tetedechat.com\/blog\/photoblog\/2016\/03\/vue_glacier_parc_national_torres_del_paine-768x576.jpg 768w, https:\/\/www.tetedechat.com\/blog\/photoblog\/2016\/03\/vue_glacier_parc_national_torres_del_paine-250x188.jpg 250w\" sizes=\"auto, (max-width: 800px) 100vw, 800px\" \/><\/a><\/p>\n<p><a href=\"http:\/\/www.tetedechat.com\/blog\/photoblog\/2016\/03\/buse_vol_parc_national_torres_del_paine.jpg\" rel=\"attachment wp-att-21034\"><img loading=\"lazy\" decoding=\"async\" class=\"alignnone size-full wp-image-21034\" src=\"http:\/\/www.tetedechat.com\/blog\/photoblog\/2016\/03\/buse_vol_parc_national_torres_del_paine.jpg\" alt=\"\" width=\"800\" height=\"533\" srcset=\"https:\/\/www.tetedechat.com\/blog\/photoblog\/2016\/03\/buse_vol_parc_national_torres_del_paine.jpg 800w, https:\/\/www.tetedechat.com\/blog\/photoblog\/2016\/03\/buse_vol_parc_national_torres_del_paine-300x200.jpg 300w, https:\/\/www.tetedechat.com\/blog\/photoblog\/2016\/03\/buse_vol_parc_national_torres_del_paine-768x512.jpg 768w, https:\/\/www.tetedechat.com\/blog\/photoblog\/2016\/03\/buse_vol_parc_national_torres_del_paine-250x167.jpg 250w\" sizes=\"auto, (max-width: 800px) 100vw, 800px\" \/><\/a><\/p>\n<p><a href=\"http:\/\/www.tetedechat.com\/blog\/photoblog\/2016\/03\/vue_lac_parc_national_torres_del_paine.jpg\" rel=\"attachment wp-att-21159\"><img loading=\"lazy\" decoding=\"async\" class=\"alignnone size-full wp-image-21159\" src=\"http:\/\/www.tetedechat.com\/blog\/photoblog\/2016\/03\/vue_lac_parc_national_torres_del_paine.jpg\" alt=\"\" width=\"800\" height=\"600\" srcset=\"https:\/\/www.tetedechat.com\/blog\/photoblog\/2016\/03\/vue_lac_parc_national_torres_del_paine.jpg 800w, https:\/\/www.tetedechat.com\/blog\/photoblog\/2016\/03\/vue_lac_parc_national_torres_del_paine-300x225.jpg 300w, https:\/\/www.tetedechat.com\/blog\/photoblog\/2016\/03\/vue_lac_parc_national_torres_del_paine-768x576.jpg 768w, https:\/\/www.tetedechat.com\/blog\/photoblog\/2016\/03\/vue_lac_parc_national_torres_del_paine-250x188.jpg 250w\" sizes=\"auto, (max-width: 800px) 100vw, 800px\" \/><\/a><\/p>\n<p><a href=\"http:\/\/www.tetedechat.com\/blog\/photoblog\/2016\/03\/paysage_parc_national_torres_del_paine_16.jpg\" rel=\"attachment wp-att-21140\"><img loading=\"lazy\" decoding=\"async\" class=\"alignnone size-full wp-image-21140\" src=\"http:\/\/www.tetedechat.com\/blog\/photoblog\/2016\/03\/paysage_parc_national_torres_del_paine_16.jpg\" alt=\"\" width=\"800\" height=\"533\" srcset=\"https:\/\/www.tetedechat.com\/blog\/photoblog\/2016\/03\/paysage_parc_national_torres_del_paine_16.jpg 800w, https:\/\/www.tetedechat.com\/blog\/photoblog\/2016\/03\/paysage_parc_national_torres_del_paine_16-300x200.jpg 300w, https:\/\/www.tetedechat.com\/blog\/photoblog\/2016\/03\/paysage_parc_national_torres_del_paine_16-768x512.jpg 768w, https:\/\/www.tetedechat.com\/blog\/photoblog\/2016\/03\/paysage_parc_national_torres_del_paine_16-250x167.jpg 250w\" sizes=\"auto, (max-width: 800px) 100vw, 800px\" \/><\/a><\/p>\n<p><a href=\"http:\/\/www.tetedechat.com\/blog\/photoblog\/2016\/03\/paysage_parc_national_torres_del_paine_15.jpg\" rel=\"attachment wp-att-21139\"><img loading=\"lazy\" decoding=\"async\" class=\"alignnone size-full wp-image-21139\" src=\"http:\/\/www.tetedechat.com\/blog\/photoblog\/2016\/03\/paysage_parc_national_torres_del_paine_15.jpg\" alt=\"\" width=\"800\" height=\"533\" srcset=\"https:\/\/www.tetedechat.com\/blog\/photoblog\/2016\/03\/paysage_parc_national_torres_del_paine_15.jpg 800w, https:\/\/www.tetedechat.com\/blog\/photoblog\/2016\/03\/paysage_parc_national_torres_del_paine_15-300x200.jpg 300w, https:\/\/www.tetedechat.com\/blog\/photoblog\/2016\/03\/paysage_parc_national_torres_del_paine_15-768x512.jpg 768w, https:\/\/www.tetedechat.com\/blog\/photoblog\/2016\/03\/paysage_parc_national_torres_del_paine_15-250x167.jpg 250w\" sizes=\"auto, (max-width: 800px) 100vw, 800px\" \/><\/a><\/p>\n<p><a href=\"http:\/\/www.tetedechat.com\/blog\/photoblog\/2016\/03\/paysage_parc_national_torres_del_paine_14.jpg\" rel=\"attachment wp-att-21138\"><img loading=\"lazy\" decoding=\"async\" class=\"alignnone size-full wp-image-21138\" src=\"http:\/\/www.tetedechat.com\/blog\/photoblog\/2016\/03\/paysage_parc_national_torres_del_paine_14.jpg\" alt=\"\" width=\"800\" height=\"533\" srcset=\"https:\/\/www.tetedechat.com\/blog\/photoblog\/2016\/03\/paysage_parc_national_torres_del_paine_14.jpg 800w, https:\/\/www.tetedechat.com\/blog\/photoblog\/2016\/03\/paysage_parc_national_torres_del_paine_14-300x200.jpg 300w, https:\/\/www.tetedechat.com\/blog\/photoblog\/2016\/03\/paysage_parc_national_torres_del_paine_14-768x512.jpg 768w, https:\/\/www.tetedechat.com\/blog\/photoblog\/2016\/03\/paysage_parc_national_torres_del_paine_14-250x167.jpg 250w\" sizes=\"auto, (max-width: 800px) 100vw, 800px\" \/><\/a><\/p>\n<p><a href=\"http:\/\/www.tetedechat.com\/blog\/photoblog\/2016\/03\/chemin_parc_national_torres_del_paine.jpg\" rel=\"attachment wp-att-21046\"><img loading=\"lazy\" decoding=\"async\" class=\"alignnone size-full wp-image-21046\" src=\"http:\/\/www.tetedechat.com\/blog\/photoblog\/2016\/03\/chemin_parc_national_torres_del_paine.jpg\" alt=\"\" width=\"800\" height=\"533\" srcset=\"https:\/\/www.tetedechat.com\/blog\/photoblog\/2016\/03\/chemin_parc_national_torres_del_paine.jpg 800w, https:\/\/www.tetedechat.com\/blog\/photoblog\/2016\/03\/chemin_parc_national_torres_del_paine-300x200.jpg 300w, https:\/\/www.tetedechat.com\/blog\/photoblog\/2016\/03\/chemin_parc_national_torres_del_paine-768x512.jpg 768w, https:\/\/www.tetedechat.com\/blog\/photoblog\/2016\/03\/chemin_parc_national_torres_del_paine-250x167.jpg 250w\" sizes=\"auto, (max-width: 800px) 100vw, 800px\" \/><\/a><\/p>\n<p><a href=\"http:\/\/www.tetedechat.com\/blog\/photoblog\/2016\/03\/fleurs_cloche_torres_del_paine.jpg\" rel=\"attachment wp-att-21054\"><img loading=\"lazy\" decoding=\"async\" class=\"alignnone size-full wp-image-21054\" src=\"http:\/\/www.tetedechat.com\/blog\/photoblog\/2016\/03\/fleurs_cloche_torres_del_paine.jpg\" alt=\"\" width=\"800\" height=\"600\" srcset=\"https:\/\/www.tetedechat.com\/blog\/photoblog\/2016\/03\/fleurs_cloche_torres_del_paine.jpg 800w, https:\/\/www.tetedechat.com\/blog\/photoblog\/2016\/03\/fleurs_cloche_torres_del_paine-300x225.jpg 300w, https:\/\/www.tetedechat.com\/blog\/photoblog\/2016\/03\/fleurs_cloche_torres_del_paine-768x576.jpg 768w, https:\/\/www.tetedechat.com\/blog\/photoblog\/2016\/03\/fleurs_cloche_torres_del_paine-250x188.jpg 250w\" sizes=\"auto, (max-width: 800px) 100vw, 800px\" \/><\/a><\/p>\n<p><a href=\"http:\/\/www.tetedechat.com\/blog\/photoblog\/2016\/03\/fleur_cloche_violette_parc_national_torres_del_paine_.jpg\" rel=\"attachment wp-att-21053\"><img loading=\"lazy\" decoding=\"async\" class=\"alignnone size-full wp-image-21053\" src=\"http:\/\/www.tetedechat.com\/blog\/photoblog\/2016\/03\/fleur_cloche_violette_parc_national_torres_del_paine_.jpg\" alt=\"\" width=\"800\" height=\"533\" srcset=\"https:\/\/www.tetedechat.com\/blog\/photoblog\/2016\/03\/fleur_cloche_violette_parc_national_torres_del_paine_.jpg 800w, https:\/\/www.tetedechat.com\/blog\/photoblog\/2016\/03\/fleur_cloche_violette_parc_national_torres_del_paine_-300x200.jpg 300w, https:\/\/www.tetedechat.com\/blog\/photoblog\/2016\/03\/fleur_cloche_violette_parc_national_torres_del_paine_-768x512.jpg 768w, https:\/\/www.tetedechat.com\/blog\/photoblog\/2016\/03\/fleur_cloche_violette_parc_national_torres_del_paine_-250x167.jpg 250w\" sizes=\"auto, (max-width: 800px) 100vw, 800px\" \/><\/a><\/p>\n<p><a href=\"http:\/\/www.tetedechat.com\/blog\/photoblog\/2016\/03\/champs_fleurs_cloches_parc_national_torres_del_paine.jpg\" rel=\"attachment wp-att-21042\"><img loading=\"lazy\" decoding=\"async\" class=\"alignnone size-full wp-image-21042\" src=\"http:\/\/www.tetedechat.com\/blog\/photoblog\/2016\/03\/champs_fleurs_cloches_parc_national_torres_del_paine.jpg\" alt=\"\" width=\"800\" height=\"600\" srcset=\"https:\/\/www.tetedechat.com\/blog\/photoblog\/2016\/03\/champs_fleurs_cloches_parc_national_torres_del_paine.jpg 800w, https:\/\/www.tetedechat.com\/blog\/photoblog\/2016\/03\/champs_fleurs_cloches_parc_national_torres_del_paine-300x225.jpg 300w, https:\/\/www.tetedechat.com\/blog\/photoblog\/2016\/03\/champs_fleurs_cloches_parc_national_torres_del_paine-768x576.jpg 768w, https:\/\/www.tetedechat.com\/blog\/photoblog\/2016\/03\/champs_fleurs_cloches_parc_national_torres_del_paine-250x188.jpg 250w\" sizes=\"auto, (max-width: 800px) 100vw, 800px\" \/><\/a><\/p>\n<p>C&rsquo;est ici, pr\u00e8s d&rsquo;un glacier, que je vais passer ma troisi\u00e8me nuit, et c&rsquo;est aussi la fin du \u00ab\u00a0W\u00a0\u00bb, mais comme dit plus haut, j&rsquo;ai fait un peu plus, alors au lieu de seulement me poser, j&rsquo;ai install\u00e9 la tente, pour reprendre la route plus au Nord, afin de voir ce glacier de plus haut.<\/p>\n<p><a href=\"http:\/\/www.tetedechat.com\/blog\/photoblog\/2016\/03\/campement_parc_national_torres_del_paine.jpg\" rel=\"attachment wp-att-21035\"><img loading=\"lazy\" decoding=\"async\" class=\"alignnone size-full wp-image-21035\" src=\"http:\/\/www.tetedechat.com\/blog\/photoblog\/2016\/03\/campement_parc_national_torres_del_paine.jpg\" alt=\"\" width=\"800\" height=\"600\" srcset=\"https:\/\/www.tetedechat.com\/blog\/photoblog\/2016\/03\/campement_parc_national_torres_del_paine.jpg 800w, https:\/\/www.tetedechat.com\/blog\/photoblog\/2016\/03\/campement_parc_national_torres_del_paine-300x225.jpg 300w, https:\/\/www.tetedechat.com\/blog\/photoblog\/2016\/03\/campement_parc_national_torres_del_paine-768x576.jpg 768w, https:\/\/www.tetedechat.com\/blog\/photoblog\/2016\/03\/campement_parc_national_torres_del_paine-250x188.jpg 250w\" sizes=\"auto, (max-width: 800px) 100vw, 800px\" \/><\/a><\/p>\n<p><a href=\"http:\/\/www.tetedechat.com\/blog\/photoblog\/2016\/03\/paysage_parc_national_torres_del_paine_17.jpg\" rel=\"attachment wp-att-21141\"><img loading=\"lazy\" decoding=\"async\" class=\"alignnone size-full wp-image-21141\" src=\"http:\/\/www.tetedechat.com\/blog\/photoblog\/2016\/03\/paysage_parc_national_torres_del_paine_17.jpg\" alt=\"\" width=\"800\" height=\"533\" srcset=\"https:\/\/www.tetedechat.com\/blog\/photoblog\/2016\/03\/paysage_parc_national_torres_del_paine_17.jpg 800w, https:\/\/www.tetedechat.com\/blog\/photoblog\/2016\/03\/paysage_parc_national_torres_del_paine_17-300x200.jpg 300w, https:\/\/www.tetedechat.com\/blog\/photoblog\/2016\/03\/paysage_parc_national_torres_del_paine_17-768x512.jpg 768w, https:\/\/www.tetedechat.com\/blog\/photoblog\/2016\/03\/paysage_parc_national_torres_del_paine_17-250x167.jpg 250w\" sizes=\"auto, (max-width: 800px) 100vw, 800px\" \/><\/a><\/p>\n<p><a href=\"http:\/\/www.tetedechat.com\/blog\/photoblog\/2016\/03\/glacier_grey_parc_national_torres_del_paine_pont.jpg\" rel=\"attachment wp-att-21063\"><img loading=\"lazy\" decoding=\"async\" class=\"alignnone size-full wp-image-21063\" src=\"http:\/\/www.tetedechat.com\/blog\/photoblog\/2016\/03\/glacier_grey_parc_national_torres_del_paine_pont.jpg\" alt=\"\" width=\"800\" height=\"533\" srcset=\"https:\/\/www.tetedechat.com\/blog\/photoblog\/2016\/03\/glacier_grey_parc_national_torres_del_paine_pont.jpg 800w, https:\/\/www.tetedechat.com\/blog\/photoblog\/2016\/03\/glacier_grey_parc_national_torres_del_paine_pont-300x200.jpg 300w, https:\/\/www.tetedechat.com\/blog\/photoblog\/2016\/03\/glacier_grey_parc_national_torres_del_paine_pont-768x512.jpg 768w, https:\/\/www.tetedechat.com\/blog\/photoblog\/2016\/03\/glacier_grey_parc_national_torres_del_paine_pont-250x167.jpg 250w\" sizes=\"auto, (max-width: 800px) 100vw, 800px\" \/><\/a><\/p>\n<p><a href=\"http:\/\/www.tetedechat.com\/blog\/photoblog\/2016\/03\/glacier_grey_parc_national_torres_del_paine_glace.jpg\" rel=\"attachment wp-att-21062\"><img loading=\"lazy\" decoding=\"async\" class=\"alignnone size-full wp-image-21062\" src=\"http:\/\/www.tetedechat.com\/blog\/photoblog\/2016\/03\/glacier_grey_parc_national_torres_del_paine_glace.jpg\" alt=\"\" width=\"800\" height=\"533\" srcset=\"https:\/\/www.tetedechat.com\/blog\/photoblog\/2016\/03\/glacier_grey_parc_national_torres_del_paine_glace.jpg 800w, https:\/\/www.tetedechat.com\/blog\/photoblog\/2016\/03\/glacier_grey_parc_national_torres_del_paine_glace-300x200.jpg 300w, https:\/\/www.tetedechat.com\/blog\/photoblog\/2016\/03\/glacier_grey_parc_national_torres_del_paine_glace-768x512.jpg 768w, https:\/\/www.tetedechat.com\/blog\/photoblog\/2016\/03\/glacier_grey_parc_national_torres_del_paine_glace-250x167.jpg 250w\" sizes=\"auto, (max-width: 800px) 100vw, 800px\" \/><\/a><\/p>\n<p><a href=\"http:\/\/www.tetedechat.com\/blog\/photoblog\/2016\/03\/glacier_grey_parc_national_torres_del_paine_couche_soleil.jpg\" rel=\"attachment wp-att-21061\"><img loading=\"lazy\" decoding=\"async\" class=\"alignnone size-full wp-image-21061\" src=\"http:\/\/www.tetedechat.com\/blog\/photoblog\/2016\/03\/glacier_grey_parc_national_torres_del_paine_couche_soleil.jpg\" alt=\"\" width=\"800\" height=\"533\" srcset=\"https:\/\/www.tetedechat.com\/blog\/photoblog\/2016\/03\/glacier_grey_parc_national_torres_del_paine_couche_soleil.jpg 800w, https:\/\/www.tetedechat.com\/blog\/photoblog\/2016\/03\/glacier_grey_parc_national_torres_del_paine_couche_soleil-300x200.jpg 300w, https:\/\/www.tetedechat.com\/blog\/photoblog\/2016\/03\/glacier_grey_parc_national_torres_del_paine_couche_soleil-768x512.jpg 768w, https:\/\/www.tetedechat.com\/blog\/photoblog\/2016\/03\/glacier_grey_parc_national_torres_del_paine_couche_soleil-250x167.jpg 250w\" sizes=\"auto, (max-width: 800px) 100vw, 800px\" \/><\/a><\/p>\n<p><a href=\"http:\/\/www.tetedechat.com\/blog\/photoblog\/2016\/03\/glacier_grey_parc_national_torres_del_paine_couche_soleil_4.jpg\" rel=\"attachment wp-att-21060\"><img loading=\"lazy\" decoding=\"async\" class=\"alignnone size-full wp-image-21060\" src=\"http:\/\/www.tetedechat.com\/blog\/photoblog\/2016\/03\/glacier_grey_parc_national_torres_del_paine_couche_soleil_4.jpg\" alt=\"\" width=\"800\" height=\"533\" srcset=\"https:\/\/www.tetedechat.com\/blog\/photoblog\/2016\/03\/glacier_grey_parc_national_torres_del_paine_couche_soleil_4.jpg 800w, https:\/\/www.tetedechat.com\/blog\/photoblog\/2016\/03\/glacier_grey_parc_national_torres_del_paine_couche_soleil_4-300x200.jpg 300w, https:\/\/www.tetedechat.com\/blog\/photoblog\/2016\/03\/glacier_grey_parc_national_torres_del_paine_couche_soleil_4-768x512.jpg 768w, https:\/\/www.tetedechat.com\/blog\/photoblog\/2016\/03\/glacier_grey_parc_national_torres_del_paine_couche_soleil_4-250x167.jpg 250w\" sizes=\"auto, (max-width: 800px) 100vw, 800px\" \/><\/a><\/p>\n<p><a href=\"http:\/\/www.tetedechat.com\/blog\/photoblog\/2016\/03\/glacier_grey_parc_national_torres_del_paine_couche_soleil_3.jpg\" rel=\"attachment wp-att-21059\"><img loading=\"lazy\" decoding=\"async\" class=\"alignnone size-full wp-image-21059\" src=\"http:\/\/www.tetedechat.com\/blog\/photoblog\/2016\/03\/glacier_grey_parc_national_torres_del_paine_couche_soleil_3.jpg\" alt=\"\" width=\"800\" height=\"533\" srcset=\"https:\/\/www.tetedechat.com\/blog\/photoblog\/2016\/03\/glacier_grey_parc_national_torres_del_paine_couche_soleil_3.jpg 800w, https:\/\/www.tetedechat.com\/blog\/photoblog\/2016\/03\/glacier_grey_parc_national_torres_del_paine_couche_soleil_3-300x200.jpg 300w, https:\/\/www.tetedechat.com\/blog\/photoblog\/2016\/03\/glacier_grey_parc_national_torres_del_paine_couche_soleil_3-768x512.jpg 768w, https:\/\/www.tetedechat.com\/blog\/photoblog\/2016\/03\/glacier_grey_parc_national_torres_del_paine_couche_soleil_3-250x167.jpg 250w\" sizes=\"auto, (max-width: 800px) 100vw, 800px\" \/><\/a><\/p>\n<p><a href=\"http:\/\/www.tetedechat.com\/blog\/photoblog\/2016\/03\/glacier_grey_parc_national_torres_del_paine_4.jpg\" rel=\"attachment wp-att-21057\"><img loading=\"lazy\" decoding=\"async\" class=\"alignnone size-full wp-image-21057\" src=\"http:\/\/www.tetedechat.com\/blog\/photoblog\/2016\/03\/glacier_grey_parc_national_torres_del_paine_4.jpg\" alt=\"\" width=\"800\" height=\"533\" srcset=\"https:\/\/www.tetedechat.com\/blog\/photoblog\/2016\/03\/glacier_grey_parc_national_torres_del_paine_4.jpg 800w, https:\/\/www.tetedechat.com\/blog\/photoblog\/2016\/03\/glacier_grey_parc_national_torres_del_paine_4-300x200.jpg 300w, https:\/\/www.tetedechat.com\/blog\/photoblog\/2016\/03\/glacier_grey_parc_national_torres_del_paine_4-768x512.jpg 768w, https:\/\/www.tetedechat.com\/blog\/photoblog\/2016\/03\/glacier_grey_parc_national_torres_del_paine_4-250x167.jpg 250w\" sizes=\"auto, (max-width: 800px) 100vw, 800px\" \/><\/a><\/p>\n<p><a href=\"http:\/\/www.tetedechat.com\/blog\/photoblog\/2016\/03\/glacier_grey_parc_national_torres_del_paine_2.jpg\" rel=\"attachment wp-att-21056\"><img loading=\"lazy\" decoding=\"async\" class=\"alignnone size-full wp-image-21056\" src=\"http:\/\/www.tetedechat.com\/blog\/photoblog\/2016\/03\/glacier_grey_parc_national_torres_del_paine_2.jpg\" alt=\"\" width=\"800\" height=\"533\" srcset=\"https:\/\/www.tetedechat.com\/blog\/photoblog\/2016\/03\/glacier_grey_parc_national_torres_del_paine_2.jpg 800w, https:\/\/www.tetedechat.com\/blog\/photoblog\/2016\/03\/glacier_grey_parc_national_torres_del_paine_2-300x200.jpg 300w, https:\/\/www.tetedechat.com\/blog\/photoblog\/2016\/03\/glacier_grey_parc_national_torres_del_paine_2-768x512.jpg 768w, https:\/\/www.tetedechat.com\/blog\/photoblog\/2016\/03\/glacier_grey_parc_national_torres_del_paine_2-250x167.jpg 250w\" sizes=\"auto, (max-width: 800px) 100vw, 800px\" \/><\/a><\/p>\n<p><a href=\"http:\/\/www.tetedechat.com\/blog\/photoblog\/2016\/03\/glacier_grey_parc_national_torres_del_paine_.jpg\" rel=\"attachment wp-att-21055\"><img loading=\"lazy\" decoding=\"async\" class=\"alignnone size-full wp-image-21055\" src=\"http:\/\/www.tetedechat.com\/blog\/photoblog\/2016\/03\/glacier_grey_parc_national_torres_del_paine_.jpg\" alt=\"\" width=\"800\" height=\"533\" srcset=\"https:\/\/www.tetedechat.com\/blog\/photoblog\/2016\/03\/glacier_grey_parc_national_torres_del_paine_.jpg 800w, https:\/\/www.tetedechat.com\/blog\/photoblog\/2016\/03\/glacier_grey_parc_national_torres_del_paine_-300x200.jpg 300w, https:\/\/www.tetedechat.com\/blog\/photoblog\/2016\/03\/glacier_grey_parc_national_torres_del_paine_-768x512.jpg 768w, https:\/\/www.tetedechat.com\/blog\/photoblog\/2016\/03\/glacier_grey_parc_national_torres_del_paine_-250x167.jpg 250w\" sizes=\"auto, (max-width: 800px) 100vw, 800px\" \/><\/a><\/p>\n<p><a href=\"http:\/\/www.tetedechat.com\/blog\/photoblog\/2016\/03\/couche_de_soleil_glacier_grey.jpg\" rel=\"attachment wp-att-21049\"><img loading=\"lazy\" decoding=\"async\" class=\"alignnone size-full wp-image-21049\" src=\"http:\/\/www.tetedechat.com\/blog\/photoblog\/2016\/03\/couche_de_soleil_glacier_grey.jpg\" alt=\"\" width=\"800\" height=\"600\" srcset=\"https:\/\/www.tetedechat.com\/blog\/photoblog\/2016\/03\/couche_de_soleil_glacier_grey.jpg 800w, https:\/\/www.tetedechat.com\/blog\/photoblog\/2016\/03\/couche_de_soleil_glacier_grey-300x225.jpg 300w, https:\/\/www.tetedechat.com\/blog\/photoblog\/2016\/03\/couche_de_soleil_glacier_grey-768x576.jpg 768w, https:\/\/www.tetedechat.com\/blog\/photoblog\/2016\/03\/couche_de_soleil_glacier_grey-250x188.jpg 250w\" sizes=\"auto, (max-width: 800px) 100vw, 800px\" \/><\/a><\/p>\n<p>La fatigue commence \u00e0 faire surface, mais je tiens toujours les 12h de marche par jour, et mes pieds remplis de terre en sont t\u00e9moins.<\/p>\n<p><a href=\"http:\/\/www.tetedechat.com\/blog\/photoblog\/2016\/03\/trekking_mes_pieds_parc_national_torres_del_paine.jpg\" rel=\"attachment wp-att-21156\"><img loading=\"lazy\" decoding=\"async\" class=\"alignnone size-full wp-image-21156\" src=\"http:\/\/www.tetedechat.com\/blog\/photoblog\/2016\/03\/trekking_mes_pieds_parc_national_torres_del_paine.jpg\" alt=\"\" width=\"800\" height=\"600\" srcset=\"https:\/\/www.tetedechat.com\/blog\/photoblog\/2016\/03\/trekking_mes_pieds_parc_national_torres_del_paine.jpg 800w, https:\/\/www.tetedechat.com\/blog\/photoblog\/2016\/03\/trekking_mes_pieds_parc_national_torres_del_paine-300x225.jpg 300w, https:\/\/www.tetedechat.com\/blog\/photoblog\/2016\/03\/trekking_mes_pieds_parc_national_torres_del_paine-768x576.jpg 768w, https:\/\/www.tetedechat.com\/blog\/photoblog\/2016\/03\/trekking_mes_pieds_parc_national_torres_del_paine-250x188.jpg 250w\" sizes=\"auto, (max-width: 800px) 100vw, 800px\" \/><\/a><\/p>\n<p><a href=\"http:\/\/www.tetedechat.com\/blog\/photoblog\/2016\/03\/mes_pieds_trekking_parc_national_torres_del_paine.jpg\" rel=\"attachment wp-att-21086\"><img loading=\"lazy\" decoding=\"async\" class=\"alignnone size-full wp-image-21086\" src=\"http:\/\/www.tetedechat.com\/blog\/photoblog\/2016\/03\/mes_pieds_trekking_parc_national_torres_del_paine.jpg\" alt=\"\" width=\"800\" height=\"600\" srcset=\"https:\/\/www.tetedechat.com\/blog\/photoblog\/2016\/03\/mes_pieds_trekking_parc_national_torres_del_paine.jpg 800w, https:\/\/www.tetedechat.com\/blog\/photoblog\/2016\/03\/mes_pieds_trekking_parc_national_torres_del_paine-300x225.jpg 300w, https:\/\/www.tetedechat.com\/blog\/photoblog\/2016\/03\/mes_pieds_trekking_parc_national_torres_del_paine-768x576.jpg 768w, https:\/\/www.tetedechat.com\/blog\/photoblog\/2016\/03\/mes_pieds_trekking_parc_national_torres_del_paine-250x188.jpg 250w\" sizes=\"auto, (max-width: 800px) 100vw, 800px\" \/><\/a><\/p>\n<p>Quatri\u00e8me journ\u00e9e, \u00e0 cette \u00e9tape les randonneurs prennent un bateau pour revenir au point de d\u00e9part, mais vu le prix du billet,\u00a0 je d\u00e9cide de rentrer par le Sud-Ouest \u00e0 pieds.<\/p>\n<p><a href=\"http:\/\/www.tetedechat.com\/blog\/photoblog\/2016\/03\/paysage_parc_national_torres_del_paine_lacs.jpg\" rel=\"attachment wp-att-21144\"><img loading=\"lazy\" decoding=\"async\" class=\"alignnone size-full wp-image-21144\" src=\"http:\/\/www.tetedechat.com\/blog\/photoblog\/2016\/03\/paysage_parc_national_torres_del_paine_lacs.jpg\" alt=\"\" width=\"800\" height=\"533\" srcset=\"https:\/\/www.tetedechat.com\/blog\/photoblog\/2016\/03\/paysage_parc_national_torres_del_paine_lacs.jpg 800w, https:\/\/www.tetedechat.com\/blog\/photoblog\/2016\/03\/paysage_parc_national_torres_del_paine_lacs-300x200.jpg 300w, https:\/\/www.tetedechat.com\/blog\/photoblog\/2016\/03\/paysage_parc_national_torres_del_paine_lacs-768x512.jpg 768w, https:\/\/www.tetedechat.com\/blog\/photoblog\/2016\/03\/paysage_parc_national_torres_del_paine_lacs-250x167.jpg 250w\" sizes=\"auto, (max-width: 800px) 100vw, 800px\" \/><\/a><\/p>\n<p><a href=\"http:\/\/www.tetedechat.com\/blog\/photoblog\/2016\/03\/paysage_parc_national_torres_del_paine_18.jpg\" rel=\"attachment wp-att-21142\"><img loading=\"lazy\" decoding=\"async\" class=\"alignnone size-full wp-image-21142\" src=\"http:\/\/www.tetedechat.com\/blog\/photoblog\/2016\/03\/paysage_parc_national_torres_del_paine_18.jpg\" alt=\"\" width=\"800\" height=\"533\" srcset=\"https:\/\/www.tetedechat.com\/blog\/photoblog\/2016\/03\/paysage_parc_national_torres_del_paine_18.jpg 800w, https:\/\/www.tetedechat.com\/blog\/photoblog\/2016\/03\/paysage_parc_national_torres_del_paine_18-300x200.jpg 300w, https:\/\/www.tetedechat.com\/blog\/photoblog\/2016\/03\/paysage_parc_national_torres_del_paine_18-768x512.jpg 768w, https:\/\/www.tetedechat.com\/blog\/photoblog\/2016\/03\/paysage_parc_national_torres_del_paine_18-250x167.jpg 250w\" sizes=\"auto, (max-width: 800px) 100vw, 800px\" \/><\/a><\/p>\n<p><a href=\"http:\/\/www.tetedechat.com\/blog\/photoblog\/2016\/03\/camping_paysage_parc_national_torres_del_paine.jpg\" rel=\"attachment wp-att-21038\"><img loading=\"lazy\" decoding=\"async\" class=\"alignnone size-full wp-image-21038\" src=\"http:\/\/www.tetedechat.com\/blog\/photoblog\/2016\/03\/camping_paysage_parc_national_torres_del_paine.jpg\" alt=\"\" width=\"800\" height=\"533\" srcset=\"https:\/\/www.tetedechat.com\/blog\/photoblog\/2016\/03\/camping_paysage_parc_national_torres_del_paine.jpg 800w, https:\/\/www.tetedechat.com\/blog\/photoblog\/2016\/03\/camping_paysage_parc_national_torres_del_paine-300x200.jpg 300w, https:\/\/www.tetedechat.com\/blog\/photoblog\/2016\/03\/camping_paysage_parc_national_torres_del_paine-768x512.jpg 768w, https:\/\/www.tetedechat.com\/blog\/photoblog\/2016\/03\/camping_paysage_parc_national_torres_del_paine-250x167.jpg 250w\" sizes=\"auto, (max-width: 800px) 100vw, 800px\" \/><\/a><\/p>\n<p>C&rsquo;est ici que l&rsquo;on prend le bateau, en passant je parle \u00e0 un groupe qui me demande :<br \/>\n&#8211; \u00ab\u00a0Tu es de quelle nationalit\u00e9 ?\u00a0\u00bb<br \/>\n&#8211; \u00ab\u00a0Fran\u00e7ais\u00a0\u00bb<br \/>\n&#8211; \u00ab\u00a0Fran\u00e7ais ! Vous \u00eates tar\u00e9s les fran\u00e7ais !\u00a0\u00bb<br \/>\n&#8211; \u00ab\u00a0Ha ha, pourquoi ? Pas plus que la moyenne\u00a0\u00bb<br \/>\n&#8211; \u00ab\u00a0Tu plaisantes ?! Il y a une rumeur qui dit qu&rsquo;il y a deux jour un frenchy est mont\u00e9 deux fois aux Torres en moins de 24h !\u00a0\u00bb<br \/>\n&#8211; \u00ab\u00a0Euh&#8230; Je crois que le tar\u00e9, c&rsquo;est moi&#8230;\u00a0\u00bb<br \/>\n&#8211; \u00ab\u00a0&#8230;&#8230;&#8230;&#8230;&#8230;&#8230;&#8230;&#8230;&#8230;..\u00a0\u00bb<br \/>\nEt bien, \u00e7a a vraiment marqu\u00e9 les esprits, et m\u00eame en plein parc national, l&rsquo;information s&rsquo;est vite rependue&#8230;<\/p>\n<p><a href=\"http:\/\/www.tetedechat.com\/blog\/photoblog\/2016\/03\/paysage_lac_parc_national_torres_del_paine.jpg\" rel=\"attachment wp-att-21122\"><img loading=\"lazy\" decoding=\"async\" class=\"alignnone size-full wp-image-21122\" src=\"http:\/\/www.tetedechat.com\/blog\/photoblog\/2016\/03\/paysage_lac_parc_national_torres_del_paine.jpg\" alt=\"\" width=\"800\" height=\"533\" srcset=\"https:\/\/www.tetedechat.com\/blog\/photoblog\/2016\/03\/paysage_lac_parc_national_torres_del_paine.jpg 800w, https:\/\/www.tetedechat.com\/blog\/photoblog\/2016\/03\/paysage_lac_parc_national_torres_del_paine-300x200.jpg 300w, https:\/\/www.tetedechat.com\/blog\/photoblog\/2016\/03\/paysage_lac_parc_national_torres_del_paine-768x512.jpg 768w, https:\/\/www.tetedechat.com\/blog\/photoblog\/2016\/03\/paysage_lac_parc_national_torres_del_paine-250x167.jpg 250w\" sizes=\"auto, (max-width: 800px) 100vw, 800px\" \/><\/a><\/p>\n<p>Je reprends la route, tout fier (et orgueilleux) d&rsquo;avoir, pendant un temps, \u00e9t\u00e9 un sujet de conversation.<\/p>\n<p><a href=\"http:\/\/www.tetedechat.com\/blog\/photoblog\/2016\/03\/paysage_lac_parc_national_torres_del_paine_12.jpg\" rel=\"attachment wp-att-21119\"><img loading=\"lazy\" decoding=\"async\" class=\"alignnone size-full wp-image-21119\" src=\"http:\/\/www.tetedechat.com\/blog\/photoblog\/2016\/03\/paysage_lac_parc_national_torres_del_paine_12.jpg\" alt=\"\" width=\"800\" height=\"533\" srcset=\"https:\/\/www.tetedechat.com\/blog\/photoblog\/2016\/03\/paysage_lac_parc_national_torres_del_paine_12.jpg 800w, https:\/\/www.tetedechat.com\/blog\/photoblog\/2016\/03\/paysage_lac_parc_national_torres_del_paine_12-300x200.jpg 300w, https:\/\/www.tetedechat.com\/blog\/photoblog\/2016\/03\/paysage_lac_parc_national_torres_del_paine_12-768x512.jpg 768w, https:\/\/www.tetedechat.com\/blog\/photoblog\/2016\/03\/paysage_lac_parc_national_torres_del_paine_12-250x167.jpg 250w\" sizes=\"auto, (max-width: 800px) 100vw, 800px\" \/><\/a><\/p>\n<p>Les d\u00e9cors sont somptueux, aucun regret sur le fait de rentrer \u00e0 pieds, une merveille, et qui plus est, comme tout le monde prend le bateau, je suis seul, je vous jure ! Seul pendant presque 4h, chose totalement impossible dans le reste du parc, un vrai bonheur.<\/p>\n<p><a href=\"http:\/\/www.tetedechat.com\/blog\/photoblog\/2016\/03\/paysage_lac_parc_national_torres_del_paine_11.jpg\" rel=\"attachment wp-att-21118\"><img loading=\"lazy\" decoding=\"async\" class=\"alignnone size-full wp-image-21118\" src=\"http:\/\/www.tetedechat.com\/blog\/photoblog\/2016\/03\/paysage_lac_parc_national_torres_del_paine_11.jpg\" alt=\"\" width=\"800\" height=\"533\" srcset=\"https:\/\/www.tetedechat.com\/blog\/photoblog\/2016\/03\/paysage_lac_parc_national_torres_del_paine_11.jpg 800w, https:\/\/www.tetedechat.com\/blog\/photoblog\/2016\/03\/paysage_lac_parc_national_torres_del_paine_11-300x200.jpg 300w, https:\/\/www.tetedechat.com\/blog\/photoblog\/2016\/03\/paysage_lac_parc_national_torres_del_paine_11-768x512.jpg 768w, https:\/\/www.tetedechat.com\/blog\/photoblog\/2016\/03\/paysage_lac_parc_national_torres_del_paine_11-250x167.jpg 250w\" sizes=\"auto, (max-width: 800px) 100vw, 800px\" \/><\/a><\/p>\n<p><a href=\"http:\/\/www.tetedechat.com\/blog\/photoblog\/2016\/03\/paysage_lac_parc_national_torres_del_paine_10.jpg\" rel=\"attachment wp-att-21117\"><img loading=\"lazy\" decoding=\"async\" class=\"alignnone size-full wp-image-21117\" src=\"http:\/\/www.tetedechat.com\/blog\/photoblog\/2016\/03\/paysage_lac_parc_national_torres_del_paine_10.jpg\" alt=\"\" width=\"800\" height=\"533\" srcset=\"https:\/\/www.tetedechat.com\/blog\/photoblog\/2016\/03\/paysage_lac_parc_national_torres_del_paine_10.jpg 800w, https:\/\/www.tetedechat.com\/blog\/photoblog\/2016\/03\/paysage_lac_parc_national_torres_del_paine_10-300x200.jpg 300w, https:\/\/www.tetedechat.com\/blog\/photoblog\/2016\/03\/paysage_lac_parc_national_torres_del_paine_10-768x512.jpg 768w, https:\/\/www.tetedechat.com\/blog\/photoblog\/2016\/03\/paysage_lac_parc_national_torres_del_paine_10-250x167.jpg 250w\" sizes=\"auto, (max-width: 800px) 100vw, 800px\" \/><\/a><\/p>\n<p><a href=\"http:\/\/www.tetedechat.com\/blog\/photoblog\/2016\/03\/paysage_lac_parc_national_torres_del_paine_9.jpg\" rel=\"attachment wp-att-21116\"><img loading=\"lazy\" decoding=\"async\" class=\"alignnone size-full wp-image-21116\" src=\"http:\/\/www.tetedechat.com\/blog\/photoblog\/2016\/03\/paysage_lac_parc_national_torres_del_paine_9.jpg\" alt=\"\" width=\"800\" height=\"533\" srcset=\"https:\/\/www.tetedechat.com\/blog\/photoblog\/2016\/03\/paysage_lac_parc_national_torres_del_paine_9.jpg 800w, https:\/\/www.tetedechat.com\/blog\/photoblog\/2016\/03\/paysage_lac_parc_national_torres_del_paine_9-300x200.jpg 300w, https:\/\/www.tetedechat.com\/blog\/photoblog\/2016\/03\/paysage_lac_parc_national_torres_del_paine_9-768x512.jpg 768w, https:\/\/www.tetedechat.com\/blog\/photoblog\/2016\/03\/paysage_lac_parc_national_torres_del_paine_9-250x167.jpg 250w\" sizes=\"auto, (max-width: 800px) 100vw, 800px\" \/><\/a><\/p>\n<p><a href=\"http:\/\/www.tetedechat.com\/blog\/photoblog\/2016\/03\/paysage_lac_parc_national_torres_del_paine_6.jpg\" rel=\"attachment wp-att-21113\"><img loading=\"lazy\" decoding=\"async\" class=\"alignnone size-full wp-image-21113\" src=\"http:\/\/www.tetedechat.com\/blog\/photoblog\/2016\/03\/paysage_lac_parc_national_torres_del_paine_6.jpg\" alt=\"\" width=\"800\" height=\"533\" srcset=\"https:\/\/www.tetedechat.com\/blog\/photoblog\/2016\/03\/paysage_lac_parc_national_torres_del_paine_6.jpg 800w, https:\/\/www.tetedechat.com\/blog\/photoblog\/2016\/03\/paysage_lac_parc_national_torres_del_paine_6-300x200.jpg 300w, https:\/\/www.tetedechat.com\/blog\/photoblog\/2016\/03\/paysage_lac_parc_national_torres_del_paine_6-768x512.jpg 768w, https:\/\/www.tetedechat.com\/blog\/photoblog\/2016\/03\/paysage_lac_parc_national_torres_del_paine_6-250x167.jpg 250w\" sizes=\"auto, (max-width: 800px) 100vw, 800px\" \/><\/a><\/p>\n<p><a href=\"http:\/\/www.tetedechat.com\/blog\/photoblog\/2016\/03\/paysage_lac_parc_national_torres_del_paine_4.jpg\" rel=\"attachment wp-att-21111\"><img loading=\"lazy\" decoding=\"async\" class=\"alignnone size-full wp-image-21111\" src=\"http:\/\/www.tetedechat.com\/blog\/photoblog\/2016\/03\/paysage_lac_parc_national_torres_del_paine_4.jpg\" alt=\"\" width=\"800\" height=\"533\" srcset=\"https:\/\/www.tetedechat.com\/blog\/photoblog\/2016\/03\/paysage_lac_parc_national_torres_del_paine_4.jpg 800w, https:\/\/www.tetedechat.com\/blog\/photoblog\/2016\/03\/paysage_lac_parc_national_torres_del_paine_4-300x200.jpg 300w, https:\/\/www.tetedechat.com\/blog\/photoblog\/2016\/03\/paysage_lac_parc_national_torres_del_paine_4-768x512.jpg 768w, https:\/\/www.tetedechat.com\/blog\/photoblog\/2016\/03\/paysage_lac_parc_national_torres_del_paine_4-250x167.jpg 250w\" sizes=\"auto, (max-width: 800px) 100vw, 800px\" \/><\/a><\/p>\n<p><a href=\"http:\/\/www.tetedechat.com\/blog\/photoblog\/2016\/03\/paysage_lac_parc_national_torres_del_paine_3.jpg\" rel=\"attachment wp-att-21110\"><img loading=\"lazy\" decoding=\"async\" class=\"alignnone size-full wp-image-21110\" src=\"http:\/\/www.tetedechat.com\/blog\/photoblog\/2016\/03\/paysage_lac_parc_national_torres_del_paine_3.jpg\" alt=\"\" width=\"800\" height=\"533\" srcset=\"https:\/\/www.tetedechat.com\/blog\/photoblog\/2016\/03\/paysage_lac_parc_national_torres_del_paine_3.jpg 800w, https:\/\/www.tetedechat.com\/blog\/photoblog\/2016\/03\/paysage_lac_parc_national_torres_del_paine_3-300x200.jpg 300w, https:\/\/www.tetedechat.com\/blog\/photoblog\/2016\/03\/paysage_lac_parc_national_torres_del_paine_3-768x512.jpg 768w, https:\/\/www.tetedechat.com\/blog\/photoblog\/2016\/03\/paysage_lac_parc_national_torres_del_paine_3-250x167.jpg 250w\" sizes=\"auto, (max-width: 800px) 100vw, 800px\" \/><\/a><\/p>\n<p><a href=\"http:\/\/www.tetedechat.com\/blog\/photoblog\/2016\/03\/paysage_lac_parc_national_torres_del_paine_2.jpg\" rel=\"attachment wp-att-21109\"><img loading=\"lazy\" decoding=\"async\" class=\"alignnone size-full wp-image-21109\" src=\"http:\/\/www.tetedechat.com\/blog\/photoblog\/2016\/03\/paysage_lac_parc_national_torres_del_paine_2.jpg\" alt=\"\" width=\"800\" height=\"533\" srcset=\"https:\/\/www.tetedechat.com\/blog\/photoblog\/2016\/03\/paysage_lac_parc_national_torres_del_paine_2.jpg 800w, https:\/\/www.tetedechat.com\/blog\/photoblog\/2016\/03\/paysage_lac_parc_national_torres_del_paine_2-300x200.jpg 300w, https:\/\/www.tetedechat.com\/blog\/photoblog\/2016\/03\/paysage_lac_parc_national_torres_del_paine_2-768x512.jpg 768w, https:\/\/www.tetedechat.com\/blog\/photoblog\/2016\/03\/paysage_lac_parc_national_torres_del_paine_2-250x167.jpg 250w\" sizes=\"auto, (max-width: 800px) 100vw, 800px\" \/><\/a><\/p>\n<p><a href=\"http:\/\/www.tetedechat.com\/blog\/photoblog\/2016\/03\/chemin_retour_parc_national_torres_del_paine.jpg\" rel=\"attachment wp-att-21047\"><img loading=\"lazy\" decoding=\"async\" class=\"alignnone size-full wp-image-21047\" src=\"http:\/\/www.tetedechat.com\/blog\/photoblog\/2016\/03\/chemin_retour_parc_national_torres_del_paine.jpg\" alt=\"\" width=\"800\" height=\"533\" srcset=\"https:\/\/www.tetedechat.com\/blog\/photoblog\/2016\/03\/chemin_retour_parc_national_torres_del_paine.jpg 800w, https:\/\/www.tetedechat.com\/blog\/photoblog\/2016\/03\/chemin_retour_parc_national_torres_del_paine-300x200.jpg 300w, https:\/\/www.tetedechat.com\/blog\/photoblog\/2016\/03\/chemin_retour_parc_national_torres_del_paine-768x512.jpg 768w, https:\/\/www.tetedechat.com\/blog\/photoblog\/2016\/03\/chemin_retour_parc_national_torres_del_paine-250x167.jpg 250w\" sizes=\"auto, (max-width: 800px) 100vw, 800px\" \/><\/a><\/p>\n<figure id=\"attachment_21094\" aria-describedby=\"caption-attachment-21094\" style=\"width: 800px\" class=\"wp-caption alignnone\"><a href=\"http:\/\/www.tetedechat.com\/blog\/photoblog\/2016\/03\/mon_ombre_torres_del_paine.jpg\" rel=\"attachment wp-att-21094\"><img loading=\"lazy\" decoding=\"async\" class=\"wp-image-21094 size-full\" src=\"http:\/\/www.tetedechat.com\/blog\/photoblog\/2016\/03\/mon_ombre_torres_del_paine.jpg\" width=\"800\" height=\"600\" srcset=\"https:\/\/www.tetedechat.com\/blog\/photoblog\/2016\/03\/mon_ombre_torres_del_paine.jpg 800w, https:\/\/www.tetedechat.com\/blog\/photoblog\/2016\/03\/mon_ombre_torres_del_paine-300x225.jpg 300w, https:\/\/www.tetedechat.com\/blog\/photoblog\/2016\/03\/mon_ombre_torres_del_paine-768x576.jpg 768w, https:\/\/www.tetedechat.com\/blog\/photoblog\/2016\/03\/mon_ombre_torres_del_paine-250x188.jpg 250w\" sizes=\"auto, (max-width: 800px) 100vw, 800px\" \/><\/a><figcaption id=\"caption-attachment-21094\" class=\"wp-caption-text\">Seul sur la route<\/figcaption><\/figure>\n<p><a href=\"http:\/\/www.tetedechat.com\/blog\/photoblog\/2016\/03\/la-carretas_panneau_lac_parc_national_torres_del_paine.jpg\" rel=\"attachment wp-att-21064\"><img loading=\"lazy\" decoding=\"async\" class=\"alignnone size-full wp-image-21064\" src=\"http:\/\/www.tetedechat.com\/blog\/photoblog\/2016\/03\/la-carretas_panneau_lac_parc_national_torres_del_paine.jpg\" alt=\"\" width=\"800\" height=\"533\" srcset=\"https:\/\/www.tetedechat.com\/blog\/photoblog\/2016\/03\/la-carretas_panneau_lac_parc_national_torres_del_paine.jpg 800w, https:\/\/www.tetedechat.com\/blog\/photoblog\/2016\/03\/la-carretas_panneau_lac_parc_national_torres_del_paine-300x200.jpg 300w, https:\/\/www.tetedechat.com\/blog\/photoblog\/2016\/03\/la-carretas_panneau_lac_parc_national_torres_del_paine-768x512.jpg 768w, https:\/\/www.tetedechat.com\/blog\/photoblog\/2016\/03\/la-carretas_panneau_lac_parc_national_torres_del_paine-250x167.jpg 250w\" sizes=\"auto, (max-width: 800px) 100vw, 800px\" \/><\/a><\/p>\n<p><a href=\"http:\/\/www.tetedechat.com\/blog\/photoblog\/2016\/03\/vent_lac_parc_national_torres_del_paine.jpg\" rel=\"attachment wp-att-21157\"><img loading=\"lazy\" decoding=\"async\" class=\"alignnone size-full wp-image-21157\" src=\"http:\/\/www.tetedechat.com\/blog\/photoblog\/2016\/03\/vent_lac_parc_national_torres_del_paine.jpg\" alt=\"\" width=\"800\" height=\"533\" srcset=\"https:\/\/www.tetedechat.com\/blog\/photoblog\/2016\/03\/vent_lac_parc_national_torres_del_paine.jpg 800w, https:\/\/www.tetedechat.com\/blog\/photoblog\/2016\/03\/vent_lac_parc_national_torres_del_paine-300x200.jpg 300w, https:\/\/www.tetedechat.com\/blog\/photoblog\/2016\/03\/vent_lac_parc_national_torres_del_paine-768x512.jpg 768w, https:\/\/www.tetedechat.com\/blog\/photoblog\/2016\/03\/vent_lac_parc_national_torres_del_paine-250x167.jpg 250w\" sizes=\"auto, (max-width: 800px) 100vw, 800px\" \/><\/a><\/p>\n<p>Voil\u00e0, c&rsquo;est ici que le bus vient me chercher, ici que se fini cet inoubliable trek.<\/p>\n<p><a href=\"http:\/\/www.tetedechat.com\/blog\/photoblog\/2016\/03\/final_maison_lac_parc_national_torres_del_paine.jpg\" rel=\"attachment wp-att-21051\"><img loading=\"lazy\" decoding=\"async\" class=\"alignnone size-full wp-image-21051\" src=\"http:\/\/www.tetedechat.com\/blog\/photoblog\/2016\/03\/final_maison_lac_parc_national_torres_del_paine.jpg\" alt=\"\" width=\"800\" height=\"533\" srcset=\"https:\/\/www.tetedechat.com\/blog\/photoblog\/2016\/03\/final_maison_lac_parc_national_torres_del_paine.jpg 800w, https:\/\/www.tetedechat.com\/blog\/photoblog\/2016\/03\/final_maison_lac_parc_national_torres_del_paine-300x200.jpg 300w, https:\/\/www.tetedechat.com\/blog\/photoblog\/2016\/03\/final_maison_lac_parc_national_torres_del_paine-768x512.jpg 768w, https:\/\/www.tetedechat.com\/blog\/photoblog\/2016\/03\/final_maison_lac_parc_national_torres_del_paine-250x167.jpg 250w\" sizes=\"auto, (max-width: 800px) 100vw, 800px\" \/><\/a><\/p>\n<p><a href=\"http:\/\/www.tetedechat.com\/blog\/photoblog\/2016\/03\/final_paysage_lac_parc_national_torres_del_paine.jpg\" rel=\"attachment wp-att-21052\"><img loading=\"lazy\" decoding=\"async\" class=\"alignnone size-full wp-image-21052\" src=\"http:\/\/www.tetedechat.com\/blog\/photoblog\/2016\/03\/final_paysage_lac_parc_national_torres_del_paine.jpg\" alt=\"\" width=\"800\" height=\"533\" srcset=\"https:\/\/www.tetedechat.com\/blog\/photoblog\/2016\/03\/final_paysage_lac_parc_national_torres_del_paine.jpg 800w, https:\/\/www.tetedechat.com\/blog\/photoblog\/2016\/03\/final_paysage_lac_parc_national_torres_del_paine-300x200.jpg 300w, https:\/\/www.tetedechat.com\/blog\/photoblog\/2016\/03\/final_paysage_lac_parc_national_torres_del_paine-768x512.jpg 768w, https:\/\/www.tetedechat.com\/blog\/photoblog\/2016\/03\/final_paysage_lac_parc_national_torres_del_paine-250x167.jpg 250w\" sizes=\"auto, (max-width: 800px) 100vw, 800px\" \/><\/a><\/p>\n<p><a href=\"http:\/\/www.tetedechat.com\/blog\/photoblog\/2016\/03\/paysage_montagnes_lac_parc_national_torres_del_paine.jpg\" rel=\"attachment wp-att-21125\"><img loading=\"lazy\" decoding=\"async\" class=\"alignnone size-full wp-image-21125\" src=\"http:\/\/www.tetedechat.com\/blog\/photoblog\/2016\/03\/paysage_montagnes_lac_parc_national_torres_del_paine.jpg\" alt=\"\" width=\"800\" height=\"533\" srcset=\"https:\/\/www.tetedechat.com\/blog\/photoblog\/2016\/03\/paysage_montagnes_lac_parc_national_torres_del_paine.jpg 800w, https:\/\/www.tetedechat.com\/blog\/photoblog\/2016\/03\/paysage_montagnes_lac_parc_national_torres_del_paine-300x200.jpg 300w, https:\/\/www.tetedechat.com\/blog\/photoblog\/2016\/03\/paysage_montagnes_lac_parc_national_torres_del_paine-768x512.jpg 768w, https:\/\/www.tetedechat.com\/blog\/photoblog\/2016\/03\/paysage_montagnes_lac_parc_national_torres_del_paine-250x167.jpg 250w\" sizes=\"auto, (max-width: 800px) 100vw, 800px\" \/><\/a><\/p>\n<p>Sur le chemin du retour, les paysages sont toujours aussi stup\u00e9fiants.<\/p>\n<p><a href=\"http:\/\/www.tetedechat.com\/blog\/photoblog\/2016\/03\/paysage_montagnes_lac_parc_national_torres_del_paine_2.jpg\" rel=\"attachment wp-att-21124\"><img loading=\"lazy\" decoding=\"async\" class=\"alignnone size-full wp-image-21124\" src=\"http:\/\/www.tetedechat.com\/blog\/photoblog\/2016\/03\/paysage_montagnes_lac_parc_national_torres_del_paine_2.jpg\" alt=\"\" width=\"800\" height=\"533\" srcset=\"https:\/\/www.tetedechat.com\/blog\/photoblog\/2016\/03\/paysage_montagnes_lac_parc_national_torres_del_paine_2.jpg 800w, https:\/\/www.tetedechat.com\/blog\/photoblog\/2016\/03\/paysage_montagnes_lac_parc_national_torres_del_paine_2-300x200.jpg 300w, https:\/\/www.tetedechat.com\/blog\/photoblog\/2016\/03\/paysage_montagnes_lac_parc_national_torres_del_paine_2-768x512.jpg 768w, https:\/\/www.tetedechat.com\/blog\/photoblog\/2016\/03\/paysage_montagnes_lac_parc_national_torres_del_paine_2-250x167.jpg 250w\" sizes=\"auto, (max-width: 800px) 100vw, 800px\" \/><\/a><\/p>\n<p>De retour \u00e0 Puerto Natales, je suis seul dans le dortoir, quelle joie !<br \/>\nMalheureusement vers 22h00 la porte s&rsquo;ouvre, une am\u00e9ricaine d&rsquo;origine Russe me balance :<br \/>\n&#8211; \u00ab\u00a0Hello ! Je viens d&rsquo;arriver du parc national, quelle beaut\u00e9 !\u00a0\u00bb<br \/>\n&#8211; \u00ab\u00a0Oui, moi aussi\u00a0\u00bb<br \/>\n&#8211; \u00ab\u00a0Tu en reviens, juste l\u00e0 ?\u00a0\u00bb<br \/>\n&#8211; \u00ab\u00a0Oui, il y a quelques heures\u00a0\u00bb<br \/>\n&#8211; \u00ab\u00a0C&rsquo;est beau, hein ?\u00a0\u00bb<br \/>\n&#8211; \u00ab\u00a0Superbe\u00a0\u00bb<br \/>\n&#8211; \u00ab\u00a0Dommage que parfois les tours soient cach\u00e9es par les nuages\u00a0\u00bb<br \/>\n&#8211; \u00ab\u00a0C&rsquo;est vrai, il faut avoir de la chance\u00a0\u00bb<br \/>\n&#8211; \u00ab\u00a0Ou \u00eatre tar\u00e9 !\u00a0\u00bb<br \/>\n&#8211; \u00ab\u00a0Tar\u00e9 ? Je ne comprends pas\u00a0\u00bb<br \/>\n&#8211; \u00ab\u00a0On m&rsquo;a dit qu&rsquo;il y a un fran\u00e7ais qui a mont\u00e9 deux fois les Torres en moins de 24h, et tout \u00e7a pour les voir \u00e0 nouveau, mais sous un ciel bleu\u00a0\u00bb<br \/>\n&#8211; \u00ab\u00a0&#8230;&#8230;&#8230;&#8230;&#8230;&#8230;&#8230;&#8230;&#8230;&#8230;&#8230;&#8230;&#8230;je pense que ce tar\u00e9 est devant toi\u00a0\u00bb<\/p>\n<p>Pour finir, il est vrai qu&rsquo;entre le bus (et le bateau, pour ceux qui le prennent), les droits d&rsquo;entr\u00e9e, et les campings, \u00e7a revient cher, surtout qu&rsquo;en \u00e9t\u00e9 (d\u00e9cembre, janvier, f\u00e9vrier) on se marche presque dessus, mais m\u00eame avec tout \u00e7a, cela reste une \u00e9tape immanquable en Patagonie, alors si vous passez dans le coin, n&rsquo;h\u00e9sitez pas !<br \/>\nMaintenant vous allez me dire : \u00ab\u00a0Et les photos des Torres sous ciel bleu alors ?! Elles sont o\u00f9 ?\u00a0\u00bb, les voici, mes chers lecteurs, les voici :<\/p>\n<p><a href=\"http:\/\/www.tetedechat.com\/blog\/photoblog\/2016\/03\/las_torres_parc_national_torres_del_paine.jpg\" rel=\"attachment wp-att-21078\"><img loading=\"lazy\" decoding=\"async\" class=\"alignnone size-full wp-image-21078\" src=\"http:\/\/www.tetedechat.com\/blog\/photoblog\/2016\/03\/las_torres_parc_national_torres_del_paine.jpg\" alt=\"\" width=\"800\" height=\"533\" srcset=\"https:\/\/www.tetedechat.com\/blog\/photoblog\/2016\/03\/las_torres_parc_national_torres_del_paine.jpg 800w, https:\/\/www.tetedechat.com\/blog\/photoblog\/2016\/03\/las_torres_parc_national_torres_del_paine-300x200.jpg 300w, https:\/\/www.tetedechat.com\/blog\/photoblog\/2016\/03\/las_torres_parc_national_torres_del_paine-768x512.jpg 768w, https:\/\/www.tetedechat.com\/blog\/photoblog\/2016\/03\/las_torres_parc_national_torres_del_paine-250x167.jpg 250w\" sizes=\"auto, (max-width: 800px) 100vw, 800px\" \/><\/a><\/p>\n<p><a href=\"http:\/\/www.tetedechat.com\/blog\/photoblog\/2016\/03\/las_torres_parc_national_torres_del_paine_mont.jpg\" rel=\"attachment wp-att-21077\"><img loading=\"lazy\" decoding=\"async\" class=\"alignnone size-full wp-image-21077\" src=\"http:\/\/www.tetedechat.com\/blog\/photoblog\/2016\/03\/las_torres_parc_national_torres_del_paine_mont.jpg\" alt=\"\" width=\"800\" height=\"533\" srcset=\"https:\/\/www.tetedechat.com\/blog\/photoblog\/2016\/03\/las_torres_parc_national_torres_del_paine_mont.jpg 800w, https:\/\/www.tetedechat.com\/blog\/photoblog\/2016\/03\/las_torres_parc_national_torres_del_paine_mont-300x200.jpg 300w, https:\/\/www.tetedechat.com\/blog\/photoblog\/2016\/03\/las_torres_parc_national_torres_del_paine_mont-768x512.jpg 768w, https:\/\/www.tetedechat.com\/blog\/photoblog\/2016\/03\/las_torres_parc_national_torres_del_paine_mont-250x167.jpg 250w\" sizes=\"auto, (max-width: 800px) 100vw, 800px\" \/><\/a><\/p>\n<p><a href=\"http:\/\/www.tetedechat.com\/blog\/photoblog\/2016\/03\/las_torres_parc_national_torres_del_paine_lagune.jpg\" rel=\"attachment wp-att-21076\"><img loading=\"lazy\" decoding=\"async\" class=\"alignnone size-full wp-image-21076\" src=\"http:\/\/www.tetedechat.com\/blog\/photoblog\/2016\/03\/las_torres_parc_national_torres_del_paine_lagune.jpg\" alt=\"\" width=\"800\" height=\"533\" srcset=\"https:\/\/www.tetedechat.com\/blog\/photoblog\/2016\/03\/las_torres_parc_national_torres_del_paine_lagune.jpg 800w, https:\/\/www.tetedechat.com\/blog\/photoblog\/2016\/03\/las_torres_parc_national_torres_del_paine_lagune-300x200.jpg 300w, https:\/\/www.tetedechat.com\/blog\/photoblog\/2016\/03\/las_torres_parc_national_torres_del_paine_lagune-768x512.jpg 768w, https:\/\/www.tetedechat.com\/blog\/photoblog\/2016\/03\/las_torres_parc_national_torres_del_paine_lagune-250x167.jpg 250w\" sizes=\"auto, (max-width: 800px) 100vw, 800px\" \/><\/a><\/p>\n<p><a href=\"http:\/\/www.tetedechat.com\/blog\/photoblog\/2016\/03\/las_torres_parc_national_torres_del_paine_lagune_pieds.jpg\" rel=\"attachment wp-att-21075\"><img loading=\"lazy\" decoding=\"async\" class=\"alignnone size-full wp-image-21075\" src=\"http:\/\/www.tetedechat.com\/blog\/photoblog\/2016\/03\/las_torres_parc_national_torres_del_paine_lagune_pieds.jpg\" alt=\"\" width=\"800\" height=\"533\" srcset=\"https:\/\/www.tetedechat.com\/blog\/photoblog\/2016\/03\/las_torres_parc_national_torres_del_paine_lagune_pieds.jpg 800w, https:\/\/www.tetedechat.com\/blog\/photoblog\/2016\/03\/las_torres_parc_national_torres_del_paine_lagune_pieds-300x200.jpg 300w, https:\/\/www.tetedechat.com\/blog\/photoblog\/2016\/03\/las_torres_parc_national_torres_del_paine_lagune_pieds-768x512.jpg 768w, https:\/\/www.tetedechat.com\/blog\/photoblog\/2016\/03\/las_torres_parc_national_torres_del_paine_lagune_pieds-250x167.jpg 250w\" sizes=\"auto, (max-width: 800px) 100vw, 800px\" \/><\/a><\/p>\n<p><a href=\"http:\/\/www.tetedechat.com\/blog\/photoblog\/2016\/03\/las_torres_parc_national_torres_del_paine_8.jpg\" rel=\"attachment wp-att-21074\"><img loading=\"lazy\" decoding=\"async\" class=\"alignnone size-full wp-image-21074\" src=\"http:\/\/www.tetedechat.com\/blog\/photoblog\/2016\/03\/las_torres_parc_national_torres_del_paine_8.jpg\" alt=\"\" width=\"800\" height=\"533\" srcset=\"https:\/\/www.tetedechat.com\/blog\/photoblog\/2016\/03\/las_torres_parc_national_torres_del_paine_8.jpg 800w, https:\/\/www.tetedechat.com\/blog\/photoblog\/2016\/03\/las_torres_parc_national_torres_del_paine_8-300x200.jpg 300w, https:\/\/www.tetedechat.com\/blog\/photoblog\/2016\/03\/las_torres_parc_national_torres_del_paine_8-768x512.jpg 768w, https:\/\/www.tetedechat.com\/blog\/photoblog\/2016\/03\/las_torres_parc_national_torres_del_paine_8-250x167.jpg 250w\" sizes=\"auto, (max-width: 800px) 100vw, 800px\" \/><\/a><\/p>\n<p><a href=\"http:\/\/www.tetedechat.com\/blog\/photoblog\/2016\/03\/las_torres_parc_national_torres_del_paine_7.jpg\" rel=\"attachment wp-att-21073\"><img loading=\"lazy\" decoding=\"async\" class=\"alignnone size-full wp-image-21073\" src=\"http:\/\/www.tetedechat.com\/blog\/photoblog\/2016\/03\/las_torres_parc_national_torres_del_paine_7.jpg\" alt=\"\" width=\"800\" height=\"533\" srcset=\"https:\/\/www.tetedechat.com\/blog\/photoblog\/2016\/03\/las_torres_parc_national_torres_del_paine_7.jpg 800w, https:\/\/www.tetedechat.com\/blog\/photoblog\/2016\/03\/las_torres_parc_national_torres_del_paine_7-300x200.jpg 300w, https:\/\/www.tetedechat.com\/blog\/photoblog\/2016\/03\/las_torres_parc_national_torres_del_paine_7-768x512.jpg 768w, https:\/\/www.tetedechat.com\/blog\/photoblog\/2016\/03\/las_torres_parc_national_torres_del_paine_7-250x167.jpg 250w\" sizes=\"auto, (max-width: 800px) 100vw, 800px\" \/><\/a><\/p>\n<p><a href=\"http:\/\/www.tetedechat.com\/blog\/photoblog\/2016\/03\/las_torres_parc_national_torres_del_paine_6.jpg\" rel=\"attachment wp-att-21072\"><img loading=\"lazy\" decoding=\"async\" class=\"alignnone size-full wp-image-21072\" src=\"http:\/\/www.tetedechat.com\/blog\/photoblog\/2016\/03\/las_torres_parc_national_torres_del_paine_6.jpg\" alt=\"\" width=\"800\" height=\"533\" srcset=\"https:\/\/www.tetedechat.com\/blog\/photoblog\/2016\/03\/las_torres_parc_national_torres_del_paine_6.jpg 800w, https:\/\/www.tetedechat.com\/blog\/photoblog\/2016\/03\/las_torres_parc_national_torres_del_paine_6-300x200.jpg 300w, https:\/\/www.tetedechat.com\/blog\/photoblog\/2016\/03\/las_torres_parc_national_torres_del_paine_6-768x512.jpg 768w, https:\/\/www.tetedechat.com\/blog\/photoblog\/2016\/03\/las_torres_parc_national_torres_del_paine_6-250x167.jpg 250w\" sizes=\"auto, (max-width: 800px) 100vw, 800px\" \/><\/a><\/p>\n<p><a href=\"http:\/\/www.tetedechat.com\/blog\/photoblog\/2016\/03\/las_torres_parc_national_torres_del_paine_5.jpg\" rel=\"attachment wp-att-21071\"><img loading=\"lazy\" decoding=\"async\" class=\"alignnone size-full wp-image-21071\" src=\"http:\/\/www.tetedechat.com\/blog\/photoblog\/2016\/03\/las_torres_parc_national_torres_del_paine_5.jpg\" alt=\"\" width=\"800\" height=\"533\" srcset=\"https:\/\/www.tetedechat.com\/blog\/photoblog\/2016\/03\/las_torres_parc_national_torres_del_paine_5.jpg 800w, https:\/\/www.tetedechat.com\/blog\/photoblog\/2016\/03\/las_torres_parc_national_torres_del_paine_5-300x200.jpg 300w, https:\/\/www.tetedechat.com\/blog\/photoblog\/2016\/03\/las_torres_parc_national_torres_del_paine_5-768x512.jpg 768w, https:\/\/www.tetedechat.com\/blog\/photoblog\/2016\/03\/las_torres_parc_national_torres_del_paine_5-250x167.jpg 250w\" sizes=\"auto, (max-width: 800px) 100vw, 800px\" \/><\/a><\/p>\n<p><a href=\"http:\/\/www.tetedechat.com\/blog\/photoblog\/2016\/03\/las_torres_parc_national_torres_del_paine_4.jpg\" rel=\"attachment wp-att-21070\"><img loading=\"lazy\" decoding=\"async\" class=\"alignnone size-full wp-image-21070\" src=\"http:\/\/www.tetedechat.com\/blog\/photoblog\/2016\/03\/las_torres_parc_national_torres_del_paine_4.jpg\" alt=\"\" width=\"800\" height=\"533\" srcset=\"https:\/\/www.tetedechat.com\/blog\/photoblog\/2016\/03\/las_torres_parc_national_torres_del_paine_4.jpg 800w, https:\/\/www.tetedechat.com\/blog\/photoblog\/2016\/03\/las_torres_parc_national_torres_del_paine_4-300x200.jpg 300w, https:\/\/www.tetedechat.com\/blog\/photoblog\/2016\/03\/las_torres_parc_national_torres_del_paine_4-768x512.jpg 768w, https:\/\/www.tetedechat.com\/blog\/photoblog\/2016\/03\/las_torres_parc_national_torres_del_paine_4-250x167.jpg 250w\" sizes=\"auto, (max-width: 800px) 100vw, 800px\" \/><\/a><\/p>\n<p><a href=\"http:\/\/www.tetedechat.com\/blog\/photoblog\/2016\/03\/moi_2_torres_del_paine.jpg\" rel=\"attachment wp-att-21087\"><img loading=\"lazy\" decoding=\"async\" class=\"alignnone size-full wp-image-21087\" src=\"http:\/\/www.tetedechat.com\/blog\/photoblog\/2016\/03\/moi_2_torres_del_paine.jpg\" alt=\"\" width=\"800\" height=\"600\" srcset=\"https:\/\/www.tetedechat.com\/blog\/photoblog\/2016\/03\/moi_2_torres_del_paine.jpg 800w, https:\/\/www.tetedechat.com\/blog\/photoblog\/2016\/03\/moi_2_torres_del_paine-300x225.jpg 300w, https:\/\/www.tetedechat.com\/blog\/photoblog\/2016\/03\/moi_2_torres_del_paine-768x576.jpg 768w, https:\/\/www.tetedechat.com\/blog\/photoblog\/2016\/03\/moi_2_torres_del_paine-250x188.jpg 250w\" sizes=\"auto, (max-width: 800px) 100vw, 800px\" \/><\/a><\/p>\n<p><a href=\"http:\/\/www.tetedechat.com\/blog\/photoblog\/2016\/03\/las_torres_parc_national_torres_del_paine_3.jpg\" rel=\"attachment wp-att-21069\"><img loading=\"lazy\" decoding=\"async\" class=\"alignnone size-full wp-image-21069\" src=\"http:\/\/www.tetedechat.com\/blog\/photoblog\/2016\/03\/las_torres_parc_national_torres_del_paine_3.jpg\" alt=\"\" width=\"800\" height=\"533\" srcset=\"https:\/\/www.tetedechat.com\/blog\/photoblog\/2016\/03\/las_torres_parc_national_torres_del_paine_3.jpg 800w, https:\/\/www.tetedechat.com\/blog\/photoblog\/2016\/03\/las_torres_parc_national_torres_del_paine_3-300x200.jpg 300w, https:\/\/www.tetedechat.com\/blog\/photoblog\/2016\/03\/las_torres_parc_national_torres_del_paine_3-768x512.jpg 768w, https:\/\/www.tetedechat.com\/blog\/photoblog\/2016\/03\/las_torres_parc_national_torres_del_paine_3-250x167.jpg 250w\" sizes=\"auto, (max-width: 800px) 100vw, 800px\" \/><\/a><\/p>\n<p><a href=\"http:\/\/www.tetedechat.com\/blog\/photoblog\/2016\/03\/las_torres_parc_national_torres_del_paine_2.jpg\" rel=\"attachment wp-att-21068\"><img loading=\"lazy\" decoding=\"async\" class=\"alignnone size-full wp-image-21068\" src=\"http:\/\/www.tetedechat.com\/blog\/photoblog\/2016\/03\/las_torres_parc_national_torres_del_paine_2.jpg\" alt=\"\" width=\"800\" height=\"533\" srcset=\"https:\/\/www.tetedechat.com\/blog\/photoblog\/2016\/03\/las_torres_parc_national_torres_del_paine_2.jpg 800w, https:\/\/www.tetedechat.com\/blog\/photoblog\/2016\/03\/las_torres_parc_national_torres_del_paine_2-300x200.jpg 300w, https:\/\/www.tetedechat.com\/blog\/photoblog\/2016\/03\/las_torres_parc_national_torres_del_paine_2-768x512.jpg 768w, https:\/\/www.tetedechat.com\/blog\/photoblog\/2016\/03\/las_torres_parc_national_torres_del_paine_2-250x167.jpg 250w\" sizes=\"auto, (max-width: 800px) 100vw, 800px\" \/><\/a><\/p>\n<p><a href=\"http:\/\/www.tetedechat.com\/blog\/photoblog\/2016\/03\/las_torres_lagune_parc_national_torres_del_paine.jpg\" rel=\"attachment wp-att-21067\"><img loading=\"lazy\" decoding=\"async\" class=\"alignnone size-full wp-image-21067\" src=\"http:\/\/www.tetedechat.com\/blog\/photoblog\/2016\/03\/las_torres_lagune_parc_national_torres_del_paine.jpg\" alt=\"\" width=\"800\" height=\"533\" srcset=\"https:\/\/www.tetedechat.com\/blog\/photoblog\/2016\/03\/las_torres_lagune_parc_national_torres_del_paine.jpg 800w, https:\/\/www.tetedechat.com\/blog\/photoblog\/2016\/03\/las_torres_lagune_parc_national_torres_del_paine-300x200.jpg 300w, https:\/\/www.tetedechat.com\/blog\/photoblog\/2016\/03\/las_torres_lagune_parc_national_torres_del_paine-768x512.jpg 768w, https:\/\/www.tetedechat.com\/blog\/photoblog\/2016\/03\/las_torres_lagune_parc_national_torres_del_paine-250x167.jpg 250w\" sizes=\"auto, (max-width: 800px) 100vw, 800px\" \/><\/a><\/p>\n","protected":false},"excerpt":{"rendered":"<p>De Punta Arenas je rejoints Puerto Natales, porte d&rsquo;entr\u00e9e du parc National Torres Del Paine.<\/p>\n","protected":false},"author":1,"featured_media":0,"comment_status":"open","ping_status":"open","sticky":false,"template":"","format":"standard","meta":{"_monsterinsights_skip_tracking":false,"_monsterinsights_sitenote_active":false,"_monsterinsights_sitenote_note":"","_monsterinsights_sitenote_category":0,"footnotes":""},"categories":[52,30],"tags":[116,118,75],"class_list":["post-21033","post","type-post","status-publish","format-standard","hentry","category-dernieres","category-news","tag-chili","tag-patagonie","tag-voyage"],"_links":{"self":[{"href":"https:\/\/www.tetedechat.com\/blog\/index.php\/wp-json\/wp\/v2\/posts\/21033","targetHints":{"allow":["GET"]}}],"collection":[{"href":"https:\/\/www.tetedechat.com\/blog\/index.php\/wp-json\/wp\/v2\/posts"}],"about":[{"href":"https:\/\/www.tetedechat.com\/blog\/index.php\/wp-json\/wp\/v2\/types\/post"}],"author":[{"embeddable":true,"href":"https:\/\/www.tetedechat.com\/blog\/index.php\/wp-json\/wp\/v2\/users\/1"}],"replies":[{"embeddable":true,"href":"https:\/\/www.tetedechat.com\/blog\/index.php\/wp-json\/wp\/v2\/comments?post=21033"}],"version-history":[{"count":15,"href":"https:\/\/www.tetedechat.com\/blog\/index.php\/wp-json\/wp\/v2\/posts\/21033\/revisions"}],"predecessor-version":[{"id":22700,"href":"https:\/\/www.tetedechat.com\/blog\/index.php\/wp-json\/wp\/v2\/posts\/21033\/revisions\/22700"}],"wp:attachment":[{"href":"https:\/\/www.tetedechat.com\/blog\/index.php\/wp-json\/wp\/v2\/media?parent=21033"}],"wp:term":[{"taxonomy":"category","embeddable":true,"href":"https:\/\/www.tetedechat.com\/blog\/index.php\/wp-json\/wp\/v2\/categories?post=21033"},{"taxonomy":"post_tag","embeddable":true,"href":"https:\/\/www.tetedechat.com\/blog\/index.php\/wp-json\/wp\/v2\/tags?post=21033"}],"curies":[{"name":"wp","href":"https:\/\/api.w.org\/{rel}","templated":true}]}}