{"id":21794,"date":"2016-11-16T12:14:13","date_gmt":"2016-11-16T11:14:13","guid":{"rendered":"http:\/\/www.tetedechat.com\/blog\/?p=21794"},"modified":"2016-11-16T12:14:13","modified_gmt":"2016-11-16T11:14:13","slug":"la-maison-du-che","status":"publish","type":"post","link":"https:\/\/www.tetedechat.com\/blog\/index.php\/la-maison-du-che\/","title":{"rendered":"La maison du Che"},"content":{"rendered":"<p>Encore une dizaine d&rsquo;heures de bus pour m\u2019emmener jusqu&rsquo;\u00e0 Cordoba, une ville qui me laisse dubitatif, je n&rsquo;y trouve vraiment aucun int\u00e9r\u00eat&#8230; Alors oui quelques \u00e9glises, et une certaine architecture (pas partout !) mais venant d&rsquo;Europe, rien de transcendant, encore une fois, ce n&rsquo;est que mon avis.<!--more--><br \/>\nEn revanche, \u00e0 40 minutes se trouve Alta Garcia, un petit village qui ne doit pas vous dire grand chose, pourtant c&rsquo;est ici qu&rsquo;a grandit Ernesto Rafael, cela ne vous dit toujours rien ? Et si je vous donne son nom entier : Ernesto Rafael Guevara, ah ! L\u00e0 vous voyez, oui, vous pouvez y visiter la maison d&rsquo;enfance, transform\u00e9 en mus\u00e9e, du Che.<\/p>\n<p><a href=\"http:\/\/www.tetedechat.com\/blog\/photoblog\/2016\/03\/statue_musee_maison_che_cordoba.jpg\" rel=\"attachment wp-att-21814\"><img loading=\"lazy\" decoding=\"async\" class=\"alignnone size-full wp-image-21814\" src=\"http:\/\/www.tetedechat.com\/blog\/photoblog\/2016\/03\/statue_musee_maison_che_cordoba.jpg\" alt=\"\" width=\"800\" height=\"533\" srcset=\"https:\/\/www.tetedechat.com\/blog\/photoblog\/2016\/03\/statue_musee_maison_che_cordoba.jpg 800w, https:\/\/www.tetedechat.com\/blog\/photoblog\/2016\/03\/statue_musee_maison_che_cordoba-300x200.jpg 300w, https:\/\/www.tetedechat.com\/blog\/photoblog\/2016\/03\/statue_musee_maison_che_cordoba-768x512.jpg 768w\" sizes=\"auto, (max-width: 800px) 100vw, 800px\" \/><\/a><\/p>\n<p><a href=\"http:\/\/www.tetedechat.com\/blog\/photoblog\/2016\/03\/ticket_entree_maison_che_cordoba.jpg\" rel=\"attachment wp-att-21815\"><img loading=\"lazy\" decoding=\"async\" class=\"alignnone size-full wp-image-21815\" src=\"http:\/\/www.tetedechat.com\/blog\/photoblog\/2016\/03\/ticket_entree_maison_che_cordoba.jpg\" alt=\"\" width=\"800\" height=\"600\" srcset=\"https:\/\/www.tetedechat.com\/blog\/photoblog\/2016\/03\/ticket_entree_maison_che_cordoba.jpg 800w, https:\/\/www.tetedechat.com\/blog\/photoblog\/2016\/03\/ticket_entree_maison_che_cordoba-300x225.jpg 300w, https:\/\/www.tetedechat.com\/blog\/photoblog\/2016\/03\/ticket_entree_maison_che_cordoba-768x576.jpg 768w, https:\/\/www.tetedechat.com\/blog\/photoblog\/2016\/03\/ticket_entree_maison_che_cordoba-250x188.jpg 250w\" sizes=\"auto, (max-width: 800px) 100vw, 800px\" \/><\/a><\/p>\n<p>Je ne suis pas vraiment politis\u00e9, et on peut dire un tas de truc sur ce gars, que cela soit en bien ou en mal, moi ce que vois c&rsquo;est que c&rsquo;\u00e9tait un sacr\u00e9 voyageur !<\/p>\n<p><a href=\"http:\/\/www.tetedechat.com\/blog\/photoblog\/2016\/03\/statue_che_maison_che_cordoba.jpg\" rel=\"attachment wp-att-21813\"><img loading=\"lazy\" decoding=\"async\" class=\"alignnone size-full wp-image-21813\" src=\"http:\/\/www.tetedechat.com\/blog\/photoblog\/2016\/03\/statue_che_maison_che_cordoba.jpg\" alt=\"\" width=\"800\" height=\"533\" srcset=\"https:\/\/www.tetedechat.com\/blog\/photoblog\/2016\/03\/statue_che_maison_che_cordoba.jpg 800w, https:\/\/www.tetedechat.com\/blog\/photoblog\/2016\/03\/statue_che_maison_che_cordoba-300x200.jpg 300w, https:\/\/www.tetedechat.com\/blog\/photoblog\/2016\/03\/statue_che_maison_che_cordoba-768x512.jpg 768w, https:\/\/www.tetedechat.com\/blog\/photoblog\/2016\/03\/statue_che_maison_che_cordoba-250x167.jpg 250w\" sizes=\"auto, (max-width: 800px) 100vw, 800px\" \/><\/a><\/p>\n<p>Bon allez, petite visite des lieux :<\/p>\n<p><a href=\"http:\/\/www.tetedechat.com\/blog\/photoblog\/2016\/03\/lit_maison_che_cordoba.jpg\" rel=\"attachment wp-att-21798\"><img loading=\"lazy\" decoding=\"async\" class=\"alignnone size-full wp-image-21798\" src=\"http:\/\/www.tetedechat.com\/blog\/photoblog\/2016\/03\/lit_maison_che_cordoba.jpg\" alt=\"\" width=\"800\" height=\"533\" srcset=\"https:\/\/www.tetedechat.com\/blog\/photoblog\/2016\/03\/lit_maison_che_cordoba.jpg 800w, https:\/\/www.tetedechat.com\/blog\/photoblog\/2016\/03\/lit_maison_che_cordoba-300x200.jpg 300w, https:\/\/www.tetedechat.com\/blog\/photoblog\/2016\/03\/lit_maison_che_cordoba-768x512.jpg 768w, https:\/\/www.tetedechat.com\/blog\/photoblog\/2016\/03\/lit_maison_che_cordoba-250x167.jpg 250w\" sizes=\"auto, (max-width: 800px) 100vw, 800px\" \/><\/a><\/p>\n<p><a href=\"http:\/\/www.tetedechat.com\/blog\/photoblog\/2016\/03\/chambre_maison_che_cordoba.jpg\" rel=\"attachment wp-att-21795\"><img loading=\"lazy\" decoding=\"async\" class=\"alignnone size-full wp-image-21795\" src=\"http:\/\/www.tetedechat.com\/blog\/photoblog\/2016\/03\/chambre_maison_che_cordoba.jpg\" alt=\"\" width=\"800\" height=\"533\" srcset=\"https:\/\/www.tetedechat.com\/blog\/photoblog\/2016\/03\/chambre_maison_che_cordoba.jpg 800w, https:\/\/www.tetedechat.com\/blog\/photoblog\/2016\/03\/chambre_maison_che_cordoba-300x200.jpg 300w, https:\/\/www.tetedechat.com\/blog\/photoblog\/2016\/03\/chambre_maison_che_cordoba-768x512.jpg 768w, https:\/\/www.tetedechat.com\/blog\/photoblog\/2016\/03\/chambre_maison_che_cordoba-250x167.jpg 250w\" sizes=\"auto, (max-width: 800px) 100vw, 800px\" \/><\/a><\/p>\n<p>Avec son v\u00e9lo\/moteur d&rsquo;\u00e9poque<\/p>\n<p><a href=\"http:\/\/www.tetedechat.com\/blog\/photoblog\/2016\/03\/velo_maison_che_cordoba.jpg\" rel=\"attachment wp-att-21817\"><img loading=\"lazy\" decoding=\"async\" class=\"alignnone size-full wp-image-21817\" src=\"http:\/\/www.tetedechat.com\/blog\/photoblog\/2016\/03\/velo_maison_che_cordoba.jpg\" alt=\"\" width=\"800\" height=\"533\" srcset=\"https:\/\/www.tetedechat.com\/blog\/photoblog\/2016\/03\/velo_maison_che_cordoba.jpg 800w, https:\/\/www.tetedechat.com\/blog\/photoblog\/2016\/03\/velo_maison_che_cordoba-300x200.jpg 300w, https:\/\/www.tetedechat.com\/blog\/photoblog\/2016\/03\/velo_maison_che_cordoba-768x512.jpg 768w, https:\/\/www.tetedechat.com\/blog\/photoblog\/2016\/03\/velo_maison_che_cordoba-250x167.jpg 250w\" sizes=\"auto, (max-width: 800px) 100vw, 800px\" \/><\/a><\/p>\n<p><a href=\"http:\/\/www.tetedechat.com\/blog\/photoblog\/2016\/03\/velo_photo_maison_che_cordoba.jpg\" rel=\"attachment wp-att-21818\"><img loading=\"lazy\" decoding=\"async\" class=\"alignnone size-full wp-image-21818\" src=\"http:\/\/www.tetedechat.com\/blog\/photoblog\/2016\/03\/velo_photo_maison_che_cordoba.jpg\" alt=\"\" width=\"800\" height=\"533\" srcset=\"https:\/\/www.tetedechat.com\/blog\/photoblog\/2016\/03\/velo_photo_maison_che_cordoba.jpg 800w, https:\/\/www.tetedechat.com\/blog\/photoblog\/2016\/03\/velo_photo_maison_che_cordoba-300x200.jpg 300w, https:\/\/www.tetedechat.com\/blog\/photoblog\/2016\/03\/velo_photo_maison_che_cordoba-768x512.jpg 768w, https:\/\/www.tetedechat.com\/blog\/photoblog\/2016\/03\/velo_photo_maison_che_cordoba-250x167.jpg 250w\" sizes=\"auto, (max-width: 800px) 100vw, 800px\" \/><\/a><\/p>\n<p>Ainsi que la moto sur laquelle il a travers\u00e9 toute l&rsquo;Am\u00e9rique Latine dans les ann\u00e9e 50 (voir le film \u00ab\u00a0Carnets de Voyage\u00a0\u00bb ou titre original \u00ab\u00a0Diarios de motocicleta\u00a0\u00bb par le r\u00e9alisateur br\u00e9silien Walter Salles)<\/p>\n<p><a href=\"http:\/\/www.tetedechat.com\/blog\/photoblog\/2016\/03\/moto_maison_che_cordoba.jpg\" rel=\"attachment wp-att-21799\"><img loading=\"lazy\" decoding=\"async\" class=\"alignnone size-full wp-image-21799\" src=\"http:\/\/www.tetedechat.com\/blog\/photoblog\/2016\/03\/moto_maison_che_cordoba.jpg\" alt=\"\" width=\"800\" height=\"533\" srcset=\"https:\/\/www.tetedechat.com\/blog\/photoblog\/2016\/03\/moto_maison_che_cordoba.jpg 800w, https:\/\/www.tetedechat.com\/blog\/photoblog\/2016\/03\/moto_maison_che_cordoba-300x200.jpg 300w, https:\/\/www.tetedechat.com\/blog\/photoblog\/2016\/03\/moto_maison_che_cordoba-768x512.jpg 768w, https:\/\/www.tetedechat.com\/blog\/photoblog\/2016\/03\/moto_maison_che_cordoba-250x167.jpg 250w\" sizes=\"auto, (max-width: 800px) 100vw, 800px\" \/><\/a><\/p>\n<p>C&rsquo;est un peu magique d&rsquo;\u00eatre devant elle, pouvoir (presque) la toucher, une sorte de lien direct avec le pass\u00e9, et une aventure hors du commun qui a forg\u00e9 et d\u00e9cid\u00e9 cet \u00e9tudiant en m\u00e9decine \u00e0 devenir l&rsquo;homme que l&rsquo;on connait aujourd&rsquo;hui.<\/p>\n<p><a href=\"http:\/\/www.tetedechat.com\/blog\/photoblog\/2016\/03\/moto_photo_maison_che_cordoba.jpg\" rel=\"attachment wp-att-21800\"><img loading=\"lazy\" decoding=\"async\" class=\"alignnone size-full wp-image-21800\" src=\"http:\/\/www.tetedechat.com\/blog\/photoblog\/2016\/03\/moto_photo_maison_che_cordoba.jpg\" alt=\"\" width=\"800\" height=\"533\" srcset=\"https:\/\/www.tetedechat.com\/blog\/photoblog\/2016\/03\/moto_photo_maison_che_cordoba.jpg 800w, https:\/\/www.tetedechat.com\/blog\/photoblog\/2016\/03\/moto_photo_maison_che_cordoba-300x200.jpg 300w, https:\/\/www.tetedechat.com\/blog\/photoblog\/2016\/03\/moto_photo_maison_che_cordoba-768x512.jpg 768w, https:\/\/www.tetedechat.com\/blog\/photoblog\/2016\/03\/moto_photo_maison_che_cordoba-250x167.jpg 250w\" sizes=\"auto, (max-width: 800px) 100vw, 800px\" \/><\/a><\/p>\n<p><a href=\"http:\/\/www.tetedechat.com\/blog\/photoblog\/2016\/03\/moto_photos_maison_che_cordoba.jpg\" rel=\"attachment wp-att-21801\"><img loading=\"lazy\" decoding=\"async\" class=\"alignnone size-full wp-image-21801\" src=\"http:\/\/www.tetedechat.com\/blog\/photoblog\/2016\/03\/moto_photos_maison_che_cordoba.jpg\" alt=\"\" width=\"800\" height=\"533\" srcset=\"https:\/\/www.tetedechat.com\/blog\/photoblog\/2016\/03\/moto_photos_maison_che_cordoba.jpg 800w, https:\/\/www.tetedechat.com\/blog\/photoblog\/2016\/03\/moto_photos_maison_che_cordoba-300x200.jpg 300w, https:\/\/www.tetedechat.com\/blog\/photoblog\/2016\/03\/moto_photos_maison_che_cordoba-768x512.jpg 768w, https:\/\/www.tetedechat.com\/blog\/photoblog\/2016\/03\/moto_photos_maison_che_cordoba-250x167.jpg 250w\" sizes=\"auto, (max-width: 800px) 100vw, 800px\" \/><\/a><\/p>\n<p><a href=\"http:\/\/www.tetedechat.com\/blog\/photoblog\/2016\/03\/moto_roue_maison_che_cordoba.jpg\" rel=\"attachment wp-att-21802\"><img loading=\"lazy\" decoding=\"async\" class=\"alignnone size-full wp-image-21802\" src=\"http:\/\/www.tetedechat.com\/blog\/photoblog\/2016\/03\/moto_roue_maison_che_cordoba.jpg\" alt=\"\" width=\"800\" height=\"533\" srcset=\"https:\/\/www.tetedechat.com\/blog\/photoblog\/2016\/03\/moto_roue_maison_che_cordoba.jpg 800w, https:\/\/www.tetedechat.com\/blog\/photoblog\/2016\/03\/moto_roue_maison_che_cordoba-300x200.jpg 300w, https:\/\/www.tetedechat.com\/blog\/photoblog\/2016\/03\/moto_roue_maison_che_cordoba-768x512.jpg 768w, https:\/\/www.tetedechat.com\/blog\/photoblog\/2016\/03\/moto_roue_maison_che_cordoba-250x167.jpg 250w\" sizes=\"auto, (max-width: 800px) 100vw, 800px\" \/><\/a><\/p>\n<p>Comme quoi, cela confirme que le voyage est un r\u00e9v\u00e9lateur de personnalit\u00e9, d&rsquo;id\u00e9e, de d\u00e9couverte de soi et de l&rsquo;autre.<br \/>\nSans ce voyage il n&rsquo;aurait pas pu ouvrir les yeux sur la pauvret\u00e9, la mis\u00e8re de son continent, et encore moins des in\u00e9galit\u00e9s sociales qui l&rsquo;ont r\u00e9volt\u00e9 jusqu&rsquo;\u00e0 sa mort.<\/p>\n<p><a href=\"http:\/\/www.tetedechat.com\/blog\/photoblog\/2016\/03\/photos_moto_maison_che_cordoba.jpg\" rel=\"attachment wp-att-21810\"><img loading=\"lazy\" decoding=\"async\" class=\"alignnone size-full wp-image-21810\" src=\"http:\/\/www.tetedechat.com\/blog\/photoblog\/2016\/03\/photos_moto_maison_che_cordoba.jpg\" alt=\"\" width=\"800\" height=\"533\" srcset=\"https:\/\/www.tetedechat.com\/blog\/photoblog\/2016\/03\/photos_moto_maison_che_cordoba.jpg 800w, https:\/\/www.tetedechat.com\/blog\/photoblog\/2016\/03\/photos_moto_maison_che_cordoba-300x200.jpg 300w, https:\/\/www.tetedechat.com\/blog\/photoblog\/2016\/03\/photos_moto_maison_che_cordoba-768x512.jpg 768w, https:\/\/www.tetedechat.com\/blog\/photoblog\/2016\/03\/photos_moto_maison_che_cordoba-250x167.jpg 250w\" sizes=\"auto, (max-width: 800px) 100vw, 800px\" \/><\/a><\/p>\n<p>On ne voit pas bien, mais ci-dessous sur la photo de gauche vous pouvez voir le panneau original o\u00f9 posait le Che sur la photo au dessous. Et \u00e0 gauche le trac\u00e9 de ses voyages.<\/p>\n<p><a href=\"http:\/\/www.tetedechat.com\/blog\/photoblog\/2016\/03\/entrada_prohibida_maison_che_cordoba.jpg\" rel=\"attachment wp-att-21797\"><img loading=\"lazy\" decoding=\"async\" class=\"alignnone size-full wp-image-21797\" src=\"http:\/\/www.tetedechat.com\/blog\/photoblog\/2016\/03\/entrada_prohibida_maison_che_cordoba.jpg\" alt=\"\" width=\"800\" height=\"600\" srcset=\"https:\/\/www.tetedechat.com\/blog\/photoblog\/2016\/03\/entrada_prohibida_maison_che_cordoba.jpg 800w, https:\/\/www.tetedechat.com\/blog\/photoblog\/2016\/03\/entrada_prohibida_maison_che_cordoba-300x225.jpg 300w, https:\/\/www.tetedechat.com\/blog\/photoblog\/2016\/03\/entrada_prohibida_maison_che_cordoba-768x576.jpg 768w, https:\/\/www.tetedechat.com\/blog\/photoblog\/2016\/03\/entrada_prohibida_maison_che_cordoba-250x188.jpg 250w\" sizes=\"auto, (max-width: 800px) 100vw, 800px\" \/><\/a><\/p>\n<p><a href=\"http:\/\/www.tetedechat.com\/blog\/photoblog\/2016\/03\/photo_maison_che_cordoba.jpg\" rel=\"attachment wp-att-21808\"><img loading=\"lazy\" decoding=\"async\" class=\"alignnone size-full wp-image-21808\" src=\"http:\/\/www.tetedechat.com\/blog\/photoblog\/2016\/03\/photo_maison_che_cordoba.jpg\" alt=\"\" width=\"800\" height=\"533\" srcset=\"https:\/\/www.tetedechat.com\/blog\/photoblog\/2016\/03\/photo_maison_che_cordoba.jpg 800w, https:\/\/www.tetedechat.com\/blog\/photoblog\/2016\/03\/photo_maison_che_cordoba-300x200.jpg 300w, https:\/\/www.tetedechat.com\/blog\/photoblog\/2016\/03\/photo_maison_che_cordoba-768x512.jpg 768w, https:\/\/www.tetedechat.com\/blog\/photoblog\/2016\/03\/photo_maison_che_cordoba-250x167.jpg 250w\" sizes=\"auto, (max-width: 800px) 100vw, 800px\" \/><\/a><\/p>\n<p><a href=\"http:\/\/www.tetedechat.com\/blog\/photoblog\/2016\/03\/photo_che_enfant_maison_che_cordoba.jpg\" rel=\"attachment wp-att-21805\"><img loading=\"lazy\" decoding=\"async\" class=\"alignnone size-full wp-image-21805\" src=\"http:\/\/www.tetedechat.com\/blog\/photoblog\/2016\/03\/photo_che_enfant_maison_che_cordoba.jpg\" alt=\"\" width=\"800\" height=\"533\" srcset=\"https:\/\/www.tetedechat.com\/blog\/photoblog\/2016\/03\/photo_che_enfant_maison_che_cordoba.jpg 800w, https:\/\/www.tetedechat.com\/blog\/photoblog\/2016\/03\/photo_che_enfant_maison_che_cordoba-300x200.jpg 300w, https:\/\/www.tetedechat.com\/blog\/photoblog\/2016\/03\/photo_che_enfant_maison_che_cordoba-768x512.jpg 768w, https:\/\/www.tetedechat.com\/blog\/photoblog\/2016\/03\/photo_che_enfant_maison_che_cordoba-250x167.jpg 250w\" sizes=\"auto, (max-width: 800px) 100vw, 800px\" \/><\/a><\/p>\n<p>C&rsquo;est un dr\u00f4le de sentiment de voir ce petit bonhomme \u00ab\u00a0pur\u00a0\u00bb comme tant d&rsquo;autres enfants, devenir \u00e0 travers les exp\u00e9riences de la vie, cet homme que l&rsquo;on connait, \u00e0 la fois grandiose et effrayant.<\/p>\n<p><a href=\"http:\/\/www.tetedechat.com\/blog\/photoblog\/2016\/03\/photo_che_maison_che_cordoba.jpg\" rel=\"attachment wp-att-21806\"><img loading=\"lazy\" decoding=\"async\" class=\"size-full wp-image-21806 aligncenter\" src=\"http:\/\/www.tetedechat.com\/blog\/photoblog\/2016\/03\/photo_che_maison_che_cordoba.jpg\" alt=\"\" width=\"533\" height=\"800\" srcset=\"https:\/\/www.tetedechat.com\/blog\/photoblog\/2016\/03\/photo_che_maison_che_cordoba.jpg 533w, https:\/\/www.tetedechat.com\/blog\/photoblog\/2016\/03\/photo_che_maison_che_cordoba-200x300.jpg 200w, https:\/\/www.tetedechat.com\/blog\/photoblog\/2016\/03\/photo_che_maison_che_cordoba-250x375.jpg 250w, https:\/\/www.tetedechat.com\/blog\/photoblog\/2016\/03\/photo_che_maison_che_cordoba-300x450.jpg 300w\" sizes=\"auto, (max-width: 533px) 100vw, 533px\" \/><\/a><\/p>\n<p><a href=\"http:\/\/www.tetedechat.com\/blog\/photoblog\/2016\/03\/photo_famille_maison_che_cordoba.jpg\" rel=\"attachment wp-att-21807\"><img loading=\"lazy\" decoding=\"async\" class=\"alignnone size-full wp-image-21807\" src=\"http:\/\/www.tetedechat.com\/blog\/photoblog\/2016\/03\/photo_famille_maison_che_cordoba.jpg\" alt=\"\" width=\"800\" height=\"533\" srcset=\"https:\/\/www.tetedechat.com\/blog\/photoblog\/2016\/03\/photo_famille_maison_che_cordoba.jpg 800w, https:\/\/www.tetedechat.com\/blog\/photoblog\/2016\/03\/photo_famille_maison_che_cordoba-300x200.jpg 300w, https:\/\/www.tetedechat.com\/blog\/photoblog\/2016\/03\/photo_famille_maison_che_cordoba-768x512.jpg 768w, https:\/\/www.tetedechat.com\/blog\/photoblog\/2016\/03\/photo_famille_maison_che_cordoba-250x167.jpg 250w\" sizes=\"auto, (max-width: 800px) 100vw, 800px\" \/><\/a><\/p>\n<p><a href=\"http:\/\/www.tetedechat.com\/blog\/photoblog\/2016\/03\/photos_maison_che_cordoba.jpg\" rel=\"attachment wp-att-21809\"><img loading=\"lazy\" decoding=\"async\" class=\"alignnone size-full wp-image-21809\" src=\"http:\/\/www.tetedechat.com\/blog\/photoblog\/2016\/03\/photos_maison_che_cordoba.jpg\" alt=\"\" width=\"800\" height=\"533\" srcset=\"https:\/\/www.tetedechat.com\/blog\/photoblog\/2016\/03\/photos_maison_che_cordoba.jpg 800w, https:\/\/www.tetedechat.com\/blog\/photoblog\/2016\/03\/photos_maison_che_cordoba-300x200.jpg 300w, https:\/\/www.tetedechat.com\/blog\/photoblog\/2016\/03\/photos_maison_che_cordoba-768x512.jpg 768w, https:\/\/www.tetedechat.com\/blog\/photoblog\/2016\/03\/photos_maison_che_cordoba-250x167.jpg 250w\" sizes=\"auto, (max-width: 800px) 100vw, 800px\" \/><\/a><\/p>\n<p>Maintenant je me prom\u00e8ne dans sa cuisine&#8230;<\/p>\n<p><a href=\"http:\/\/www.tetedechat.com\/blog\/photoblog\/2016\/03\/cuisine_maison_che_cordoba.jpg\" rel=\"attachment wp-att-21796\"><img loading=\"lazy\" decoding=\"async\" class=\"alignnone size-full wp-image-21796\" src=\"http:\/\/www.tetedechat.com\/blog\/photoblog\/2016\/03\/cuisine_maison_che_cordoba.jpg\" alt=\"\" width=\"800\" height=\"533\" srcset=\"https:\/\/www.tetedechat.com\/blog\/photoblog\/2016\/03\/cuisine_maison_che_cordoba.jpg 800w, https:\/\/www.tetedechat.com\/blog\/photoblog\/2016\/03\/cuisine_maison_che_cordoba-300x200.jpg 300w, https:\/\/www.tetedechat.com\/blog\/photoblog\/2016\/03\/cuisine_maison_che_cordoba-768x512.jpg 768w, https:\/\/www.tetedechat.com\/blog\/photoblog\/2016\/03\/cuisine_maison_che_cordoba-250x167.jpg 250w\" sizes=\"auto, (max-width: 800px) 100vw, 800px\" \/><\/a><\/p>\n<p><a href=\"http:\/\/www.tetedechat.com\/blog\/photoblog\/2016\/03\/radio_maison_che_cordoba.jpg\" rel=\"attachment wp-att-21811\"><img loading=\"lazy\" decoding=\"async\" class=\"alignnone size-full wp-image-21811\" src=\"http:\/\/www.tetedechat.com\/blog\/photoblog\/2016\/03\/radio_maison_che_cordoba.jpg\" alt=\"\" width=\"800\" height=\"533\" srcset=\"https:\/\/www.tetedechat.com\/blog\/photoblog\/2016\/03\/radio_maison_che_cordoba.jpg 800w, https:\/\/www.tetedechat.com\/blog\/photoblog\/2016\/03\/radio_maison_che_cordoba-300x200.jpg 300w, https:\/\/www.tetedechat.com\/blog\/photoblog\/2016\/03\/radio_maison_che_cordoba-768x512.jpg 768w, https:\/\/www.tetedechat.com\/blog\/photoblog\/2016\/03\/radio_maison_che_cordoba-250x167.jpg 250w\" sizes=\"auto, (max-width: 800px) 100vw, 800px\" \/><\/a><\/p>\n<p><a href=\"http:\/\/www.tetedechat.com\/blog\/photoblog\/2016\/03\/vaisselle_maison_che_cordoba.jpg\" rel=\"attachment wp-att-21816\"><img loading=\"lazy\" decoding=\"async\" class=\"alignnone size-full wp-image-21816\" src=\"http:\/\/www.tetedechat.com\/blog\/photoblog\/2016\/03\/vaisselle_maison_che_cordoba.jpg\" alt=\"\" width=\"800\" height=\"533\" srcset=\"https:\/\/www.tetedechat.com\/blog\/photoblog\/2016\/03\/vaisselle_maison_che_cordoba.jpg 800w, https:\/\/www.tetedechat.com\/blog\/photoblog\/2016\/03\/vaisselle_maison_che_cordoba-300x200.jpg 300w, https:\/\/www.tetedechat.com\/blog\/photoblog\/2016\/03\/vaisselle_maison_che_cordoba-768x512.jpg 768w, https:\/\/www.tetedechat.com\/blog\/photoblog\/2016\/03\/vaisselle_maison_che_cordoba-250x167.jpg 250w\" sizes=\"auto, (max-width: 800px) 100vw, 800px\" \/><\/a><\/p>\n<p>&#8230;puis dans sa salle-de-bain, cela fait un peu voyeur, non ?<\/p>\n<p><a href=\"http:\/\/www.tetedechat.com\/blog\/photoblog\/2016\/03\/salle_de_bain_maison_che_cordoba.jpg\" rel=\"attachment wp-att-21812\"><img loading=\"lazy\" decoding=\"async\" class=\"alignnone size-full wp-image-21812\" src=\"http:\/\/www.tetedechat.com\/blog\/photoblog\/2016\/03\/salle_de_bain_maison_che_cordoba.jpg\" alt=\"\" width=\"800\" height=\"533\" srcset=\"https:\/\/www.tetedechat.com\/blog\/photoblog\/2016\/03\/salle_de_bain_maison_che_cordoba.jpg 800w, https:\/\/www.tetedechat.com\/blog\/photoblog\/2016\/03\/salle_de_bain_maison_che_cordoba-300x200.jpg 300w, https:\/\/www.tetedechat.com\/blog\/photoblog\/2016\/03\/salle_de_bain_maison_che_cordoba-768x512.jpg 768w, https:\/\/www.tetedechat.com\/blog\/photoblog\/2016\/03\/salle_de_bain_maison_che_cordoba-250x167.jpg 250w\" sizes=\"auto, (max-width: 800px) 100vw, 800px\" \/><\/a><\/p>\n<p>Sur les toilettes, ils pr\u00e9cisent que cela fait partie du mus\u00e9e, et qu&rsquo;il ne faut pas les utiliser, sans d\u00e9conner ?! Il y a des gens qui ont os\u00e9 s&rsquo;en servir ?! Si il y a un panneau, je peux vous garantir que c&rsquo;est arriv\u00e9&#8230;<\/p>\n<p><a href=\"http:\/\/www.tetedechat.com\/blog\/photoblog\/2016\/03\/panneau_toilettes_maison_che_cordoba.jpg\" rel=\"attachment wp-att-21803\"><img loading=\"lazy\" decoding=\"async\" class=\"alignnone size-full wp-image-21803\" src=\"http:\/\/www.tetedechat.com\/blog\/photoblog\/2016\/03\/panneau_toilettes_maison_che_cordoba.jpg\" alt=\"\" width=\"800\" height=\"533\" srcset=\"https:\/\/www.tetedechat.com\/blog\/photoblog\/2016\/03\/panneau_toilettes_maison_che_cordoba.jpg 800w, https:\/\/www.tetedechat.com\/blog\/photoblog\/2016\/03\/panneau_toilettes_maison_che_cordoba-300x200.jpg 300w, https:\/\/www.tetedechat.com\/blog\/photoblog\/2016\/03\/panneau_toilettes_maison_che_cordoba-768x512.jpg 768w, https:\/\/www.tetedechat.com\/blog\/photoblog\/2016\/03\/panneau_toilettes_maison_che_cordoba-250x167.jpg 250w\" sizes=\"auto, (max-width: 800px) 100vw, 800px\" \/><\/a><\/p>\n<p>Et pour finir voici le faux passeport uruguayen qu&rsquo;il s&rsquo;\u00e9tait fait faire pour rentrer en Bolivie, d\u00e9guis\u00e9 et vieillit pour la photo, toutes les ruses \u00e9taient utilis\u00e9es. Mais c&rsquo;est aussi en Bolivie, qu&rsquo;il f\u00fbt captur\u00e9 et ex\u00e9cut\u00e9.<\/p>\n<p><a href=\"http:\/\/www.tetedechat.com\/blog\/photoblog\/2016\/03\/passeport_che_maison_che_cordoba.jpg\" rel=\"attachment wp-att-21804\"><img loading=\"lazy\" decoding=\"async\" class=\"alignnone size-full wp-image-21804\" src=\"http:\/\/www.tetedechat.com\/blog\/photoblog\/2016\/03\/passeport_che_maison_che_cordoba.jpg\" alt=\"\" width=\"800\" height=\"533\" srcset=\"https:\/\/www.tetedechat.com\/blog\/photoblog\/2016\/03\/passeport_che_maison_che_cordoba.jpg 800w, https:\/\/www.tetedechat.com\/blog\/photoblog\/2016\/03\/passeport_che_maison_che_cordoba-300x200.jpg 300w, https:\/\/www.tetedechat.com\/blog\/photoblog\/2016\/03\/passeport_che_maison_che_cordoba-768x512.jpg 768w, https:\/\/www.tetedechat.com\/blog\/photoblog\/2016\/03\/passeport_che_maison_che_cordoba-250x167.jpg 250w\" sizes=\"auto, (max-width: 800px) 100vw, 800px\" \/><\/a><\/p>\n<p>Une vie (et quelle vie !) r\u00e9sum\u00e9e en quelques pi\u00e8ces, quelques photos, quelques objets. Un aper\u00e7u, un survol d&rsquo;une demi-heure qui ne laisse pas de glace, que l&rsquo;on aime ou pas le personnage, le respect est pr\u00e9sent, car se battre jusqu&rsquo;\u00e0 la mort pour les id\u00e9es auxquelles ont croit, est toujours courageux.<br \/>\nSi vous passez par Cordoba, allez y faire un tour, qu&rsquo;elle que soit votre opinion, la visite sera pour s\u00fbr, enrichissante.<\/p>\n","protected":false},"excerpt":{"rendered":"<p>Encore une dizaine d&rsquo;heures de bus pour m\u2019emmener jusqu&rsquo;\u00e0 Cordoba, une ville qui me laisse dubitatif, je n&rsquo;y trouve vraiment aucun int\u00e9r\u00eat&#8230; Alors oui quelques \u00e9glises, et une certaine architecture (pas partout !) mais venant d&rsquo;Europe, rien de transcendant, encore une fois, ce n&rsquo;est que mon avis.<\/p>\n","protected":false},"author":1,"featured_media":0,"comment_status":"open","ping_status":"open","sticky":false,"template":"","format":"standard","meta":{"_monsterinsights_skip_tracking":false,"_monsterinsights_sitenote_active":false,"_monsterinsights_sitenote_note":"","_monsterinsights_sitenote_category":0,"footnotes":""},"categories":[52,30],"tags":[113,75],"class_list":["post-21794","post","type-post","status-publish","format-standard","hentry","category-dernieres","category-news","tag-argentine","tag-voyage"],"_links":{"self":[{"href":"https:\/\/www.tetedechat.com\/blog\/index.php\/wp-json\/wp\/v2\/posts\/21794","targetHints":{"allow":["GET"]}}],"collection":[{"href":"https:\/\/www.tetedechat.com\/blog\/index.php\/wp-json\/wp\/v2\/posts"}],"about":[{"href":"https:\/\/www.tetedechat.com\/blog\/index.php\/wp-json\/wp\/v2\/types\/post"}],"author":[{"embeddable":true,"href":"https:\/\/www.tetedechat.com\/blog\/index.php\/wp-json\/wp\/v2\/users\/1"}],"replies":[{"embeddable":true,"href":"https:\/\/www.tetedechat.com\/blog\/index.php\/wp-json\/wp\/v2\/comments?post=21794"}],"version-history":[{"count":6,"href":"https:\/\/www.tetedechat.com\/blog\/index.php\/wp-json\/wp\/v2\/posts\/21794\/revisions"}],"predecessor-version":[{"id":22758,"href":"https:\/\/www.tetedechat.com\/blog\/index.php\/wp-json\/wp\/v2\/posts\/21794\/revisions\/22758"}],"wp:attachment":[{"href":"https:\/\/www.tetedechat.com\/blog\/index.php\/wp-json\/wp\/v2\/media?parent=21794"}],"wp:term":[{"taxonomy":"category","embeddable":true,"href":"https:\/\/www.tetedechat.com\/blog\/index.php\/wp-json\/wp\/v2\/categories?post=21794"},{"taxonomy":"post_tag","embeddable":true,"href":"https:\/\/www.tetedechat.com\/blog\/index.php\/wp-json\/wp\/v2\/tags?post=21794"}],"curies":[{"name":"wp","href":"https:\/\/api.w.org\/{rel}","templated":true}]}}