{"id":22380,"date":"2017-02-17T15:38:54","date_gmt":"2017-02-17T14:38:54","guid":{"rendered":"http:\/\/www.tetedechat.com\/blog\/?p=22380"},"modified":"2017-02-17T15:56:22","modified_gmt":"2017-02-17T14:56:22","slug":"belem-et-le-parc-mangal-das-garcas","status":"publish","type":"post","link":"https:\/\/www.tetedechat.com\/blog\/index.php\/belem-et-le-parc-mangal-das-garcas\/","title":{"rendered":"Bel\u00e9m et le parc Mangal das Gar\u00e7as"},"content":{"rendered":"<p>\u00c0 peine remis de mes \u00e9motions, me revoici dans cet a\u00e9roport de mis\u00e8re, encore un avion \u00e0 prendre au Br\u00e9sil, direction ? Bel\u00e9m.<!--more--><br \/>\nVille de l&rsquo;estuaire de l&rsquo;Amazone au Nord du pays, je n&rsquo;\u00e9tais l\u00e0 que pour quelques jours, mais cette destination sert aussi de d\u00e9part pour d\u00e9couvrir l&rsquo;Amazonie en bateau, d&rsquo;ailleurs on y est d\u00e9j\u00e0, le d\u00e9cors, la nourriture et la faune sont tr\u00e8s diff\u00e9rents du reste du pays.<br \/>\nUne fois dans mon auberge, on m\u2019avertit :<br \/>\n&#8211; \u00ab\u00a0Bon quand tu sors, pas de bijoux, de t\u00e9l\u00e9phone, d&rsquo;appareil photo, etc.\u00a0\u00bb<br \/>\n&#8211; \u00ab\u00a0J&rsquo;ai rien de tr\u00e8s attirant, mais pour l&rsquo;appareil, j&rsquo;en ai besoin !\u00a0\u00bb<br \/>\n&#8211; \u00ab\u00a0Oublies\u00a0\u00bb<br \/>\n&#8211; \u00ab\u00a0Ce n&rsquo;est pas SI dangereux, puis je me prom\u00e8ne de jour\u00a0\u00bb<br \/>\n&#8211; \u00ab\u00a0Jour ou pas, c&rsquo;est pareil, ne traine pas dehors avec ton appareil !\u00a0\u00bb<br \/>\nLe manager \u00e9tait japonais, cela faisait 7 ans qu&rsquo;il vivait ici, avec sa femme br\u00e9silienne, ils ont maintenant un enfant de 2 ans.<br \/>\n&#8211; \u00ab\u00a0Tu me dis \u00e7a pour que je sois sur mes gardes, mais t&rsquo;inqui\u00e8tes, j&rsquo;ai l&rsquo;habitude\u00a0\u00bb<br \/>\n&#8211; \u00ab\u00a0Non, non, je te dis \u00e7a car c&rsquo;est r\u00e9curent, et m\u00eame \u00e0 moi qui vit ici\u00a0\u00bb<br \/>\nIl sort de sa poche un vieux t\u00e9l\u00e9phone, genre \u00ab\u00a0frigo\u00a0\u00bb des ann\u00e9es 90<br \/>\n&#8211; \u00ab\u00a0Tu vois mon t\u00e9l\u00e9phone ? C&rsquo;est avec \u00e7a que je me prom\u00e8ne\u00a0\u00bb<br \/>\n&#8211; \u00ab\u00a0Ben, c&rsquo;est un choix\u00a0\u00bb<br \/>\n&#8211; \u00ab\u00a0Non ! une obligation ! Je me suis fait braquer trois fois mon smartphone, 3 fois !\u00a0\u00bb<br \/>\n&#8211; \u00ab\u00a0Braqu\u00e9 ?\u00a0\u00bb<br \/>\n&#8211; \u00ab\u00a0Oui, \u00e0 l&rsquo;arme blanche ou \u00e0 feu, dans la rue, l\u00e0 juste en face\u00a0\u00bb<br \/>\n&#8211; \u00ab\u00a0Ah oui quand m\u00eame&#8230;\u00a0\u00bb<br \/>\n&#8211; \u00ab\u00a0Et oui, alors maintenant j&rsquo;ai un t\u00e9l\u00e9phone \u00e0 10$, c&rsquo;est plus s\u00fbr\u00a0\u00bb<br \/>\n&#8211; \u00ab\u00a0Je comprends\u00a0\u00bb<br \/>\nBon, je ne vais pas risquer le diable. Les photos de cet article ont (malheureusement) toutes \u00e9t\u00e9 prises avec le petit Canon S95, c&rsquo;est triste de devoir en arriver \u00e0 l\u00e0, mais cela fait partie des al\u00e9as du voyage, allez, un petit tour de la ville :<\/p>\n<p><a href=\"http:\/\/www.tetedechat.com\/blog\/photoblog\/2016\/04\/theatre_de_la_paix_belem_bresil.jpg\" rel=\"attachment wp-att-22434\"><img loading=\"lazy\" decoding=\"async\" class=\"alignnone size-full wp-image-22434\" src=\"http:\/\/www.tetedechat.com\/blog\/photoblog\/2016\/04\/theatre_de_la_paix_belem_bresil.jpg\" alt=\"\" width=\"800\" height=\"600\" srcset=\"https:\/\/www.tetedechat.com\/blog\/photoblog\/2016\/04\/theatre_de_la_paix_belem_bresil.jpg 800w, https:\/\/www.tetedechat.com\/blog\/photoblog\/2016\/04\/theatre_de_la_paix_belem_bresil-300x225.jpg 300w, https:\/\/www.tetedechat.com\/blog\/photoblog\/2016\/04\/theatre_de_la_paix_belem_bresil-768x576.jpg 768w\" sizes=\"auto, (max-width: 800px) 100vw, 800px\" \/><\/a><\/p>\n<p><a href=\"http:\/\/www.tetedechat.com\/blog\/photoblog\/2016\/04\/statue_Cathedrale_da_Se_marche_Ver_o_Rio_belem.jpg\" rel=\"attachment wp-att-22433\"><img loading=\"lazy\" decoding=\"async\" class=\"alignnone size-full wp-image-22433\" src=\"http:\/\/www.tetedechat.com\/blog\/photoblog\/2016\/04\/statue_Cathedrale_da_Se_marche_Ver_o_Rio_belem.jpg\" alt=\"\" width=\"800\" height=\"600\" srcset=\"https:\/\/www.tetedechat.com\/blog\/photoblog\/2016\/04\/statue_Cathedrale_da_Se_marche_Ver_o_Rio_belem.jpg 800w, https:\/\/www.tetedechat.com\/blog\/photoblog\/2016\/04\/statue_Cathedrale_da_Se_marche_Ver_o_Rio_belem-300x225.jpg 300w, https:\/\/www.tetedechat.com\/blog\/photoblog\/2016\/04\/statue_Cathedrale_da_Se_marche_Ver_o_Rio_belem-768x576.jpg 768w, https:\/\/www.tetedechat.com\/blog\/photoblog\/2016\/04\/statue_Cathedrale_da_Se_marche_Ver_o_Rio_belem-250x188.jpg 250w\" sizes=\"auto, (max-width: 800px) 100vw, 800px\" \/><\/a><\/p>\n<p><a href=\"http:\/\/www.tetedechat.com\/blog\/photoblog\/2016\/04\/peinture_murale_belem_bresil.jpg\" rel=\"attachment wp-att-22429\"><img loading=\"lazy\" decoding=\"async\" class=\"alignnone size-full wp-image-22429\" src=\"http:\/\/www.tetedechat.com\/blog\/photoblog\/2016\/04\/peinture_murale_belem_bresil.jpg\" alt=\"\" width=\"800\" height=\"600\" srcset=\"https:\/\/www.tetedechat.com\/blog\/photoblog\/2016\/04\/peinture_murale_belem_bresil.jpg 800w, https:\/\/www.tetedechat.com\/blog\/photoblog\/2016\/04\/peinture_murale_belem_bresil-300x225.jpg 300w, https:\/\/www.tetedechat.com\/blog\/photoblog\/2016\/04\/peinture_murale_belem_bresil-768x576.jpg 768w, https:\/\/www.tetedechat.com\/blog\/photoblog\/2016\/04\/peinture_murale_belem_bresil-250x188.jpg 250w\" sizes=\"auto, (max-width: 800px) 100vw, 800px\" \/><\/a><\/p>\n<p><a href=\"http:\/\/www.tetedechat.com\/blog\/photoblog\/2016\/04\/parc_belem_bresil.jpg\" rel=\"attachment wp-att-22428\"><img loading=\"lazy\" decoding=\"async\" class=\"alignnone size-full wp-image-22428\" src=\"http:\/\/www.tetedechat.com\/blog\/photoblog\/2016\/04\/parc_belem_bresil.jpg\" alt=\"\" width=\"800\" height=\"600\" srcset=\"https:\/\/www.tetedechat.com\/blog\/photoblog\/2016\/04\/parc_belem_bresil.jpg 800w, https:\/\/www.tetedechat.com\/blog\/photoblog\/2016\/04\/parc_belem_bresil-300x225.jpg 300w, https:\/\/www.tetedechat.com\/blog\/photoblog\/2016\/04\/parc_belem_bresil-768x576.jpg 768w, https:\/\/www.tetedechat.com\/blog\/photoblog\/2016\/04\/parc_belem_bresil-250x188.jpg 250w\" sizes=\"auto, (max-width: 800px) 100vw, 800px\" \/><\/a><\/p>\n<p><a href=\"http:\/\/www.tetedechat.com\/blog\/photoblog\/2016\/04\/horloge_belem_bresil.jpg\" rel=\"attachment wp-att-22416\"><img loading=\"lazy\" decoding=\"async\" class=\"alignnone size-full wp-image-22416\" src=\"http:\/\/www.tetedechat.com\/blog\/photoblog\/2016\/04\/horloge_belem_bresil.jpg\" alt=\"\" width=\"800\" height=\"600\" srcset=\"https:\/\/www.tetedechat.com\/blog\/photoblog\/2016\/04\/horloge_belem_bresil.jpg 800w, https:\/\/www.tetedechat.com\/blog\/photoblog\/2016\/04\/horloge_belem_bresil-300x225.jpg 300w, https:\/\/www.tetedechat.com\/blog\/photoblog\/2016\/04\/horloge_belem_bresil-768x576.jpg 768w, https:\/\/www.tetedechat.com\/blog\/photoblog\/2016\/04\/horloge_belem_bresil-250x188.jpg 250w\" sizes=\"auto, (max-width: 800px) 100vw, 800px\" \/><\/a><\/p>\n<p>Si vous voulez partir en bateau sur fleuve Amazone c&rsquo;est d&rsquo;ici que \u00e7a part :<\/p>\n<p><a href=\"http:\/\/www.tetedechat.com\/blog\/photoblog\/2016\/04\/Estacao_das_Docas_belem.jpg\" rel=\"attachment wp-att-22406\"><img loading=\"lazy\" decoding=\"async\" class=\"alignnone size-full wp-image-22406\" src=\"http:\/\/www.tetedechat.com\/blog\/photoblog\/2016\/04\/Estacao_das_Docas_belem.jpg\" alt=\"\" width=\"800\" height=\"600\" srcset=\"https:\/\/www.tetedechat.com\/blog\/photoblog\/2016\/04\/Estacao_das_Docas_belem.jpg 800w, https:\/\/www.tetedechat.com\/blog\/photoblog\/2016\/04\/Estacao_das_Docas_belem-300x225.jpg 300w, https:\/\/www.tetedechat.com\/blog\/photoblog\/2016\/04\/Estacao_das_Docas_belem-768x576.jpg 768w, https:\/\/www.tetedechat.com\/blog\/photoblog\/2016\/04\/Estacao_das_Docas_belem-250x188.jpg 250w\" sizes=\"auto, (max-width: 800px) 100vw, 800px\" \/><\/a><\/p>\n<p><a href=\"http:\/\/www.tetedechat.com\/blog\/photoblog\/2016\/04\/Estacao_das_Docas_belem_bresil.jpg\" rel=\"attachment wp-att-22405\"><img loading=\"lazy\" decoding=\"async\" class=\"alignnone size-full wp-image-22405\" src=\"http:\/\/www.tetedechat.com\/blog\/photoblog\/2016\/04\/Estacao_das_Docas_belem_bresil.jpg\" alt=\"\" width=\"800\" height=\"600\" srcset=\"https:\/\/www.tetedechat.com\/blog\/photoblog\/2016\/04\/Estacao_das_Docas_belem_bresil.jpg 800w, https:\/\/www.tetedechat.com\/blog\/photoblog\/2016\/04\/Estacao_das_Docas_belem_bresil-300x225.jpg 300w, https:\/\/www.tetedechat.com\/blog\/photoblog\/2016\/04\/Estacao_das_Docas_belem_bresil-768x576.jpg 768w, https:\/\/www.tetedechat.com\/blog\/photoblog\/2016\/04\/Estacao_das_Docas_belem_bresil-250x188.jpg 250w\" sizes=\"auto, (max-width: 800px) 100vw, 800px\" \/><\/a><\/p>\n<p>Le fort :<\/p>\n<p><a href=\"http:\/\/www.tetedechat.com\/blog\/photoblog\/2016\/04\/Forte_do_Castelo_belem_bresil.jpg\" rel=\"attachment wp-att-22411\"><img loading=\"lazy\" decoding=\"async\" class=\"alignnone size-full wp-image-22411\" src=\"http:\/\/www.tetedechat.com\/blog\/photoblog\/2016\/04\/Forte_do_Castelo_belem_bresil.jpg\" alt=\"\" width=\"800\" height=\"600\" srcset=\"https:\/\/www.tetedechat.com\/blog\/photoblog\/2016\/04\/Forte_do_Castelo_belem_bresil.jpg 800w, https:\/\/www.tetedechat.com\/blog\/photoblog\/2016\/04\/Forte_do_Castelo_belem_bresil-300x225.jpg 300w, https:\/\/www.tetedechat.com\/blog\/photoblog\/2016\/04\/Forte_do_Castelo_belem_bresil-768x576.jpg 768w, https:\/\/www.tetedechat.com\/blog\/photoblog\/2016\/04\/Forte_do_Castelo_belem_bresil-250x188.jpg 250w\" sizes=\"auto, (max-width: 800px) 100vw, 800px\" \/><\/a><\/p>\n<p><a href=\"http:\/\/www.tetedechat.com\/blog\/photoblog\/2016\/04\/canons_Forte_do_Castelo_belem_bresil.jpg\" rel=\"attachment wp-att-22386\"><img loading=\"lazy\" decoding=\"async\" class=\"alignnone size-full wp-image-22386\" src=\"http:\/\/www.tetedechat.com\/blog\/photoblog\/2016\/04\/canons_Forte_do_Castelo_belem_bresil.jpg\" alt=\"\" width=\"800\" height=\"600\" srcset=\"https:\/\/www.tetedechat.com\/blog\/photoblog\/2016\/04\/canons_Forte_do_Castelo_belem_bresil.jpg 800w, https:\/\/www.tetedechat.com\/blog\/photoblog\/2016\/04\/canons_Forte_do_Castelo_belem_bresil-300x225.jpg 300w, https:\/\/www.tetedechat.com\/blog\/photoblog\/2016\/04\/canons_Forte_do_Castelo_belem_bresil-768x576.jpg 768w, https:\/\/www.tetedechat.com\/blog\/photoblog\/2016\/04\/canons_Forte_do_Castelo_belem_bresil-250x188.jpg 250w\" sizes=\"auto, (max-width: 800px) 100vw, 800px\" \/><\/a><\/p>\n<p><a href=\"http:\/\/www.tetedechat.com\/blog\/photoblog\/2016\/04\/canons_Fort_do_Castelo_belem_bresil.jpg\" rel=\"attachment wp-att-22385\"><img loading=\"lazy\" decoding=\"async\" class=\"alignnone size-full wp-image-22385\" src=\"http:\/\/www.tetedechat.com\/blog\/photoblog\/2016\/04\/canons_Fort_do_Castelo_belem_bresil.jpg\" alt=\"\" width=\"800\" height=\"600\" srcset=\"https:\/\/www.tetedechat.com\/blog\/photoblog\/2016\/04\/canons_Fort_do_Castelo_belem_bresil.jpg 800w, https:\/\/www.tetedechat.com\/blog\/photoblog\/2016\/04\/canons_Fort_do_Castelo_belem_bresil-300x225.jpg 300w, https:\/\/www.tetedechat.com\/blog\/photoblog\/2016\/04\/canons_Fort_do_Castelo_belem_bresil-768x576.jpg 768w, https:\/\/www.tetedechat.com\/blog\/photoblog\/2016\/04\/canons_Fort_do_Castelo_belem_bresil-250x188.jpg 250w\" sizes=\"auto, (max-width: 800px) 100vw, 800px\" \/><\/a><\/p>\n<p><a href=\"http:\/\/www.tetedechat.com\/blog\/photoblog\/2016\/04\/batiment_belem_bresil.jpg\" rel=\"attachment wp-att-22384\"><img loading=\"lazy\" decoding=\"async\" class=\"alignnone size-full wp-image-22384\" src=\"http:\/\/www.tetedechat.com\/blog\/photoblog\/2016\/04\/batiment_belem_bresil.jpg\" alt=\"\" width=\"800\" height=\"600\" srcset=\"https:\/\/www.tetedechat.com\/blog\/photoblog\/2016\/04\/batiment_belem_bresil.jpg 800w, https:\/\/www.tetedechat.com\/blog\/photoblog\/2016\/04\/batiment_belem_bresil-300x225.jpg 300w, https:\/\/www.tetedechat.com\/blog\/photoblog\/2016\/04\/batiment_belem_bresil-768x576.jpg 768w, https:\/\/www.tetedechat.com\/blog\/photoblog\/2016\/04\/batiment_belem_bresil-250x188.jpg 250w\" sizes=\"auto, (max-width: 800px) 100vw, 800px\" \/><\/a><\/p>\n<p>Et le port :<\/p>\n<p><a href=\"http:\/\/www.tetedechat.com\/blog\/photoblog\/2016\/04\/port_belem_bresil.jpg\" rel=\"attachment wp-att-22431\"><img loading=\"lazy\" decoding=\"async\" class=\"alignnone size-full wp-image-22431\" src=\"http:\/\/www.tetedechat.com\/blog\/photoblog\/2016\/04\/port_belem_bresil.jpg\" alt=\"\" width=\"800\" height=\"600\" srcset=\"https:\/\/www.tetedechat.com\/blog\/photoblog\/2016\/04\/port_belem_bresil.jpg 800w, https:\/\/www.tetedechat.com\/blog\/photoblog\/2016\/04\/port_belem_bresil-300x225.jpg 300w, https:\/\/www.tetedechat.com\/blog\/photoblog\/2016\/04\/port_belem_bresil-768x576.jpg 768w, https:\/\/www.tetedechat.com\/blog\/photoblog\/2016\/04\/port_belem_bresil-250x188.jpg 250w\" sizes=\"auto, (max-width: 800px) 100vw, 800px\" \/><\/a><\/p>\n<p><a href=\"http:\/\/www.tetedechat.com\/blog\/photoblog\/2016\/04\/port_bateaux_belem_bresil.jpg\" rel=\"attachment wp-att-22430\"><img loading=\"lazy\" decoding=\"async\" class=\"alignnone size-full wp-image-22430\" src=\"http:\/\/www.tetedechat.com\/blog\/photoblog\/2016\/04\/port_bateaux_belem_bresil.jpg\" alt=\"\" width=\"800\" height=\"600\" srcset=\"https:\/\/www.tetedechat.com\/blog\/photoblog\/2016\/04\/port_bateaux_belem_bresil.jpg 800w, https:\/\/www.tetedechat.com\/blog\/photoblog\/2016\/04\/port_bateaux_belem_bresil-300x225.jpg 300w, https:\/\/www.tetedechat.com\/blog\/photoblog\/2016\/04\/port_bateaux_belem_bresil-768x576.jpg 768w, https:\/\/www.tetedechat.com\/blog\/photoblog\/2016\/04\/port_bateaux_belem_bresil-250x188.jpg 250w\" sizes=\"auto, (max-width: 800px) 100vw, 800px\" \/><\/a><\/p>\n<p><a href=\"http:\/\/www.tetedechat.com\/blog\/photoblog\/2016\/04\/marche_Ver_o_Rio_port_belem_bresil.jpg\" rel=\"attachment wp-att-22427\"><img loading=\"lazy\" decoding=\"async\" class=\"alignnone size-full wp-image-22427\" src=\"http:\/\/www.tetedechat.com\/blog\/photoblog\/2016\/04\/marche_Ver_o_Rio_port_belem_bresil.jpg\" alt=\"\" width=\"800\" height=\"600\" srcset=\"https:\/\/www.tetedechat.com\/blog\/photoblog\/2016\/04\/marche_Ver_o_Rio_port_belem_bresil.jpg 800w, https:\/\/www.tetedechat.com\/blog\/photoblog\/2016\/04\/marche_Ver_o_Rio_port_belem_bresil-300x225.jpg 300w, https:\/\/www.tetedechat.com\/blog\/photoblog\/2016\/04\/marche_Ver_o_Rio_port_belem_bresil-768x576.jpg 768w, https:\/\/www.tetedechat.com\/blog\/photoblog\/2016\/04\/marche_Ver_o_Rio_port_belem_bresil-250x188.jpg 250w\" sizes=\"auto, (max-width: 800px) 100vw, 800px\" \/><\/a><\/p>\n<p><a href=\"http:\/\/www.tetedechat.com\/blog\/photoblog\/2016\/04\/bateaux_port_belem_bresil.jpg\" rel=\"attachment wp-att-22383\"><img loading=\"lazy\" decoding=\"async\" class=\"alignnone size-full wp-image-22383\" src=\"http:\/\/www.tetedechat.com\/blog\/photoblog\/2016\/04\/bateaux_port_belem_bresil.jpg\" alt=\"\" width=\"800\" height=\"600\" srcset=\"https:\/\/www.tetedechat.com\/blog\/photoblog\/2016\/04\/bateaux_port_belem_bresil.jpg 800w, https:\/\/www.tetedechat.com\/blog\/photoblog\/2016\/04\/bateaux_port_belem_bresil-300x225.jpg 300w, https:\/\/www.tetedechat.com\/blog\/photoblog\/2016\/04\/bateaux_port_belem_bresil-768x576.jpg 768w, https:\/\/www.tetedechat.com\/blog\/photoblog\/2016\/04\/bateaux_port_belem_bresil-250x188.jpg 250w\" sizes=\"auto, (max-width: 800px) 100vw, 800px\" \/><\/a><\/p>\n<p>C&rsquo;est \u00e0 Bel\u00e9m que j&rsquo;ai mang\u00e9 une des meilleure <a href=\"http:\/\/www.tetedechat.com\/blog\/index.php\/acai-quand-tu-nous-tiens\/\" target=\"_blank\">a\u00e7a\u00ed<\/a> du pays, mais ce qui m&rsquo;a le plus marqu\u00e9 ce sont les animaux, et en pleine ville !<\/p>\n<p><a href=\"http:\/\/www.tetedechat.com\/blog\/photoblog\/2016\/04\/vautours_port_belem_bresil.jpg\" rel=\"attachment wp-att-22445\"><img loading=\"lazy\" decoding=\"async\" class=\"alignnone size-full wp-image-22445\" src=\"http:\/\/www.tetedechat.com\/blog\/photoblog\/2016\/04\/vautours_port_belem_bresil.jpg\" alt=\"\" width=\"800\" height=\"600\" srcset=\"https:\/\/www.tetedechat.com\/blog\/photoblog\/2016\/04\/vautours_port_belem_bresil.jpg 800w, https:\/\/www.tetedechat.com\/blog\/photoblog\/2016\/04\/vautours_port_belem_bresil-300x225.jpg 300w, https:\/\/www.tetedechat.com\/blog\/photoblog\/2016\/04\/vautours_port_belem_bresil-768x576.jpg 768w, https:\/\/www.tetedechat.com\/blog\/photoblog\/2016\/04\/vautours_port_belem_bresil-250x188.jpg 250w\" sizes=\"auto, (max-width: 800px) 100vw, 800px\" \/><\/a><\/p>\n<p>Par exemple les vautours qui sont l\u00e9gion sur le port :<\/p>\n<p><a href=\"http:\/\/www.tetedechat.com\/blog\/photoblog\/2016\/04\/vautours_port_belem_bresil_3.jpg\" rel=\"attachment wp-att-22444\"><img loading=\"lazy\" decoding=\"async\" class=\"alignnone size-full wp-image-22444\" src=\"http:\/\/www.tetedechat.com\/blog\/photoblog\/2016\/04\/vautours_port_belem_bresil_3.jpg\" alt=\"\" width=\"800\" height=\"600\" srcset=\"https:\/\/www.tetedechat.com\/blog\/photoblog\/2016\/04\/vautours_port_belem_bresil_3.jpg 800w, https:\/\/www.tetedechat.com\/blog\/photoblog\/2016\/04\/vautours_port_belem_bresil_3-300x225.jpg 300w, https:\/\/www.tetedechat.com\/blog\/photoblog\/2016\/04\/vautours_port_belem_bresil_3-768x576.jpg 768w, https:\/\/www.tetedechat.com\/blog\/photoblog\/2016\/04\/vautours_port_belem_bresil_3-250x188.jpg 250w\" sizes=\"auto, (max-width: 800px) 100vw, 800px\" \/><\/a><\/p>\n<p><a href=\"http:\/\/www.tetedechat.com\/blog\/photoblog\/2016\/04\/vautours_port_belem_bresil_2.jpg\" rel=\"attachment wp-att-22443\"><img loading=\"lazy\" decoding=\"async\" class=\"alignnone size-full wp-image-22443\" src=\"http:\/\/www.tetedechat.com\/blog\/photoblog\/2016\/04\/vautours_port_belem_bresil_2.jpg\" alt=\"\" width=\"800\" height=\"600\" srcset=\"https:\/\/www.tetedechat.com\/blog\/photoblog\/2016\/04\/vautours_port_belem_bresil_2.jpg 800w, https:\/\/www.tetedechat.com\/blog\/photoblog\/2016\/04\/vautours_port_belem_bresil_2-300x225.jpg 300w, https:\/\/www.tetedechat.com\/blog\/photoblog\/2016\/04\/vautours_port_belem_bresil_2-768x576.jpg 768w, https:\/\/www.tetedechat.com\/blog\/photoblog\/2016\/04\/vautours_port_belem_bresil_2-250x188.jpg 250w\" sizes=\"auto, (max-width: 800px) 100vw, 800px\" \/><\/a><\/p>\n<p><a href=\"http:\/\/www.tetedechat.com\/blog\/photoblog\/2016\/04\/vautour_port_belem_bresil.jpg\" rel=\"attachment wp-att-22442\"><img loading=\"lazy\" decoding=\"async\" class=\"alignnone size-full wp-image-22442\" src=\"http:\/\/www.tetedechat.com\/blog\/photoblog\/2016\/04\/vautour_port_belem_bresil.jpg\" alt=\"\" width=\"800\" height=\"600\" srcset=\"https:\/\/www.tetedechat.com\/blog\/photoblog\/2016\/04\/vautour_port_belem_bresil.jpg 800w, https:\/\/www.tetedechat.com\/blog\/photoblog\/2016\/04\/vautour_port_belem_bresil-300x225.jpg 300w, https:\/\/www.tetedechat.com\/blog\/photoblog\/2016\/04\/vautour_port_belem_bresil-768x576.jpg 768w, https:\/\/www.tetedechat.com\/blog\/photoblog\/2016\/04\/vautour_port_belem_bresil-250x188.jpg 250w\" sizes=\"auto, (max-width: 800px) 100vw, 800px\" \/><\/a><\/p>\n<p><a href=\"http:\/\/www.tetedechat.com\/blog\/photoblog\/2016\/04\/vautour_port_belem_bresil_3.jpg\" rel=\"attachment wp-att-22441\"><img loading=\"lazy\" decoding=\"async\" class=\"alignnone size-full wp-image-22441\" src=\"http:\/\/www.tetedechat.com\/blog\/photoblog\/2016\/04\/vautour_port_belem_bresil_3.jpg\" alt=\"\" width=\"800\" height=\"600\" srcset=\"https:\/\/www.tetedechat.com\/blog\/photoblog\/2016\/04\/vautour_port_belem_bresil_3.jpg 800w, https:\/\/www.tetedechat.com\/blog\/photoblog\/2016\/04\/vautour_port_belem_bresil_3-300x225.jpg 300w, https:\/\/www.tetedechat.com\/blog\/photoblog\/2016\/04\/vautour_port_belem_bresil_3-768x576.jpg 768w, https:\/\/www.tetedechat.com\/blog\/photoblog\/2016\/04\/vautour_port_belem_bresil_3-250x188.jpg 250w\" sizes=\"auto, (max-width: 800px) 100vw, 800px\" \/><\/a><\/p>\n<p>Vous les voyez l\u00e0 haut sur le toit ?<\/p>\n<p><a href=\"http:\/\/www.tetedechat.com\/blog\/photoblog\/2016\/04\/vautours_toit_belem_bresil.jpg\" rel=\"attachment wp-att-22446\"><img loading=\"lazy\" decoding=\"async\" class=\"alignnone size-full wp-image-22446\" src=\"http:\/\/www.tetedechat.com\/blog\/photoblog\/2016\/04\/vautours_toit_belem_bresil.jpg\" alt=\"\" width=\"800\" height=\"600\" srcset=\"https:\/\/www.tetedechat.com\/blog\/photoblog\/2016\/04\/vautours_toit_belem_bresil.jpg 800w, https:\/\/www.tetedechat.com\/blog\/photoblog\/2016\/04\/vautours_toit_belem_bresil-300x225.jpg 300w, https:\/\/www.tetedechat.com\/blog\/photoblog\/2016\/04\/vautours_toit_belem_bresil-768x576.jpg 768w, https:\/\/www.tetedechat.com\/blog\/photoblog\/2016\/04\/vautours_toit_belem_bresil-250x188.jpg 250w\" sizes=\"auto, (max-width: 800px) 100vw, 800px\" \/><\/a><\/p>\n<p>Mais pas que, il suffit d&rsquo;aller au jardin\/parc de la ville \u00ab\u00a0Mangal das Gar\u00e7as\u00a0\u00bb (gratuit) pour observer une ribambelle d&rsquo;animaux uniques<\/p>\n<p><a href=\"http:\/\/www.tetedechat.com\/blog\/photoblog\/2016\/04\/hangar_parc_Mangal_das_Garcas_belem_bresil.jpg\" rel=\"attachment wp-att-22415\"><img loading=\"lazy\" decoding=\"async\" class=\"alignnone size-full wp-image-22415\" src=\"http:\/\/www.tetedechat.com\/blog\/photoblog\/2016\/04\/hangar_parc_Mangal_das_Garcas_belem_bresil.jpg\" alt=\"\" width=\"800\" height=\"600\" srcset=\"https:\/\/www.tetedechat.com\/blog\/photoblog\/2016\/04\/hangar_parc_Mangal_das_Garcas_belem_bresil.jpg 800w, https:\/\/www.tetedechat.com\/blog\/photoblog\/2016\/04\/hangar_parc_Mangal_das_Garcas_belem_bresil-300x225.jpg 300w, https:\/\/www.tetedechat.com\/blog\/photoblog\/2016\/04\/hangar_parc_Mangal_das_Garcas_belem_bresil-768x576.jpg 768w, https:\/\/www.tetedechat.com\/blog\/photoblog\/2016\/04\/hangar_parc_Mangal_das_Garcas_belem_bresil-250x188.jpg 250w\" sizes=\"auto, (max-width: 800px) 100vw, 800px\" \/><\/a><\/p>\n<p>Tortues g\u00e9antes, iguanes, ibis rouges, h\u00e9rons, aigrettes, filaments roses, et j&rsquo;en passe<\/p>\n<p><a href=\"http:\/\/www.tetedechat.com\/blog\/photoblog\/2016\/04\/tortues_parc_Mangal_das_Garcas_belem_bresil.jpg\" rel=\"attachment wp-att-22440\"><img loading=\"lazy\" decoding=\"async\" class=\"alignnone size-full wp-image-22440\" src=\"http:\/\/www.tetedechat.com\/blog\/photoblog\/2016\/04\/tortues_parc_Mangal_das_Garcas_belem_bresil.jpg\" alt=\"\" width=\"800\" height=\"600\" srcset=\"https:\/\/www.tetedechat.com\/blog\/photoblog\/2016\/04\/tortues_parc_Mangal_das_Garcas_belem_bresil.jpg 800w, https:\/\/www.tetedechat.com\/blog\/photoblog\/2016\/04\/tortues_parc_Mangal_das_Garcas_belem_bresil-300x225.jpg 300w, https:\/\/www.tetedechat.com\/blog\/photoblog\/2016\/04\/tortues_parc_Mangal_das_Garcas_belem_bresil-768x576.jpg 768w, https:\/\/www.tetedechat.com\/blog\/photoblog\/2016\/04\/tortues_parc_Mangal_das_Garcas_belem_bresil-250x188.jpg 250w\" sizes=\"auto, (max-width: 800px) 100vw, 800px\" \/><\/a><\/p>\n<p><a href=\"http:\/\/www.tetedechat.com\/blog\/photoblog\/2016\/04\/tortues_parc_Mangal_das_Garcas_belem_bresil_2.jpg\" rel=\"attachment wp-att-22439\"><img loading=\"lazy\" decoding=\"async\" class=\"alignnone size-full wp-image-22439\" src=\"http:\/\/www.tetedechat.com\/blog\/photoblog\/2016\/04\/tortues_parc_Mangal_das_Garcas_belem_bresil_2.jpg\" alt=\"\" width=\"800\" height=\"600\" srcset=\"https:\/\/www.tetedechat.com\/blog\/photoblog\/2016\/04\/tortues_parc_Mangal_das_Garcas_belem_bresil_2.jpg 800w, https:\/\/www.tetedechat.com\/blog\/photoblog\/2016\/04\/tortues_parc_Mangal_das_Garcas_belem_bresil_2-300x225.jpg 300w, https:\/\/www.tetedechat.com\/blog\/photoblog\/2016\/04\/tortues_parc_Mangal_das_Garcas_belem_bresil_2-768x576.jpg 768w, https:\/\/www.tetedechat.com\/blog\/photoblog\/2016\/04\/tortues_parc_Mangal_das_Garcas_belem_bresil_2-250x188.jpg 250w\" sizes=\"auto, (max-width: 800px) 100vw, 800px\" \/><\/a><\/p>\n<p><a href=\"http:\/\/www.tetedechat.com\/blog\/photoblog\/2016\/04\/tortue_parc_Mangal_das_Garcas_belem_bresil.jpg\" rel=\"attachment wp-att-22438\"><img loading=\"lazy\" decoding=\"async\" class=\"alignnone size-full wp-image-22438\" src=\"http:\/\/www.tetedechat.com\/blog\/photoblog\/2016\/04\/tortue_parc_Mangal_das_Garcas_belem_bresil.jpg\" alt=\"\" width=\"800\" height=\"600\" srcset=\"https:\/\/www.tetedechat.com\/blog\/photoblog\/2016\/04\/tortue_parc_Mangal_das_Garcas_belem_bresil.jpg 800w, https:\/\/www.tetedechat.com\/blog\/photoblog\/2016\/04\/tortue_parc_Mangal_das_Garcas_belem_bresil-300x225.jpg 300w, https:\/\/www.tetedechat.com\/blog\/photoblog\/2016\/04\/tortue_parc_Mangal_das_Garcas_belem_bresil-768x576.jpg 768w, https:\/\/www.tetedechat.com\/blog\/photoblog\/2016\/04\/tortue_parc_Mangal_das_Garcas_belem_bresil-250x188.jpg 250w\" sizes=\"auto, (max-width: 800px) 100vw, 800px\" \/><\/a><\/p>\n<p><a href=\"http:\/\/www.tetedechat.com\/blog\/photoblog\/2016\/04\/tortue_parc_Mangal_das_Garcas_belem_bresil_4.jpg\" rel=\"attachment wp-att-22437\"><img loading=\"lazy\" decoding=\"async\" class=\"alignnone size-full wp-image-22437\" src=\"http:\/\/www.tetedechat.com\/blog\/photoblog\/2016\/04\/tortue_parc_Mangal_das_Garcas_belem_bresil_4.jpg\" alt=\"\" width=\"800\" height=\"600\" srcset=\"https:\/\/www.tetedechat.com\/blog\/photoblog\/2016\/04\/tortue_parc_Mangal_das_Garcas_belem_bresil_4.jpg 800w, https:\/\/www.tetedechat.com\/blog\/photoblog\/2016\/04\/tortue_parc_Mangal_das_Garcas_belem_bresil_4-300x225.jpg 300w, https:\/\/www.tetedechat.com\/blog\/photoblog\/2016\/04\/tortue_parc_Mangal_das_Garcas_belem_bresil_4-768x576.jpg 768w, https:\/\/www.tetedechat.com\/blog\/photoblog\/2016\/04\/tortue_parc_Mangal_das_Garcas_belem_bresil_4-250x188.jpg 250w\" sizes=\"auto, (max-width: 800px) 100vw, 800px\" \/><\/a><\/p>\n<p><a href=\"http:\/\/www.tetedechat.com\/blog\/photoblog\/2016\/04\/tortue_parc_Mangal_das_Garcas_belem_bresil_3.jpg\" rel=\"attachment wp-att-22436\"><img loading=\"lazy\" decoding=\"async\" class=\"alignnone size-full wp-image-22436\" src=\"http:\/\/www.tetedechat.com\/blog\/photoblog\/2016\/04\/tortue_parc_Mangal_das_Garcas_belem_bresil_3.jpg\" alt=\"\" width=\"800\" height=\"600\" srcset=\"https:\/\/www.tetedechat.com\/blog\/photoblog\/2016\/04\/tortue_parc_Mangal_das_Garcas_belem_bresil_3.jpg 800w, https:\/\/www.tetedechat.com\/blog\/photoblog\/2016\/04\/tortue_parc_Mangal_das_Garcas_belem_bresil_3-300x225.jpg 300w, https:\/\/www.tetedechat.com\/blog\/photoblog\/2016\/04\/tortue_parc_Mangal_das_Garcas_belem_bresil_3-768x576.jpg 768w, https:\/\/www.tetedechat.com\/blog\/photoblog\/2016\/04\/tortue_parc_Mangal_das_Garcas_belem_bresil_3-250x188.jpg 250w\" sizes=\"auto, (max-width: 800px) 100vw, 800px\" \/><\/a><\/p>\n<p><a href=\"http:\/\/www.tetedechat.com\/blog\/photoblog\/2016\/04\/tortue_parc_Mangal_das_Garcas_belem_bresil_2.jpg\" rel=\"attachment wp-att-22435\"><img loading=\"lazy\" decoding=\"async\" class=\"alignnone size-full wp-image-22435\" src=\"http:\/\/www.tetedechat.com\/blog\/photoblog\/2016\/04\/tortue_parc_Mangal_das_Garcas_belem_bresil_2.jpg\" alt=\"\" width=\"800\" height=\"600\" srcset=\"https:\/\/www.tetedechat.com\/blog\/photoblog\/2016\/04\/tortue_parc_Mangal_das_Garcas_belem_bresil_2.jpg 800w, https:\/\/www.tetedechat.com\/blog\/photoblog\/2016\/04\/tortue_parc_Mangal_das_Garcas_belem_bresil_2-300x225.jpg 300w, https:\/\/www.tetedechat.com\/blog\/photoblog\/2016\/04\/tortue_parc_Mangal_das_Garcas_belem_bresil_2-768x576.jpg 768w, https:\/\/www.tetedechat.com\/blog\/photoblog\/2016\/04\/tortue_parc_Mangal_das_Garcas_belem_bresil_2-250x188.jpg 250w\" sizes=\"auto, (max-width: 800px) 100vw, 800px\" \/><\/a><\/p>\n<p><a href=\"http:\/\/www.tetedechat.com\/blog\/photoblog\/2016\/04\/iris_rougesgrandes_aigrettes_parc_Mangal_das_Garcas_belem_bresil.jpg\" rel=\"attachment wp-att-22424\"><img loading=\"lazy\" decoding=\"async\" class=\"alignnone size-full wp-image-22424\" src=\"http:\/\/www.tetedechat.com\/blog\/photoblog\/2016\/04\/iris_rougesgrandes_aigrettes_parc_Mangal_das_Garcas_belem_bresil.jpg\" alt=\"\" width=\"800\" height=\"600\" srcset=\"https:\/\/www.tetedechat.com\/blog\/photoblog\/2016\/04\/iris_rougesgrandes_aigrettes_parc_Mangal_das_Garcas_belem_bresil.jpg 800w, https:\/\/www.tetedechat.com\/blog\/photoblog\/2016\/04\/iris_rougesgrandes_aigrettes_parc_Mangal_das_Garcas_belem_bresil-300x225.jpg 300w, https:\/\/www.tetedechat.com\/blog\/photoblog\/2016\/04\/iris_rougesgrandes_aigrettes_parc_Mangal_das_Garcas_belem_bresil-768x576.jpg 768w, https:\/\/www.tetedechat.com\/blog\/photoblog\/2016\/04\/iris_rougesgrandes_aigrettes_parc_Mangal_das_Garcas_belem_bresil-250x188.jpg 250w\" sizes=\"auto, (max-width: 800px) 100vw, 800px\" \/><\/a><\/p>\n<p><a href=\"http:\/\/www.tetedechat.com\/blog\/photoblog\/2016\/04\/iguane_parc_Mangal_das_Garcas_belem_bresil.jpg\" rel=\"attachment wp-att-22423\"><img loading=\"lazy\" decoding=\"async\" class=\"alignnone size-full wp-image-22423\" src=\"http:\/\/www.tetedechat.com\/blog\/photoblog\/2016\/04\/iguane_parc_Mangal_das_Garcas_belem_bresil.jpg\" alt=\"\" width=\"800\" height=\"600\" srcset=\"https:\/\/www.tetedechat.com\/blog\/photoblog\/2016\/04\/iguane_parc_Mangal_das_Garcas_belem_bresil.jpg 800w, https:\/\/www.tetedechat.com\/blog\/photoblog\/2016\/04\/iguane_parc_Mangal_das_Garcas_belem_bresil-300x225.jpg 300w, https:\/\/www.tetedechat.com\/blog\/photoblog\/2016\/04\/iguane_parc_Mangal_das_Garcas_belem_bresil-768x576.jpg 768w, https:\/\/www.tetedechat.com\/blog\/photoblog\/2016\/04\/iguane_parc_Mangal_das_Garcas_belem_bresil-250x188.jpg 250w\" sizes=\"auto, (max-width: 800px) 100vw, 800px\" \/><\/a><\/p>\n<p><a href=\"http:\/\/www.tetedechat.com\/blog\/photoblog\/2016\/04\/iguane_parc_Mangal_das_Garcas_belem_bresil_2.jpg\" rel=\"attachment wp-att-22422\"><img loading=\"lazy\" decoding=\"async\" class=\"alignnone size-full wp-image-22422\" src=\"http:\/\/www.tetedechat.com\/blog\/photoblog\/2016\/04\/iguane_parc_Mangal_das_Garcas_belem_bresil_2.jpg\" alt=\"\" width=\"800\" height=\"600\" srcset=\"https:\/\/www.tetedechat.com\/blog\/photoblog\/2016\/04\/iguane_parc_Mangal_das_Garcas_belem_bresil_2.jpg 800w, https:\/\/www.tetedechat.com\/blog\/photoblog\/2016\/04\/iguane_parc_Mangal_das_Garcas_belem_bresil_2-300x225.jpg 300w, https:\/\/www.tetedechat.com\/blog\/photoblog\/2016\/04\/iguane_parc_Mangal_das_Garcas_belem_bresil_2-768x576.jpg 768w, https:\/\/www.tetedechat.com\/blog\/photoblog\/2016\/04\/iguane_parc_Mangal_das_Garcas_belem_bresil_2-250x188.jpg 250w\" sizes=\"auto, (max-width: 800px) 100vw, 800px\" \/><\/a><\/p>\n<p><a href=\"http:\/\/www.tetedechat.com\/blog\/photoblog\/2016\/04\/ibis_rouges_parc_Mangal_das_Garcas_belem_bresil.jpg\" rel=\"attachment wp-att-22421\"><img loading=\"lazy\" decoding=\"async\" class=\"alignnone size-full wp-image-22421\" src=\"http:\/\/www.tetedechat.com\/blog\/photoblog\/2016\/04\/ibis_rouges_parc_Mangal_das_Garcas_belem_bresil.jpg\" alt=\"\" width=\"800\" height=\"600\" srcset=\"https:\/\/www.tetedechat.com\/blog\/photoblog\/2016\/04\/ibis_rouges_parc_Mangal_das_Garcas_belem_bresil.jpg 800w, https:\/\/www.tetedechat.com\/blog\/photoblog\/2016\/04\/ibis_rouges_parc_Mangal_das_Garcas_belem_bresil-300x225.jpg 300w, https:\/\/www.tetedechat.com\/blog\/photoblog\/2016\/04\/ibis_rouges_parc_Mangal_das_Garcas_belem_bresil-768x576.jpg 768w, https:\/\/www.tetedechat.com\/blog\/photoblog\/2016\/04\/ibis_rouges_parc_Mangal_das_Garcas_belem_bresil-250x188.jpg 250w\" sizes=\"auto, (max-width: 800px) 100vw, 800px\" \/><\/a><\/p>\n<p>Pas de cages, pas d\u2019enclos, mais ils sont bien, alors ils restent.<\/p>\n<p><a href=\"http:\/\/www.tetedechat.com\/blog\/photoblog\/2016\/04\/ibis_rouges_parc_Mangal_das_Garcas_belem_bresil_5.jpg\" rel=\"attachment wp-att-22420\"><img loading=\"lazy\" decoding=\"async\" class=\"alignnone size-full wp-image-22420\" src=\"http:\/\/www.tetedechat.com\/blog\/photoblog\/2016\/04\/ibis_rouges_parc_Mangal_das_Garcas_belem_bresil_5.jpg\" alt=\"\" width=\"800\" height=\"600\" srcset=\"https:\/\/www.tetedechat.com\/blog\/photoblog\/2016\/04\/ibis_rouges_parc_Mangal_das_Garcas_belem_bresil_5.jpg 800w, https:\/\/www.tetedechat.com\/blog\/photoblog\/2016\/04\/ibis_rouges_parc_Mangal_das_Garcas_belem_bresil_5-300x225.jpg 300w, https:\/\/www.tetedechat.com\/blog\/photoblog\/2016\/04\/ibis_rouges_parc_Mangal_das_Garcas_belem_bresil_5-768x576.jpg 768w, https:\/\/www.tetedechat.com\/blog\/photoblog\/2016\/04\/ibis_rouges_parc_Mangal_das_Garcas_belem_bresil_5-250x188.jpg 250w\" sizes=\"auto, (max-width: 800px) 100vw, 800px\" \/><\/a><\/p>\n<p><a href=\"http:\/\/www.tetedechat.com\/blog\/photoblog\/2016\/04\/ibis_rouges_parc_Mangal_das_Garcas_belem_bresil_4.jpg\" rel=\"attachment wp-att-22419\"><img loading=\"lazy\" decoding=\"async\" class=\"alignnone size-full wp-image-22419\" src=\"http:\/\/www.tetedechat.com\/blog\/photoblog\/2016\/04\/ibis_rouges_parc_Mangal_das_Garcas_belem_bresil_4.jpg\" alt=\"\" width=\"800\" height=\"600\" srcset=\"https:\/\/www.tetedechat.com\/blog\/photoblog\/2016\/04\/ibis_rouges_parc_Mangal_das_Garcas_belem_bresil_4.jpg 800w, https:\/\/www.tetedechat.com\/blog\/photoblog\/2016\/04\/ibis_rouges_parc_Mangal_das_Garcas_belem_bresil_4-300x225.jpg 300w, https:\/\/www.tetedechat.com\/blog\/photoblog\/2016\/04\/ibis_rouges_parc_Mangal_das_Garcas_belem_bresil_4-768x576.jpg 768w, https:\/\/www.tetedechat.com\/blog\/photoblog\/2016\/04\/ibis_rouges_parc_Mangal_das_Garcas_belem_bresil_4-250x188.jpg 250w\" sizes=\"auto, (max-width: 800px) 100vw, 800px\" \/><\/a><\/p>\n<p><a href=\"http:\/\/www.tetedechat.com\/blog\/photoblog\/2016\/04\/ibis_rouges_parc_Mangal_das_Garcas_belem_bresil_3.jpg\" rel=\"attachment wp-att-22418\"><img loading=\"lazy\" decoding=\"async\" class=\"alignnone size-full wp-image-22418\" src=\"http:\/\/www.tetedechat.com\/blog\/photoblog\/2016\/04\/ibis_rouges_parc_Mangal_das_Garcas_belem_bresil_3.jpg\" alt=\"\" width=\"800\" height=\"437\" srcset=\"https:\/\/www.tetedechat.com\/blog\/photoblog\/2016\/04\/ibis_rouges_parc_Mangal_das_Garcas_belem_bresil_3.jpg 800w, https:\/\/www.tetedechat.com\/blog\/photoblog\/2016\/04\/ibis_rouges_parc_Mangal_das_Garcas_belem_bresil_3-300x164.jpg 300w, https:\/\/www.tetedechat.com\/blog\/photoblog\/2016\/04\/ibis_rouges_parc_Mangal_das_Garcas_belem_bresil_3-768x420.jpg 768w, https:\/\/www.tetedechat.com\/blog\/photoblog\/2016\/04\/ibis_rouges_parc_Mangal_das_Garcas_belem_bresil_3-250x137.jpg 250w\" sizes=\"auto, (max-width: 800px) 100vw, 800px\" \/><\/a><\/p>\n<p><a href=\"http:\/\/www.tetedechat.com\/blog\/photoblog\/2016\/04\/ibis_rouges_parc_Mangal_das_Garcas_belem_bresil_2.jpg\" rel=\"attachment wp-att-22417\"><img loading=\"lazy\" decoding=\"async\" class=\"alignnone size-full wp-image-22417\" src=\"http:\/\/www.tetedechat.com\/blog\/photoblog\/2016\/04\/ibis_rouges_parc_Mangal_das_Garcas_belem_bresil_2.jpg\" alt=\"\" width=\"800\" height=\"600\" srcset=\"https:\/\/www.tetedechat.com\/blog\/photoblog\/2016\/04\/ibis_rouges_parc_Mangal_das_Garcas_belem_bresil_2.jpg 800w, https:\/\/www.tetedechat.com\/blog\/photoblog\/2016\/04\/ibis_rouges_parc_Mangal_das_Garcas_belem_bresil_2-300x225.jpg 300w, https:\/\/www.tetedechat.com\/blog\/photoblog\/2016\/04\/ibis_rouges_parc_Mangal_das_Garcas_belem_bresil_2-768x576.jpg 768w, https:\/\/www.tetedechat.com\/blog\/photoblog\/2016\/04\/ibis_rouges_parc_Mangal_das_Garcas_belem_bresil_2-250x188.jpg 250w\" sizes=\"auto, (max-width: 800px) 100vw, 800px\" \/><\/a><\/p>\n<p><a href=\"http:\/\/www.tetedechat.com\/blog\/photoblog\/2016\/04\/grandes_aigrettes_parc_Mangal_das_Garcas_belem_bresil.jpg\" rel=\"attachment wp-att-22414\"><img loading=\"lazy\" decoding=\"async\" class=\"alignnone size-full wp-image-22414\" src=\"http:\/\/www.tetedechat.com\/blog\/photoblog\/2016\/04\/grandes_aigrettes_parc_Mangal_das_Garcas_belem_bresil.jpg\" alt=\"\" width=\"800\" height=\"600\" srcset=\"https:\/\/www.tetedechat.com\/blog\/photoblog\/2016\/04\/grandes_aigrettes_parc_Mangal_das_Garcas_belem_bresil.jpg 800w, https:\/\/www.tetedechat.com\/blog\/photoblog\/2016\/04\/grandes_aigrettes_parc_Mangal_das_Garcas_belem_bresil-300x225.jpg 300w, https:\/\/www.tetedechat.com\/blog\/photoblog\/2016\/04\/grandes_aigrettes_parc_Mangal_das_Garcas_belem_bresil-768x576.jpg 768w, https:\/\/www.tetedechat.com\/blog\/photoblog\/2016\/04\/grandes_aigrettes_parc_Mangal_das_Garcas_belem_bresil-250x188.jpg 250w\" sizes=\"auto, (max-width: 800px) 100vw, 800px\" \/><\/a><\/p>\n<p><a href=\"http:\/\/www.tetedechat.com\/blog\/photoblog\/2016\/04\/grandes_aigrettes_parc_Mangal_das_Garcas_belem_bresil_2.jpg\" rel=\"attachment wp-att-22413\"><img loading=\"lazy\" decoding=\"async\" class=\"alignnone size-full wp-image-22413\" src=\"http:\/\/www.tetedechat.com\/blog\/photoblog\/2016\/04\/grandes_aigrettes_parc_Mangal_das_Garcas_belem_bresil_2.jpg\" alt=\"\" width=\"800\" height=\"600\" srcset=\"https:\/\/www.tetedechat.com\/blog\/photoblog\/2016\/04\/grandes_aigrettes_parc_Mangal_das_Garcas_belem_bresil_2.jpg 800w, https:\/\/www.tetedechat.com\/blog\/photoblog\/2016\/04\/grandes_aigrettes_parc_Mangal_das_Garcas_belem_bresil_2-300x225.jpg 300w, https:\/\/www.tetedechat.com\/blog\/photoblog\/2016\/04\/grandes_aigrettes_parc_Mangal_das_Garcas_belem_bresil_2-768x576.jpg 768w, https:\/\/www.tetedechat.com\/blog\/photoblog\/2016\/04\/grandes_aigrettes_parc_Mangal_das_Garcas_belem_bresil_2-250x188.jpg 250w\" sizes=\"auto, (max-width: 800px) 100vw, 800px\" \/><\/a><\/p>\n<p><a href=\"http:\/\/www.tetedechat.com\/blog\/photoblog\/2016\/04\/grande_aigrette_dendrocygne_a_ventre_noir_parc_Mangal_das_Garcas_belem_bresil.jpg\" rel=\"attachment wp-att-22412\"><img loading=\"lazy\" decoding=\"async\" class=\"alignnone size-full wp-image-22412\" src=\"http:\/\/www.tetedechat.com\/blog\/photoblog\/2016\/04\/grande_aigrette_dendrocygne_a_ventre_noir_parc_Mangal_das_Garcas_belem_bresil.jpg\" alt=\"\" width=\"800\" height=\"600\" srcset=\"https:\/\/www.tetedechat.com\/blog\/photoblog\/2016\/04\/grande_aigrette_dendrocygne_a_ventre_noir_parc_Mangal_das_Garcas_belem_bresil.jpg 800w, https:\/\/www.tetedechat.com\/blog\/photoblog\/2016\/04\/grande_aigrette_dendrocygne_a_ventre_noir_parc_Mangal_das_Garcas_belem_bresil-300x225.jpg 300w, https:\/\/www.tetedechat.com\/blog\/photoblog\/2016\/04\/grande_aigrette_dendrocygne_a_ventre_noir_parc_Mangal_das_Garcas_belem_bresil-768x576.jpg 768w, https:\/\/www.tetedechat.com\/blog\/photoblog\/2016\/04\/grande_aigrette_dendrocygne_a_ventre_noir_parc_Mangal_das_Garcas_belem_bresil-250x188.jpg 250w\" sizes=\"auto, (max-width: 800px) 100vw, 800px\" \/><\/a><\/p>\n<p><a href=\"http:\/\/www.tetedechat.com\/blog\/photoblog\/2016\/04\/flamants_roses_parc_Mangal_das_Garcas_belem_bresil.jpg\" rel=\"attachment wp-att-22410\"><img loading=\"lazy\" decoding=\"async\" class=\"alignnone size-full wp-image-22410\" src=\"http:\/\/www.tetedechat.com\/blog\/photoblog\/2016\/04\/flamants_roses_parc_Mangal_das_Garcas_belem_bresil.jpg\" alt=\"\" width=\"800\" height=\"600\" srcset=\"https:\/\/www.tetedechat.com\/blog\/photoblog\/2016\/04\/flamants_roses_parc_Mangal_das_Garcas_belem_bresil.jpg 800w, https:\/\/www.tetedechat.com\/blog\/photoblog\/2016\/04\/flamants_roses_parc_Mangal_das_Garcas_belem_bresil-300x225.jpg 300w, https:\/\/www.tetedechat.com\/blog\/photoblog\/2016\/04\/flamants_roses_parc_Mangal_das_Garcas_belem_bresil-768x576.jpg 768w, https:\/\/www.tetedechat.com\/blog\/photoblog\/2016\/04\/flamants_roses_parc_Mangal_das_Garcas_belem_bresil-250x188.jpg 250w\" sizes=\"auto, (max-width: 800px) 100vw, 800px\" \/><\/a><\/p>\n<p><a href=\"http:\/\/www.tetedechat.com\/blog\/photoblog\/2016\/04\/dendrocygne_a_ventre_noir_parc_Mangal_das_Garcas_belem_bresil_8.jpg\" rel=\"attachment wp-att-22401\"><img loading=\"lazy\" decoding=\"async\" class=\"alignnone size-full wp-image-22401\" src=\"http:\/\/www.tetedechat.com\/blog\/photoblog\/2016\/04\/dendrocygne_a_ventre_noir_parc_Mangal_das_Garcas_belem_bresil_8.jpg\" alt=\"\" width=\"800\" height=\"540\" srcset=\"https:\/\/www.tetedechat.com\/blog\/photoblog\/2016\/04\/dendrocygne_a_ventre_noir_parc_Mangal_das_Garcas_belem_bresil_8.jpg 800w, https:\/\/www.tetedechat.com\/blog\/photoblog\/2016\/04\/dendrocygne_a_ventre_noir_parc_Mangal_das_Garcas_belem_bresil_8-300x203.jpg 300w, https:\/\/www.tetedechat.com\/blog\/photoblog\/2016\/04\/dendrocygne_a_ventre_noir_parc_Mangal_das_Garcas_belem_bresil_8-768x518.jpg 768w, https:\/\/www.tetedechat.com\/blog\/photoblog\/2016\/04\/dendrocygne_a_ventre_noir_parc_Mangal_das_Garcas_belem_bresil_8-250x169.jpg 250w\" sizes=\"auto, (max-width: 800px) 100vw, 800px\" \/><\/a><\/p>\n<p><a href=\"http:\/\/www.tetedechat.com\/blog\/photoblog\/2016\/04\/dendrocygne_a_ventre_noir_parc_Mangal_das_Garcas_belem_bresil_7.jpg\" rel=\"attachment wp-att-22400\"><img loading=\"lazy\" decoding=\"async\" class=\"alignnone size-full wp-image-22400\" src=\"http:\/\/www.tetedechat.com\/blog\/photoblog\/2016\/04\/dendrocygne_a_ventre_noir_parc_Mangal_das_Garcas_belem_bresil_7.jpg\" alt=\"\" width=\"800\" height=\"366\" srcset=\"https:\/\/www.tetedechat.com\/blog\/photoblog\/2016\/04\/dendrocygne_a_ventre_noir_parc_Mangal_das_Garcas_belem_bresil_7.jpg 800w, https:\/\/www.tetedechat.com\/blog\/photoblog\/2016\/04\/dendrocygne_a_ventre_noir_parc_Mangal_das_Garcas_belem_bresil_7-300x137.jpg 300w, https:\/\/www.tetedechat.com\/blog\/photoblog\/2016\/04\/dendrocygne_a_ventre_noir_parc_Mangal_das_Garcas_belem_bresil_7-768x351.jpg 768w, https:\/\/www.tetedechat.com\/blog\/photoblog\/2016\/04\/dendrocygne_a_ventre_noir_parc_Mangal_das_Garcas_belem_bresil_7-250x114.jpg 250w\" sizes=\"auto, (max-width: 800px) 100vw, 800px\" \/><\/a><\/p>\n<p><a href=\"http:\/\/www.tetedechat.com\/blog\/photoblog\/2016\/04\/dendrocygne_a_ventre_noir_parc_Mangal_das_Garcas_belem_bresil_6.jpg\" rel=\"attachment wp-att-22399\"><img loading=\"lazy\" decoding=\"async\" class=\"alignnone size-full wp-image-22399\" src=\"http:\/\/www.tetedechat.com\/blog\/photoblog\/2016\/04\/dendrocygne_a_ventre_noir_parc_Mangal_das_Garcas_belem_bresil_6.jpg\" alt=\"\" width=\"800\" height=\"600\" srcset=\"https:\/\/www.tetedechat.com\/blog\/photoblog\/2016\/04\/dendrocygne_a_ventre_noir_parc_Mangal_das_Garcas_belem_bresil_6.jpg 800w, https:\/\/www.tetedechat.com\/blog\/photoblog\/2016\/04\/dendrocygne_a_ventre_noir_parc_Mangal_das_Garcas_belem_bresil_6-300x225.jpg 300w, https:\/\/www.tetedechat.com\/blog\/photoblog\/2016\/04\/dendrocygne_a_ventre_noir_parc_Mangal_das_Garcas_belem_bresil_6-768x576.jpg 768w, https:\/\/www.tetedechat.com\/blog\/photoblog\/2016\/04\/dendrocygne_a_ventre_noir_parc_Mangal_das_Garcas_belem_bresil_6-250x188.jpg 250w\" sizes=\"auto, (max-width: 800px) 100vw, 800px\" \/><\/a><\/p>\n<p><a href=\"http:\/\/www.tetedechat.com\/blog\/photoblog\/2016\/04\/dendrocygne_a_ventre_noir_parc_Mangal_das_Garcas_belem_bresil_5.jpg\" rel=\"attachment wp-att-22398\"><img loading=\"lazy\" decoding=\"async\" class=\"alignnone size-full wp-image-22398\" src=\"http:\/\/www.tetedechat.com\/blog\/photoblog\/2016\/04\/dendrocygne_a_ventre_noir_parc_Mangal_das_Garcas_belem_bresil_5.jpg\" alt=\"\" width=\"800\" height=\"600\" srcset=\"https:\/\/www.tetedechat.com\/blog\/photoblog\/2016\/04\/dendrocygne_a_ventre_noir_parc_Mangal_das_Garcas_belem_bresil_5.jpg 800w, https:\/\/www.tetedechat.com\/blog\/photoblog\/2016\/04\/dendrocygne_a_ventre_noir_parc_Mangal_das_Garcas_belem_bresil_5-300x225.jpg 300w, https:\/\/www.tetedechat.com\/blog\/photoblog\/2016\/04\/dendrocygne_a_ventre_noir_parc_Mangal_das_Garcas_belem_bresil_5-768x576.jpg 768w, https:\/\/www.tetedechat.com\/blog\/photoblog\/2016\/04\/dendrocygne_a_ventre_noir_parc_Mangal_das_Garcas_belem_bresil_5-250x188.jpg 250w\" sizes=\"auto, (max-width: 800px) 100vw, 800px\" \/><\/a><\/p>\n<p><a href=\"http:\/\/www.tetedechat.com\/blog\/photoblog\/2016\/04\/dendrocygne_a_ventre_noir_parc_Mangal_das_Garcas_belem_bresil_4.jpg\" rel=\"attachment wp-att-22397\"><img loading=\"lazy\" decoding=\"async\" class=\"alignnone size-full wp-image-22397\" src=\"http:\/\/www.tetedechat.com\/blog\/photoblog\/2016\/04\/dendrocygne_a_ventre_noir_parc_Mangal_das_Garcas_belem_bresil_4.jpg\" alt=\"\" width=\"800\" height=\"600\" srcset=\"https:\/\/www.tetedechat.com\/blog\/photoblog\/2016\/04\/dendrocygne_a_ventre_noir_parc_Mangal_das_Garcas_belem_bresil_4.jpg 800w, https:\/\/www.tetedechat.com\/blog\/photoblog\/2016\/04\/dendrocygne_a_ventre_noir_parc_Mangal_das_Garcas_belem_bresil_4-300x225.jpg 300w, https:\/\/www.tetedechat.com\/blog\/photoblog\/2016\/04\/dendrocygne_a_ventre_noir_parc_Mangal_das_Garcas_belem_bresil_4-768x576.jpg 768w, https:\/\/www.tetedechat.com\/blog\/photoblog\/2016\/04\/dendrocygne_a_ventre_noir_parc_Mangal_das_Garcas_belem_bresil_4-250x188.jpg 250w\" sizes=\"auto, (max-width: 800px) 100vw, 800px\" \/><\/a><\/p>\n<p><a href=\"http:\/\/www.tetedechat.com\/blog\/photoblog\/2016\/04\/dendrocygne_a_ventre_noir_parc_Mangal_das_Garcas_belem_bresil_2.jpg\" rel=\"attachment wp-att-22395\"><img loading=\"lazy\" decoding=\"async\" class=\"alignnone size-full wp-image-22395\" src=\"http:\/\/www.tetedechat.com\/blog\/photoblog\/2016\/04\/dendrocygne_a_ventre_noir_parc_Mangal_das_Garcas_belem_bresil_2.jpg\" alt=\"\" width=\"800\" height=\"600\" srcset=\"https:\/\/www.tetedechat.com\/blog\/photoblog\/2016\/04\/dendrocygne_a_ventre_noir_parc_Mangal_das_Garcas_belem_bresil_2.jpg 800w, https:\/\/www.tetedechat.com\/blog\/photoblog\/2016\/04\/dendrocygne_a_ventre_noir_parc_Mangal_das_Garcas_belem_bresil_2-300x225.jpg 300w, https:\/\/www.tetedechat.com\/blog\/photoblog\/2016\/04\/dendrocygne_a_ventre_noir_parc_Mangal_das_Garcas_belem_bresil_2-768x576.jpg 768w, https:\/\/www.tetedechat.com\/blog\/photoblog\/2016\/04\/dendrocygne_a_ventre_noir_parc_Mangal_das_Garcas_belem_bresil_2-250x188.jpg 250w\" sizes=\"auto, (max-width: 800px) 100vw, 800px\" \/><\/a><\/p>\n<p>Quand je pense \u00e0 tous ces parcs (nationaux ou pas) aux entr\u00e9es astronomiques, o\u00f9 parfois il faut deux heures de marche pour observer un l\u00e9zard, ici, tout est l\u00e0, comme \u00e7a, \u00e0 port\u00e9 de bras.<\/p>\n<p><a href=\"http:\/\/www.tetedechat.com\/blog\/photoblog\/2016\/04\/animaux_parc_Mangal_das_Garcas_belem_bresil.jpg\" rel=\"attachment wp-att-22381\"><img loading=\"lazy\" decoding=\"async\" class=\"alignnone size-full wp-image-22381\" src=\"http:\/\/www.tetedechat.com\/blog\/photoblog\/2016\/04\/animaux_parc_Mangal_das_Garcas_belem_bresil.jpg\" alt=\"\" width=\"800\" height=\"600\" srcset=\"https:\/\/www.tetedechat.com\/blog\/photoblog\/2016\/04\/animaux_parc_Mangal_das_Garcas_belem_bresil.jpg 800w, https:\/\/www.tetedechat.com\/blog\/photoblog\/2016\/04\/animaux_parc_Mangal_das_Garcas_belem_bresil-300x225.jpg 300w, https:\/\/www.tetedechat.com\/blog\/photoblog\/2016\/04\/animaux_parc_Mangal_das_Garcas_belem_bresil-768x576.jpg 768w, https:\/\/www.tetedechat.com\/blog\/photoblog\/2016\/04\/animaux_parc_Mangal_das_Garcas_belem_bresil-250x188.jpg 250w\" sizes=\"auto, (max-width: 800px) 100vw, 800px\" \/><\/a><\/p>\n<p>Mon deuxi\u00e8me coup c\u0153ur c&rsquo;est le march\u00e9 de la ville, le march\u00e9 Ver-o-Peso, une place unique aux produits locaux, au programme : Fruits (dont l&rsquo;a\u00e7a\u00ed par kilo !), herbes, huiles, viandes, et noix (du Br\u00e9sil et de cajou)<\/p>\n<p><a href=\"http:\/\/www.tetedechat.com\/blog\/photoblog\/2016\/04\/stand_divers_marche_Ver_o_Peso_belem.jpg\" rel=\"attachment wp-att-22432\"><img loading=\"lazy\" decoding=\"async\" class=\"alignnone size-full wp-image-22432\" src=\"http:\/\/www.tetedechat.com\/blog\/photoblog\/2016\/04\/stand_divers_marche_Ver_o_Peso_belem.jpg\" alt=\"\" width=\"800\" height=\"600\" srcset=\"https:\/\/www.tetedechat.com\/blog\/photoblog\/2016\/04\/stand_divers_marche_Ver_o_Peso_belem.jpg 800w, https:\/\/www.tetedechat.com\/blog\/photoblog\/2016\/04\/stand_divers_marche_Ver_o_Peso_belem-300x225.jpg 300w, https:\/\/www.tetedechat.com\/blog\/photoblog\/2016\/04\/stand_divers_marche_Ver_o_Peso_belem-768x576.jpg 768w, https:\/\/www.tetedechat.com\/blog\/photoblog\/2016\/04\/stand_divers_marche_Ver_o_Peso_belem-250x188.jpg 250w\" sizes=\"auto, (max-width: 800px) 100vw, 800px\" \/><\/a><\/p>\n<p><a href=\"http:\/\/www.tetedechat.com\/blog\/photoblog\/2016\/04\/marche_Ver_o_Peso_noyer_du_bresil_belem.jpg\" rel=\"attachment wp-att-22426\"><img loading=\"lazy\" decoding=\"async\" class=\"alignnone size-full wp-image-22426\" src=\"http:\/\/www.tetedechat.com\/blog\/photoblog\/2016\/04\/marche_Ver_o_Peso_noyer_du_bresil_belem.jpg\" alt=\"\" width=\"800\" height=\"600\" srcset=\"https:\/\/www.tetedechat.com\/blog\/photoblog\/2016\/04\/marche_Ver_o_Peso_noyer_du_bresil_belem.jpg 800w, https:\/\/www.tetedechat.com\/blog\/photoblog\/2016\/04\/marche_Ver_o_Peso_noyer_du_bresil_belem-300x225.jpg 300w, https:\/\/www.tetedechat.com\/blog\/photoblog\/2016\/04\/marche_Ver_o_Peso_noyer_du_bresil_belem-768x576.jpg 768w, https:\/\/www.tetedechat.com\/blog\/photoblog\/2016\/04\/marche_Ver_o_Peso_noyer_du_bresil_belem-250x188.jpg 250w\" sizes=\"auto, (max-width: 800px) 100vw, 800px\" \/><\/a><\/p>\n<p>Vu les prix imbattables, et mon immense addictions aux ol\u00e9agineux, l&rsquo;arr\u00eat y \u00e9tait obligatoire<\/p>\n<p><a href=\"http:\/\/www.tetedechat.com\/blog\/photoblog\/2016\/04\/marche_Ver_o_Peso_noix_du_bresil_belem.jpg\" rel=\"attachment wp-att-22425\"><img loading=\"lazy\" decoding=\"async\" class=\"alignnone size-full wp-image-22425\" src=\"http:\/\/www.tetedechat.com\/blog\/photoblog\/2016\/04\/marche_Ver_o_Peso_noix_du_bresil_belem.jpg\" alt=\"\" width=\"800\" height=\"600\" srcset=\"https:\/\/www.tetedechat.com\/blog\/photoblog\/2016\/04\/marche_Ver_o_Peso_noix_du_bresil_belem.jpg 800w, https:\/\/www.tetedechat.com\/blog\/photoblog\/2016\/04\/marche_Ver_o_Peso_noix_du_bresil_belem-300x225.jpg 300w, https:\/\/www.tetedechat.com\/blog\/photoblog\/2016\/04\/marche_Ver_o_Peso_noix_du_bresil_belem-768x576.jpg 768w, https:\/\/www.tetedechat.com\/blog\/photoblog\/2016\/04\/marche_Ver_o_Peso_noix_du_bresil_belem-250x188.jpg 250w\" sizes=\"auto, (max-width: 800px) 100vw, 800px\" \/><\/a><\/p>\n<p><a href=\"http:\/\/www.tetedechat.com\/blog\/photoblog\/2016\/04\/femme_pese_noix_de_cajou_marche_Ver_o_Peso_belem.jpg\" rel=\"attachment wp-att-22409\"><img loading=\"lazy\" decoding=\"async\" class=\"alignnone size-full wp-image-22409\" src=\"http:\/\/www.tetedechat.com\/blog\/photoblog\/2016\/04\/femme_pese_noix_de_cajou_marche_Ver_o_Peso_belem.jpg\" alt=\"\" width=\"800\" height=\"600\" srcset=\"https:\/\/www.tetedechat.com\/blog\/photoblog\/2016\/04\/femme_pese_noix_de_cajou_marche_Ver_o_Peso_belem.jpg 800w, https:\/\/www.tetedechat.com\/blog\/photoblog\/2016\/04\/femme_pese_noix_de_cajou_marche_Ver_o_Peso_belem-300x225.jpg 300w, https:\/\/www.tetedechat.com\/blog\/photoblog\/2016\/04\/femme_pese_noix_de_cajou_marche_Ver_o_Peso_belem-768x576.jpg 768w, https:\/\/www.tetedechat.com\/blog\/photoblog\/2016\/04\/femme_pese_noix_de_cajou_marche_Ver_o_Peso_belem-250x188.jpg 250w\" sizes=\"auto, (max-width: 800px) 100vw, 800px\" \/><\/a><\/p>\n<p>Les vendeuses sont adorables, malgr\u00e9 mon path\u00e9tique portugais elles prennent le temps de m&rsquo;expliquer&#8230;<\/p>\n<p><a href=\"http:\/\/www.tetedechat.com\/blog\/photoblog\/2016\/04\/femme_ouvre_noix_du_bresil_marche_Ver_o_Peso_belem.jpg\" rel=\"attachment wp-att-22408\"><img loading=\"lazy\" decoding=\"async\" class=\"alignnone size-full wp-image-22408\" src=\"http:\/\/www.tetedechat.com\/blog\/photoblog\/2016\/04\/femme_ouvre_noix_du_bresil_marche_Ver_o_Peso_belem.jpg\" alt=\"\" width=\"800\" height=\"600\" srcset=\"https:\/\/www.tetedechat.com\/blog\/photoblog\/2016\/04\/femme_ouvre_noix_du_bresil_marche_Ver_o_Peso_belem.jpg 800w, https:\/\/www.tetedechat.com\/blog\/photoblog\/2016\/04\/femme_ouvre_noix_du_bresil_marche_Ver_o_Peso_belem-300x225.jpg 300w, https:\/\/www.tetedechat.com\/blog\/photoblog\/2016\/04\/femme_ouvre_noix_du_bresil_marche_Ver_o_Peso_belem-768x576.jpg 768w, https:\/\/www.tetedechat.com\/blog\/photoblog\/2016\/04\/femme_ouvre_noix_du_bresil_marche_Ver_o_Peso_belem-250x188.jpg 250w\" sizes=\"auto, (max-width: 800px) 100vw, 800px\" \/><\/a><\/p>\n<p>&#8230;comment le fruit est fait, comment elles le d\u00e9cortiquent et le vendent<\/p>\n<p><a href=\"http:\/\/www.tetedechat.com\/blog\/photoblog\/2016\/04\/femme_ouvre_noix_du_bresil_marche_Ver_o_Peso_belem_2.jpg\" rel=\"attachment wp-att-22407\"><img loading=\"lazy\" decoding=\"async\" class=\"alignnone size-full wp-image-22407\" src=\"http:\/\/www.tetedechat.com\/blog\/photoblog\/2016\/04\/femme_ouvre_noix_du_bresil_marche_Ver_o_Peso_belem_2.jpg\" alt=\"\" width=\"800\" height=\"600\" srcset=\"https:\/\/www.tetedechat.com\/blog\/photoblog\/2016\/04\/femme_ouvre_noix_du_bresil_marche_Ver_o_Peso_belem_2.jpg 800w, https:\/\/www.tetedechat.com\/blog\/photoblog\/2016\/04\/femme_ouvre_noix_du_bresil_marche_Ver_o_Peso_belem_2-300x225.jpg 300w, https:\/\/www.tetedechat.com\/blog\/photoblog\/2016\/04\/femme_ouvre_noix_du_bresil_marche_Ver_o_Peso_belem_2-768x576.jpg 768w, https:\/\/www.tetedechat.com\/blog\/photoblog\/2016\/04\/femme_ouvre_noix_du_bresil_marche_Ver_o_Peso_belem_2-250x188.jpg 250w\" sizes=\"auto, (max-width: 800px) 100vw, 800px\" \/><\/a><\/p>\n<p><a href=\"http:\/\/www.tetedechat.com\/blog\/photoblog\/2016\/04\/coquille_noix_du_bresil_marche_Ver_o_Peso_belem.jpg\" rel=\"attachment wp-att-22393\"><img loading=\"lazy\" decoding=\"async\" class=\"alignnone size-full wp-image-22393\" src=\"http:\/\/www.tetedechat.com\/blog\/photoblog\/2016\/04\/coquille_noix_du_bresil_marche_Ver_o_Peso_belem.jpg\" alt=\"\" width=\"800\" height=\"600\" srcset=\"https:\/\/www.tetedechat.com\/blog\/photoblog\/2016\/04\/coquille_noix_du_bresil_marche_Ver_o_Peso_belem.jpg 800w, https:\/\/www.tetedechat.com\/blog\/photoblog\/2016\/04\/coquille_noix_du_bresil_marche_Ver_o_Peso_belem-300x225.jpg 300w, https:\/\/www.tetedechat.com\/blog\/photoblog\/2016\/04\/coquille_noix_du_bresil_marche_Ver_o_Peso_belem-768x576.jpg 768w, https:\/\/www.tetedechat.com\/blog\/photoblog\/2016\/04\/coquille_noix_du_bresil_marche_Ver_o_Peso_belem-250x188.jpg 250w\" sizes=\"auto, (max-width: 800px) 100vw, 800px\" \/><\/a><\/p>\n<p><a href=\"http:\/\/www.tetedechat.com\/blog\/photoblog\/2016\/04\/coquille_noix_du_bresil_marche_Ver_o_Peso_belem_2.jpg\" rel=\"attachment wp-att-22392\"><img loading=\"lazy\" decoding=\"async\" class=\"alignnone size-full wp-image-22392\" src=\"http:\/\/www.tetedechat.com\/blog\/photoblog\/2016\/04\/coquille_noix_du_bresil_marche_Ver_o_Peso_belem_2.jpg\" alt=\"\" width=\"800\" height=\"600\" srcset=\"https:\/\/www.tetedechat.com\/blog\/photoblog\/2016\/04\/coquille_noix_du_bresil_marche_Ver_o_Peso_belem_2.jpg 800w, https:\/\/www.tetedechat.com\/blog\/photoblog\/2016\/04\/coquille_noix_du_bresil_marche_Ver_o_Peso_belem_2-300x225.jpg 300w, https:\/\/www.tetedechat.com\/blog\/photoblog\/2016\/04\/coquille_noix_du_bresil_marche_Ver_o_Peso_belem_2-768x576.jpg 768w, https:\/\/www.tetedechat.com\/blog\/photoblog\/2016\/04\/coquille_noix_du_bresil_marche_Ver_o_Peso_belem_2-250x188.jpg 250w\" sizes=\"auto, (max-width: 800px) 100vw, 800px\" \/><\/a><\/p>\n<p>Ci-dessous, des cornichons :<\/p>\n<p><a href=\"http:\/\/www.tetedechat.com\/blog\/photoblog\/2016\/04\/cocombre_local_belem_bresil.jpg\" rel=\"attachment wp-att-22391\"><img loading=\"lazy\" decoding=\"async\" class=\"alignnone size-full wp-image-22391\" src=\"http:\/\/www.tetedechat.com\/blog\/photoblog\/2016\/04\/cocombre_local_belem_bresil.jpg\" alt=\"\" width=\"800\" height=\"600\" srcset=\"https:\/\/www.tetedechat.com\/blog\/photoblog\/2016\/04\/cocombre_local_belem_bresil.jpg 800w, https:\/\/www.tetedechat.com\/blog\/photoblog\/2016\/04\/cocombre_local_belem_bresil-300x225.jpg 300w, https:\/\/www.tetedechat.com\/blog\/photoblog\/2016\/04\/cocombre_local_belem_bresil-768x576.jpg 768w, https:\/\/www.tetedechat.com\/blog\/photoblog\/2016\/04\/cocombre_local_belem_bresil-250x188.jpg 250w\" sizes=\"auto, (max-width: 800px) 100vw, 800px\" \/><\/a><\/p>\n<p><a href=\"http:\/\/www.tetedechat.com\/blog\/photoblog\/2016\/04\/cocombre_local_belem_bresil_2.jpg\" rel=\"attachment wp-att-22390\"><img loading=\"lazy\" decoding=\"async\" class=\"alignnone size-full wp-image-22390\" src=\"http:\/\/www.tetedechat.com\/blog\/photoblog\/2016\/04\/cocombre_local_belem_bresil_2.jpg\" alt=\"\" width=\"800\" height=\"600\" srcset=\"https:\/\/www.tetedechat.com\/blog\/photoblog\/2016\/04\/cocombre_local_belem_bresil_2.jpg 800w, https:\/\/www.tetedechat.com\/blog\/photoblog\/2016\/04\/cocombre_local_belem_bresil_2-300x225.jpg 300w, https:\/\/www.tetedechat.com\/blog\/photoblog\/2016\/04\/cocombre_local_belem_bresil_2-768x576.jpg 768w, https:\/\/www.tetedechat.com\/blog\/photoblog\/2016\/04\/cocombre_local_belem_bresil_2-250x188.jpg 250w\" sizes=\"auto, (max-width: 800px) 100vw, 800px\" \/><\/a><\/p>\n<p>Mais aussi, de la viande s\u00e9ch\u00e9e\/sal\u00e9e<\/p>\n<p><a href=\"http:\/\/www.tetedechat.com\/blog\/photoblog\/2016\/04\/charcuterie_marche_Ver_o_Peso_belem.jpg\" rel=\"attachment wp-att-22389\"><img loading=\"lazy\" decoding=\"async\" class=\"alignnone size-full wp-image-22389\" src=\"http:\/\/www.tetedechat.com\/blog\/photoblog\/2016\/04\/charcuterie_marche_Ver_o_Peso_belem.jpg\" alt=\"\" width=\"800\" height=\"600\" srcset=\"https:\/\/www.tetedechat.com\/blog\/photoblog\/2016\/04\/charcuterie_marche_Ver_o_Peso_belem.jpg 800w, https:\/\/www.tetedechat.com\/blog\/photoblog\/2016\/04\/charcuterie_marche_Ver_o_Peso_belem-300x225.jpg 300w, https:\/\/www.tetedechat.com\/blog\/photoblog\/2016\/04\/charcuterie_marche_Ver_o_Peso_belem-768x576.jpg 768w, https:\/\/www.tetedechat.com\/blog\/photoblog\/2016\/04\/charcuterie_marche_Ver_o_Peso_belem-250x188.jpg 250w\" sizes=\"auto, (max-width: 800px) 100vw, 800px\" \/><\/a><\/p>\n<p>Des par\u00e9pous (fruit du Palmier P\u00eache), vous connaissez ? Pas vraiment un fruit m\u00e9morable&#8230; Mais ce n&rsquo;est qu&rsquo;une opinion.<\/p>\n<p><a href=\"http:\/\/www.tetedechat.com\/blog\/photoblog\/2016\/04\/Bactris_gasipaes_belem_bresil.jpg\" rel=\"attachment wp-att-22382\"><img loading=\"lazy\" decoding=\"async\" class=\"alignnone size-full wp-image-22382\" src=\"http:\/\/www.tetedechat.com\/blog\/photoblog\/2016\/04\/Bactris_gasipaes_belem_bresil.jpg\" alt=\"\" width=\"800\" height=\"600\" srcset=\"https:\/\/www.tetedechat.com\/blog\/photoblog\/2016\/04\/Bactris_gasipaes_belem_bresil.jpg 800w, https:\/\/www.tetedechat.com\/blog\/photoblog\/2016\/04\/Bactris_gasipaes_belem_bresil-300x225.jpg 300w, https:\/\/www.tetedechat.com\/blog\/photoblog\/2016\/04\/Bactris_gasipaes_belem_bresil-768x576.jpg 768w, https:\/\/www.tetedechat.com\/blog\/photoblog\/2016\/04\/Bactris_gasipaes_belem_bresil-250x188.jpg 250w\" sizes=\"auto, (max-width: 800px) 100vw, 800px\" \/><\/a><\/p>\n<p>Je n&rsquo;attendais absolument rien de Bel\u00e9m, pourtant elle m&rsquo;a beaucoup apport\u00e9 (et sans avoir \u00e9t\u00e9 braqu\u00e9 !), un regard compl\u00e8tement diff\u00e9rent du pays, d\u00e9cid\u00e9ment le Br\u00e9sil a beaucoup de facettes, \u00e0 chaque fois que l&rsquo;on croit le cerner il nous d\u00e9stabilise avec d&rsquo;autres cultures, d\u00e9cors et visions de vie. J&rsquo;aime d\u00e9finitivement ce pays, c&rsquo;est une perle encore pleine de pr\u00e9jug\u00e9s, je dois y passer plus de temps.<br \/>\nEn attendant un \u00e9ventuel retour, voici enfin le dernier avion, et il m\u2019emm\u00e8ne encore plus en profondeur, pr\u00e8s de la fronti\u00e8re avec la Guyane fran\u00e7aise, malheureusement y voler directement me couterai un bras.<br \/>\nCe n&rsquo;est pas grave le reste se fera en bus, et croyez moi cela valait le coup d&rsquo;\u00eatre v\u00e9cu, le prochain article sera d&rsquo;ailleurs enti\u00e8rement consacr\u00e9 \u00e0 cette \u00ab\u00a0aventure de 600Km\u00a0\u00bb r\u00e9alis\u00e9e en 32 heures&#8230;<\/p>\n","protected":false},"excerpt":{"rendered":"<p>\u00c0 peine remis de mes \u00e9motions, me revoici dans cet a\u00e9roport de mis\u00e8re, encore un avion \u00e0 prendre au Br\u00e9sil, direction ? Bel\u00e9m.<\/p>\n","protected":false},"author":1,"featured_media":0,"comment_status":"open","ping_status":"open","sticky":false,"template":"","format":"standard","meta":{"_monsterinsights_skip_tracking":false,"_monsterinsights_sitenote_active":false,"_monsterinsights_sitenote_note":"","_monsterinsights_sitenote_category":0,"footnotes":""},"categories":[52,30],"tags":[114,75],"class_list":["post-22380","post","type-post","status-publish","format-standard","hentry","category-dernieres","category-news","tag-bresil","tag-voyage"],"_links":{"self":[{"href":"https:\/\/www.tetedechat.com\/blog\/index.php\/wp-json\/wp\/v2\/posts\/22380","targetHints":{"allow":["GET"]}}],"collection":[{"href":"https:\/\/www.tetedechat.com\/blog\/index.php\/wp-json\/wp\/v2\/posts"}],"about":[{"href":"https:\/\/www.tetedechat.com\/blog\/index.php\/wp-json\/wp\/v2\/types\/post"}],"author":[{"embeddable":true,"href":"https:\/\/www.tetedechat.com\/blog\/index.php\/wp-json\/wp\/v2\/users\/1"}],"replies":[{"embeddable":true,"href":"https:\/\/www.tetedechat.com\/blog\/index.php\/wp-json\/wp\/v2\/comments?post=22380"}],"version-history":[{"count":8,"href":"https:\/\/www.tetedechat.com\/blog\/index.php\/wp-json\/wp\/v2\/posts\/22380\/revisions"}],"predecessor-version":[{"id":22829,"href":"https:\/\/www.tetedechat.com\/blog\/index.php\/wp-json\/wp\/v2\/posts\/22380\/revisions\/22829"}],"wp:attachment":[{"href":"https:\/\/www.tetedechat.com\/blog\/index.php\/wp-json\/wp\/v2\/media?parent=22380"}],"wp:term":[{"taxonomy":"category","embeddable":true,"href":"https:\/\/www.tetedechat.com\/blog\/index.php\/wp-json\/wp\/v2\/categories?post=22380"},{"taxonomy":"post_tag","embeddable":true,"href":"https:\/\/www.tetedechat.com\/blog\/index.php\/wp-json\/wp\/v2\/tags?post=22380"}],"curies":[{"name":"wp","href":"https:\/\/api.w.org\/{rel}","templated":true}]}}