{"id":23218,"date":"2017-05-26T10:53:35","date_gmt":"2017-05-26T09:53:35","guid":{"rendered":"http:\/\/www.tetedechat.com\/blog\/?p=23218"},"modified":"2017-05-26T10:53:35","modified_gmt":"2017-05-26T09:53:35","slug":"ne-rien-voir-en-martinique","status":"publish","type":"post","link":"https:\/\/www.tetedechat.com\/blog\/index.php\/ne-rien-voir-en-martinique\/","title":{"rendered":"Ne rien voir en Martinique"},"content":{"rendered":"<p>Mon billet en poche depuis quelques semaines d\u00e9j\u00e0, il faut que je me trouve un logement abordable, mission difficile car en plus d\u2019\u00eatre toujours aux Cara\u00efbes, je retourne en territoire fran\u00e7ais.<!--more--><br \/>\nTout est hors budget, m\u00eame Airbnb, je ne sais plus quoi faire\u2026 Il y a bien un petit appartement charmant, et abordable, mais c\u2019est en plein milieu de l\u2019\u00eele, loin de tout, pas vraiment pratique. Et si je louais un v\u00e9hicule ? Parfois sur internet on peut trouver des offres incroyables, ce qui me permettrais de prendre un logement n\u2019importe o\u00f9, puisque motoris\u00e9.<br \/>\nApr\u00e8s quelques minutes de recherches, un miracle apparait sur l\u2019\u00e9cran \u00ab\u00a0Voiture \u00e0 8Euros\/jour, kilom\u00e8tres illimit\u00e9s, assurance comprise\u00a0\u00bb, r\u00e9servation imm\u00e9diate, en plus il est stipul\u00e9 \u00ab\u00a0pas de carte de cr\u00e9dit n\u00e9cessaire \u00bb ce qui m\u2019arrange (je vous dis pourquoi juste apr\u00e8s). Maintenant passons \u00e0 la r\u00e9servation du logement au milieu de nulle part, et c\u2019est partie !<\/p>\n<p><a href=\"http:\/\/www.tetedechat.com\/blog\/photoblog\/2017\/05\/billet_st_lucie_martinique.jpg\"><img loading=\"lazy\" decoding=\"async\" class=\"alignnone size-full wp-image-23237\" src=\"http:\/\/www.tetedechat.com\/blog\/photoblog\/2017\/05\/billet_st_lucie_martinique.jpg\" alt=\"\" width=\"800\" height=\"600\" srcset=\"https:\/\/www.tetedechat.com\/blog\/photoblog\/2017\/05\/billet_st_lucie_martinique.jpg 800w, https:\/\/www.tetedechat.com\/blog\/photoblog\/2017\/05\/billet_st_lucie_martinique-300x225.jpg 300w, https:\/\/www.tetedechat.com\/blog\/photoblog\/2017\/05\/billet_st_lucie_martinique-768x576.jpg 768w\" sizes=\"auto, (max-width: 800px) 100vw, 800px\" \/><\/a><\/p>\n<p><a href=\"http:\/\/www.tetedechat.com\/blog\/photoblog\/2017\/05\/avion_pour_martinique.jpg\"><img loading=\"lazy\" decoding=\"async\" class=\"alignnone size-full wp-image-23236\" src=\"http:\/\/www.tetedechat.com\/blog\/photoblog\/2017\/05\/avion_pour_martinique.jpg\" alt=\"\" width=\"800\" height=\"600\" srcset=\"https:\/\/www.tetedechat.com\/blog\/photoblog\/2017\/05\/avion_pour_martinique.jpg 800w, https:\/\/www.tetedechat.com\/blog\/photoblog\/2017\/05\/avion_pour_martinique-300x225.jpg 300w, https:\/\/www.tetedechat.com\/blog\/photoblog\/2017\/05\/avion_pour_martinique-768x576.jpg 768w\" sizes=\"auto, (max-width: 800px) 100vw, 800px\" \/><\/a><\/p>\n<p>Les bagages en main, direction les comptoirs de location, il y en a au moins sept, aucun ne correspond au nom de ma r\u00e9servation. Une fois montr\u00e9 \u00e0 la premi\u00e8re h\u00f4tesse, je suis envoy\u00e9 \u00e0 la suivante, puis \u00e0 la suivante, puis \u00e0 la suivante, au bout du compte, personne ne reconnait le nom qui tr\u00f4ne sur mon bout de papier, super.<br \/>\n&#8211; \u00ab\u00a0Attendez, c\u2019est peut-\u00eatre chez ma coll\u00e8gue\u00a0\u00bb<br \/>\n&#8211; \u00ab\u00a0Quelle coll\u00e8gue ? J\u2019ai fait tous les comptoirs !\u00a0\u00bb<br \/>\n&#8211; \u00ab\u00a0Si, si, l\u00e0 c\u2019est aussi un bureau de location, elle va revenir de pause\u00a0\u00bb<br \/>\nAlors j\u2019attends\u2026<br \/>\n&#8211; \u00ab\u00a0Bonjour, je peux vous aider ?\u00a0\u00bb<br \/>\n&#8211; \u00ab\u00a0Euh oui, peut-\u00eatre, j\u2019ai une r\u00e9servation pour un v\u00e9hicule, mais aucune des agence ne correspond\u00a0\u00bb<br \/>\n&#8211; \u00ab\u00a0Montrez moi\u2026.. oui c\u2019est ici\u00a0\u00bb<br \/>\n&#8211; \u00ab\u00a0Finalement\u00a0\u00bb<br \/>\n&#8211; \u00ab\u00a0Votre passeport et permis s\u2019il vous plait\u00a0\u00bb<br \/>\n&#8211; \u00ab\u00a0Voici\u00a0\u00bb<br \/>\n&#8211; \u00ab\u00a0Tr\u00e8s bien, votre carte bleue ?\u00a0\u00bb<br \/>\nEt c\u2019est l\u00e0 que \u00e7a se corse, petit flash-back :<br \/>\nComme vous le savez quand on a une carte bleue, elle n\u2019est pas \u00e9ternelle, elle a une date de validit\u00e9. Bien que j\u2019ai un compte au Canada, la carte qu\u2019ils m\u2019ont fournit ne sert qu\u2019\u00e0 retirer, pas de paiement ni en magasin ni par internet, mais cela me suffit, la plupart du temps. Pour le reste (99% achat sur le net) j\u2019utilise la carte fran\u00e7aise, qui est depuis 2012, p\u00e9rim\u00e9e\u2026 Que cela ne tienne, j\u2019en ai re\u00e7u une nouvelle, en France, mais en me communiquant les num\u00e9ros par t\u00e9l\u00e9phone, je peux l\u2019utiliser, virtuellement en tous cas. C\u2019est pour cela qu\u2019en 2012 j\u2019avais demand\u00e9 \u00e0 ma s\u0153ur de m\u2019amener la nouvelle \u00e0 New-York, malheureusement Sandy passait au m\u00eame moment (<a href=\"http:\/\/www.tetedechat.com\/blog\/index.php\/new-york-sous-sandy\/\" target=\"_blank\" rel=\"noopener noreferrer\">vous ne vous rappelez pas ?<\/a>), et dans la confusion, bien que la carte soit dans sa valise, elle n\u2019a jamais atteint mon porte-feuille. Un an plus tard, presque jour pour jour, et au m\u00eame endroit, ma s\u0153ur et m\u00e8re viennent me rejoindre, l\u00e0 encore, confusion ou oublie, la carte reste en France, puis enfin en 2014, alors que ma ch\u00e8re s\u0153ur vient me rejoindre au P\u00e9rou, je lui rappelle bien de prendre la pr\u00e9cieuse carte avec elle. Pourtant, quand je la rejoins \u00e0 l\u2019h\u00f4tel vers minuit, elle me dit les yeux endormis \u00ab\u00a0Salut fr\u00e9ro, ah au fait, j\u2019ai oubli\u00e9 ta carte\u2026\u00a0\u00bb<br \/>\nRevenons au comptoir :<br \/>\n&#8211; \u00ab\u00a0Mais sur le site il y avait marqu\u00e9\u00a0 &lsquo;Sans carte de cr\u00e9dit&rsquo; pourquoi vous m\u2019en demandez une maintenant ?\u00a0\u00bb<br \/>\n&#8211; \u00ab\u00a0Ah mais c\u2019est impossible sans carte bleue\u00a0\u00bb<br \/>\n&#8211; \u00ab\u00a0Comment \u00e7a impossible ?! J\u2019ai une r\u00e9servation, je peux vous payer d\u2019avance\u00a0\u00bb<br \/>\n&#8211; \u00ab\u00a0Cela n\u2019a pas d\u2019importance, c\u2019est pour la caution\u00a0\u00bb<br \/>\n&#8211; \u00ab\u00a0Dites-moi de combien est la notion, je vais retirer, vous la donne, et vous me la rendait au retour du v\u00e9hicule \u00bb<br \/>\n&#8211; \u00ab\u00a0Certainement pas, on ne prend pas d\u2019esp\u00e8ce, je n\u2019ai m\u00eame pas de caisse, la carte est obligatoire\u00a0\u00bb<br \/>\nMais je n\u2019ai pas de carte ! Pas besoin de lui raconter toute l\u2019histoire, \u00e7a ne changera absolument rien, j\u2019insiste un peu, question d\u2019habitude, mais rien n&rsquo;y fait, je pars \u2026\u00e0 pieds.<br \/>\nLes taxis coutent une fortune, et l\u2019a\u00e9roport n\u2019a ni de transport en commun, ni de passage pour les pi\u00e9tons, c\u2019est voiture ou taxi. Hors de question que je baisse les bras, malgr\u00e9 les travaux en cours (les transports en commun arrivent ! Mais pas avant 2017\u2026) je passe les barri\u00e8res, m\u2019engouffre sur la voie, je suis sur l\u2019autoroute ! D\u2019un cot\u00e9 les voitures qui d\u00e9filent, de l\u2019autre un ravin o\u00f9 les ouvriers creuse la terre, seule une bande de b\u00e9ton s\u00e9pare le danger automobile de celui de la chute, alors je monte dessus et fais l\u2019\u00e9quilibre sur 3km avec mes sacs sur le dos, la fatigue ce fait sentir, j\u2019ai bien le temps de penser \u00e0 ma s\u0153ur et cette pu\u2026 de carte, ah si elle ne l\u2019avait pas oubli\u00e9 ! Enfin une d\u00e9viation, sortir de la 3 voies est finalement possible, ce n\u2019est pas tr\u00e8s anim\u00e9 par ici, surtout des locations de voiture, quelle ironie, je fonce vers le Nord, en sueur. Une heure plus tard un abri-bus, oui ! Un abri-bus ! Avec des gens qui attendent, enfin la d\u00e9livrance. Je suis \u00e0 presque 10km de marche, mais il en reste 5 pour atteindre mon logement, en se renseignant vite fait, on me confirme qu\u2019il y a un bus qui va dans cette direction, et qu\u2019il s\u2019arr\u00eate tout pr\u00e8s.<br \/>\nBon il ne s\u2019arr\u00eate pas tr\u00e8s loin effectivement, mais le logement est au bout de la petite impasse, oui, la derni\u00e8re maison, comme si c&rsquo;\u00e9tait fait expr\u00e8s, je n\u2019avais pas assez de kilom\u00e8tres dans les jambes.<br \/>\nL\u2019accueil est chaleureux, mais mon h\u00f4te est surprise de me voir si tardivement, \u00ab\u00a0Vous n\u2019\u00e9tiez pas sens\u00e9 arriver il y a trois heures ?\u00a0\u00bb, et si, alors je lui explique la situation, et elle en profite pour me faire visiter son bas de villa, mon appartement pour la semaine qui va suivre.<br \/>\n\u00ab\u00a0J\u2019ai un ami qui loue des v\u00e9hicules, peut-\u00eatre il pourra faire quelque chose\u00a0\u00bb je n\u2019y crois pas vraiment, mais l\u2019espoir fait vivre.<br \/>\nL\u2019endroit est superbe, calme, \u00e0 l\u2019ombre d\u2019un manguier. Un grand jardin, pas de vis-\u00e0-vis, le r\u00eave \u2026si j\u2019avais une voiture. Profitons de ce que l\u2019on a, demain est un autre jour.<br \/>\nLe jour d&rsquo;apr\u00e8s arriva, le gentil couple qui m\u2019a accueillit dans leur demeure me confirme que personne ne loue sans carte bleue, bon, rien de nouveau \u00e0 l\u2019horizon. Tans pis, je retourne au bus, mais dans la m\u00eame direction, allons au centre ville se renseigner sur le pays, les bateaux (pour la prochaine \u00eele), les transports, etc.<\/p>\n<p><a href=\"http:\/\/www.tetedechat.com\/blog\/photoblog\/2017\/05\/fort_saint_louis_martinique.jpg\"><img loading=\"lazy\" decoding=\"async\" class=\"alignnone size-full wp-image-23238\" src=\"http:\/\/www.tetedechat.com\/blog\/photoblog\/2017\/05\/fort_saint_louis_martinique.jpg\" alt=\"\" width=\"800\" height=\"600\" srcset=\"https:\/\/www.tetedechat.com\/blog\/photoblog\/2017\/05\/fort_saint_louis_martinique.jpg 800w, https:\/\/www.tetedechat.com\/blog\/photoblog\/2017\/05\/fort_saint_louis_martinique-300x225.jpg 300w, https:\/\/www.tetedechat.com\/blog\/photoblog\/2017\/05\/fort_saint_louis_martinique-768x576.jpg 768w\" sizes=\"auto, (max-width: 800px) 100vw, 800px\" \/><\/a><\/p>\n<p>D\u00e9cid\u00e9ment les bonnes nouvelles pleuvent (welcome back to France !), le bateau pour aller en Guadeloupe co\u00fbte la modique somme de 90Euros, cher, mais rien de nouveau ici. Non l\u00e0 o\u00f9 le b\u00e2t blesse, c&rsquo;est que je veux d&rsquo;abord m\u2019arr\u00eater sur la Dominique, pile poil entre la Martinique et la Guadeloupe, et que le prix du trajet reste &#8230;le m\u00eame.<br \/>\n&#8211; \u00ab\u00a0Mais c&rsquo;est \u00e0 mi-chemin, cela devrait \u00eatre \u00e0 moiti\u00e9 prix, non ?\u00a0\u00bb<br \/>\n&#8211; \u00ab\u00a0Je ne sais pas ce qui &lsquo;devrait&rsquo;\u00a0 \u00eatre, mais le prix reste \u00e0 90Euros pour la Guadeloupe ou pour la Dominique\u00a0\u00bb<br \/>\n&#8211; \u00ab\u00a0Et donc, si apr\u00e8s je pars de la Dominique en bateau pour la Guadeloupe, \u00e7a sera moins cher ?\u00a0\u00bb<br \/>\n&#8211; \u00ab\u00a0Non, toujours et encore 90 Euros\u00a0\u00bb<br \/>\n&#8211; \u00ab\u00a0Donc pour r\u00e9sumer, pour aller en Guadeloupe tous les bateaux passent par la Dominique, qui est \u00e0 mi-chemin, mais que l&rsquo;on s\u2019arr\u00eate au premier ou au deuxi\u00e8me stop le prix reste le m\u00eame. Et donc, aller en Guadeloupe en s\u2019arr\u00eatant quelques jours en Dominique co\u00fbte le double pour la m\u00eame distance parcouru\u00a0\u00bb<br \/>\n&#8211; \u00ab\u00a0Vous avez tout comprit\u00a0\u00bb<br \/>\nSuper, je suis ravis de comprendre l&rsquo;incompr\u00e9hensible.<br \/>\nBon, l&rsquo;essentiel c&rsquo;est d&rsquo;avoir trouv\u00e9 un transport pour la prochaine \u00e9tape, et pour circuler en Martinique, oui au centre sur un grand parking des tonnes de minibus, ils vont absolument partout, il suffit de demander, mais comme ils ne partent pas toutes les dix minutes et s\u2019arr\u00eatent souvent, cela prend une journ\u00e9e (entre l\u2019all\u00e9e et le retour) \u00e0 chaque fois, qu&rsquo;importe, il me reste 5 jours, moins le dernier qui, pour cause de d\u00e9part, \u00e7a fait 4 bels endroits \u00e0 d\u00e9couvrir, passons \u00e0 la s\u00e9lection. Sur le chemin du retour, le ciel s\u2019assombrit, plus tard dans la nuit, la pluie se fait battante, et ne s\u2019arr\u00eatera pas pendant &#8230;3 jours, mais quelle poisse !<br \/>\nTrois jours de d\u00e9luge, de quoi mettre \u00e0 jour le blog, faire du sport, penser \u00e0 la prochaine destination, faire du sport, dormir, trier les photos, faire du sport, aaaaaargh ! Il faut que je sorte de cette chambre ! Le 4\u00e8me jour arriva avec quelques \u00e9claircies, toujours un peu de pluie, mais pas assez pour me clouer sur place, il faut choisir, le choix se fait pour la plage des Salines.<br \/>\nApr\u00e8s ces jours de ciel gris, il me fallait un petit coin de paradis, certes touristique, mais cette p\u00e9riode ne l&rsquo;ann\u00e9e laisse encore beaucoup de place sur le sable.<br \/>\nLa chance est de retour, car au bout de quelques minutes de route, nous passons les nuages, le bleu fait enfin son apparition, quel d\u00e9lice. Clich\u00e9s :<\/p>\n<p><a href=\"http:\/\/www.tetedechat.com\/blog\/photoblog\/2017\/05\/les_salines_plage_martinique_12.jpg\"><img loading=\"lazy\" decoding=\"async\" class=\"alignnone size-full wp-image-23230\" src=\"http:\/\/www.tetedechat.com\/blog\/photoblog\/2017\/05\/les_salines_plage_martinique_12.jpg\" alt=\"\" width=\"800\" height=\"533\" srcset=\"https:\/\/www.tetedechat.com\/blog\/photoblog\/2017\/05\/les_salines_plage_martinique_12.jpg 800w, https:\/\/www.tetedechat.com\/blog\/photoblog\/2017\/05\/les_salines_plage_martinique_12-300x200.jpg 300w, https:\/\/www.tetedechat.com\/blog\/photoblog\/2017\/05\/les_salines_plage_martinique_12-768x512.jpg 768w\" sizes=\"auto, (max-width: 800px) 100vw, 800px\" \/><\/a><\/p>\n<p><a href=\"http:\/\/www.tetedechat.com\/blog\/photoblog\/2017\/05\/les_salines_plage_martinique_15.jpg\"><img loading=\"lazy\" decoding=\"async\" class=\"alignnone size-full wp-image-23233\" src=\"http:\/\/www.tetedechat.com\/blog\/photoblog\/2017\/05\/les_salines_plage_martinique_15.jpg\" alt=\"\" width=\"800\" height=\"533\" srcset=\"https:\/\/www.tetedechat.com\/blog\/photoblog\/2017\/05\/les_salines_plage_martinique_15.jpg 800w, https:\/\/www.tetedechat.com\/blog\/photoblog\/2017\/05\/les_salines_plage_martinique_15-300x200.jpg 300w, https:\/\/www.tetedechat.com\/blog\/photoblog\/2017\/05\/les_salines_plage_martinique_15-768x512.jpg 768w\" sizes=\"auto, (max-width: 800px) 100vw, 800px\" \/><\/a><\/p>\n<p><a href=\"http:\/\/www.tetedechat.com\/blog\/photoblog\/2017\/05\/les_salines_plage_martinique_14.jpg\"><img loading=\"lazy\" decoding=\"async\" class=\"alignnone size-full wp-image-23232\" src=\"http:\/\/www.tetedechat.com\/blog\/photoblog\/2017\/05\/les_salines_plage_martinique_14.jpg\" alt=\"\" width=\"800\" height=\"533\" srcset=\"https:\/\/www.tetedechat.com\/blog\/photoblog\/2017\/05\/les_salines_plage_martinique_14.jpg 800w, https:\/\/www.tetedechat.com\/blog\/photoblog\/2017\/05\/les_salines_plage_martinique_14-300x200.jpg 300w, https:\/\/www.tetedechat.com\/blog\/photoblog\/2017\/05\/les_salines_plage_martinique_14-768x512.jpg 768w\" sizes=\"auto, (max-width: 800px) 100vw, 800px\" \/><\/a><\/p>\n<p><a href=\"http:\/\/www.tetedechat.com\/blog\/photoblog\/2017\/05\/les_salines_plage_martinique_13.jpg\"><img loading=\"lazy\" decoding=\"async\" class=\"alignnone size-full wp-image-23231\" src=\"http:\/\/www.tetedechat.com\/blog\/photoblog\/2017\/05\/les_salines_plage_martinique_13.jpg\" alt=\"\" width=\"800\" height=\"533\" srcset=\"https:\/\/www.tetedechat.com\/blog\/photoblog\/2017\/05\/les_salines_plage_martinique_13.jpg 800w, https:\/\/www.tetedechat.com\/blog\/photoblog\/2017\/05\/les_salines_plage_martinique_13-300x200.jpg 300w, https:\/\/www.tetedechat.com\/blog\/photoblog\/2017\/05\/les_salines_plage_martinique_13-768x512.jpg 768w\" sizes=\"auto, (max-width: 800px) 100vw, 800px\" \/><\/a><\/p>\n<p><a href=\"http:\/\/www.tetedechat.com\/blog\/photoblog\/2017\/05\/les_salines_plage_martinique_16.jpg\"><img loading=\"lazy\" decoding=\"async\" class=\"size-full wp-image-23234 aligncenter\" src=\"http:\/\/www.tetedechat.com\/blog\/photoblog\/2017\/05\/les_salines_plage_martinique_16.jpg\" alt=\"\" width=\"533\" height=\"800\" srcset=\"https:\/\/www.tetedechat.com\/blog\/photoblog\/2017\/05\/les_salines_plage_martinique_16.jpg 533w, https:\/\/www.tetedechat.com\/blog\/photoblog\/2017\/05\/les_salines_plage_martinique_16-200x300.jpg 200w, https:\/\/www.tetedechat.com\/blog\/photoblog\/2017\/05\/les_salines_plage_martinique_16-300x450.jpg 300w\" sizes=\"auto, (max-width: 533px) 100vw, 533px\" \/><\/a><\/p>\n<p><a href=\"http:\/\/www.tetedechat.com\/blog\/photoblog\/2017\/05\/les_salines_plage_martinique_10.jpg\"><img loading=\"lazy\" decoding=\"async\" class=\"alignnone size-full wp-image-23228\" src=\"http:\/\/www.tetedechat.com\/blog\/photoblog\/2017\/05\/les_salines_plage_martinique_10.jpg\" alt=\"\" width=\"800\" height=\"533\" srcset=\"https:\/\/www.tetedechat.com\/blog\/photoblog\/2017\/05\/les_salines_plage_martinique_10.jpg 800w, https:\/\/www.tetedechat.com\/blog\/photoblog\/2017\/05\/les_salines_plage_martinique_10-300x200.jpg 300w, https:\/\/www.tetedechat.com\/blog\/photoblog\/2017\/05\/les_salines_plage_martinique_10-768x512.jpg 768w\" sizes=\"auto, (max-width: 800px) 100vw, 800px\" \/><\/a><\/p>\n<p><a href=\"http:\/\/www.tetedechat.com\/blog\/photoblog\/2017\/05\/les_salines_plage_martinique_8.jpg\"><img loading=\"lazy\" decoding=\"async\" class=\"alignnone size-full wp-image-23226\" src=\"http:\/\/www.tetedechat.com\/blog\/photoblog\/2017\/05\/les_salines_plage_martinique_8.jpg\" alt=\"\" width=\"800\" height=\"533\" srcset=\"https:\/\/www.tetedechat.com\/blog\/photoblog\/2017\/05\/les_salines_plage_martinique_8.jpg 800w, https:\/\/www.tetedechat.com\/blog\/photoblog\/2017\/05\/les_salines_plage_martinique_8-300x200.jpg 300w, https:\/\/www.tetedechat.com\/blog\/photoblog\/2017\/05\/les_salines_plage_martinique_8-768x512.jpg 768w\" sizes=\"auto, (max-width: 800px) 100vw, 800px\" \/><\/a><\/p>\n<p><a href=\"http:\/\/www.tetedechat.com\/blog\/photoblog\/2017\/05\/les_salines_plage_martinique_5.jpg\"><img loading=\"lazy\" decoding=\"async\" class=\"alignnone size-full wp-image-23223\" src=\"http:\/\/www.tetedechat.com\/blog\/photoblog\/2017\/05\/les_salines_plage_martinique_5.jpg\" alt=\"\" width=\"800\" height=\"533\" srcset=\"https:\/\/www.tetedechat.com\/blog\/photoblog\/2017\/05\/les_salines_plage_martinique_5.jpg 800w, https:\/\/www.tetedechat.com\/blog\/photoblog\/2017\/05\/les_salines_plage_martinique_5-300x200.jpg 300w, https:\/\/www.tetedechat.com\/blog\/photoblog\/2017\/05\/les_salines_plage_martinique_5-768x512.jpg 768w\" sizes=\"auto, (max-width: 800px) 100vw, 800px\" \/><\/a><\/p>\n<p><a href=\"http:\/\/www.tetedechat.com\/blog\/photoblog\/2017\/05\/les_salines_plage_martinique_4.jpg\"><img loading=\"lazy\" decoding=\"async\" class=\"alignnone size-full wp-image-23222\" src=\"http:\/\/www.tetedechat.com\/blog\/photoblog\/2017\/05\/les_salines_plage_martinique_4.jpg\" alt=\"\" width=\"800\" height=\"533\" srcset=\"https:\/\/www.tetedechat.com\/blog\/photoblog\/2017\/05\/les_salines_plage_martinique_4.jpg 800w, https:\/\/www.tetedechat.com\/blog\/photoblog\/2017\/05\/les_salines_plage_martinique_4-300x200.jpg 300w, https:\/\/www.tetedechat.com\/blog\/photoblog\/2017\/05\/les_salines_plage_martinique_4-768x512.jpg 768w\" sizes=\"auto, (max-width: 800px) 100vw, 800px\" \/><\/a><\/p>\n<p><a href=\"http:\/\/www.tetedechat.com\/blog\/photoblog\/2017\/05\/les_salines_plage_martinique_3.jpg\"><img loading=\"lazy\" decoding=\"async\" class=\"alignnone size-full wp-image-23221\" src=\"http:\/\/www.tetedechat.com\/blog\/photoblog\/2017\/05\/les_salines_plage_martinique_3.jpg\" alt=\"\" width=\"800\" height=\"533\" srcset=\"https:\/\/www.tetedechat.com\/blog\/photoblog\/2017\/05\/les_salines_plage_martinique_3.jpg 800w, https:\/\/www.tetedechat.com\/blog\/photoblog\/2017\/05\/les_salines_plage_martinique_3-300x200.jpg 300w, https:\/\/www.tetedechat.com\/blog\/photoblog\/2017\/05\/les_salines_plage_martinique_3-768x512.jpg 768w\" sizes=\"auto, (max-width: 800px) 100vw, 800px\" \/><\/a><\/p>\n<p><a href=\"http:\/\/www.tetedechat.com\/blog\/photoblog\/2017\/05\/les_salines_plage_martinique_2.jpg\"><img loading=\"lazy\" decoding=\"async\" class=\"alignnone size-full wp-image-23220\" src=\"http:\/\/www.tetedechat.com\/blog\/photoblog\/2017\/05\/les_salines_plage_martinique_2.jpg\" alt=\"\" width=\"800\" height=\"533\" srcset=\"https:\/\/www.tetedechat.com\/blog\/photoblog\/2017\/05\/les_salines_plage_martinique_2.jpg 800w, https:\/\/www.tetedechat.com\/blog\/photoblog\/2017\/05\/les_salines_plage_martinique_2-300x200.jpg 300w, https:\/\/www.tetedechat.com\/blog\/photoblog\/2017\/05\/les_salines_plage_martinique_2-768x512.jpg 768w\" sizes=\"auto, (max-width: 800px) 100vw, 800px\" \/><\/a><\/p>\n<p><a href=\"http:\/\/www.tetedechat.com\/blog\/photoblog\/2017\/05\/les_salines_plage_martinique.jpg\"><img loading=\"lazy\" decoding=\"async\" class=\"alignnone size-full wp-image-23219\" src=\"http:\/\/www.tetedechat.com\/blog\/photoblog\/2017\/05\/les_salines_plage_martinique.jpg\" alt=\"\" width=\"800\" height=\"533\" srcset=\"https:\/\/www.tetedechat.com\/blog\/photoblog\/2017\/05\/les_salines_plage_martinique.jpg 800w, https:\/\/www.tetedechat.com\/blog\/photoblog\/2017\/05\/les_salines_plage_martinique-300x200.jpg 300w, https:\/\/www.tetedechat.com\/blog\/photoblog\/2017\/05\/les_salines_plage_martinique-768x512.jpg 768w\" sizes=\"auto, (max-width: 800px) 100vw, 800px\" \/><\/a><\/p>\n<p>Ce f\u00fbt court, mais que faire ? Mes h\u00f4tes m&rsquo;invitent chez eux pour gouter quelques sp\u00e9cialit\u00e9s locales avant de partir, ils sont adorables.<br \/>\nJe ne me permettrais pas donner un avis sur la Martinique, j&rsquo;ai pass\u00e9 95% de mon temps entre l&rsquo;appartement et les transports, c&rsquo;est dommage, peut-\u00eatre une prochaine fois.<br \/>\nOn me laisse au port pour prendre ce fameux bateau en or, je quitte l&rsquo;\u00eele un peu comme on quitte son lit apr\u00e8s une nuit de r\u00eaves confus.<\/p>\n","protected":false},"excerpt":{"rendered":"<p>Mon billet en poche depuis quelques semaines d\u00e9j\u00e0, il faut que je me trouve un logement abordable, mission difficile car en plus d\u2019\u00eatre toujours aux Cara\u00efbes, je retourne en territoire fran\u00e7ais.<\/p>\n","protected":false},"author":1,"featured_media":0,"comment_status":"open","ping_status":"open","sticky":false,"template":"","format":"standard","meta":{"_monsterinsights_skip_tracking":false,"_monsterinsights_sitenote_active":false,"_monsterinsights_sitenote_note":"","_monsterinsights_sitenote_category":0,"footnotes":""},"categories":[52,30],"tags":[123,75],"class_list":["post-23218","post","type-post","status-publish","format-standard","hentry","category-dernieres","category-news","tag-martinique","tag-voyage"],"_links":{"self":[{"href":"https:\/\/www.tetedechat.com\/blog\/index.php\/wp-json\/wp\/v2\/posts\/23218","targetHints":{"allow":["GET"]}}],"collection":[{"href":"https:\/\/www.tetedechat.com\/blog\/index.php\/wp-json\/wp\/v2\/posts"}],"about":[{"href":"https:\/\/www.tetedechat.com\/blog\/index.php\/wp-json\/wp\/v2\/types\/post"}],"author":[{"embeddable":true,"href":"https:\/\/www.tetedechat.com\/blog\/index.php\/wp-json\/wp\/v2\/users\/1"}],"replies":[{"embeddable":true,"href":"https:\/\/www.tetedechat.com\/blog\/index.php\/wp-json\/wp\/v2\/comments?post=23218"}],"version-history":[{"count":5,"href":"https:\/\/www.tetedechat.com\/blog\/index.php\/wp-json\/wp\/v2\/posts\/23218\/revisions"}],"predecessor-version":[{"id":23242,"href":"https:\/\/www.tetedechat.com\/blog\/index.php\/wp-json\/wp\/v2\/posts\/23218\/revisions\/23242"}],"wp:attachment":[{"href":"https:\/\/www.tetedechat.com\/blog\/index.php\/wp-json\/wp\/v2\/media?parent=23218"}],"wp:term":[{"taxonomy":"category","embeddable":true,"href":"https:\/\/www.tetedechat.com\/blog\/index.php\/wp-json\/wp\/v2\/categories?post=23218"},{"taxonomy":"post_tag","embeddable":true,"href":"https:\/\/www.tetedechat.com\/blog\/index.php\/wp-json\/wp\/v2\/tags?post=23218"}],"curies":[{"name":"wp","href":"https:\/\/api.w.org\/{rel}","templated":true}]}}