{"id":24054,"date":"2017-11-04T20:43:19","date_gmt":"2017-11-04T19:43:19","guid":{"rendered":"http:\/\/www.tetedechat.com\/blog\/?p=24054"},"modified":"2017-11-04T20:43:19","modified_gmt":"2017-11-04T19:43:19","slug":"le-nid-de-pablo-escobar","status":"publish","type":"post","link":"https:\/\/www.tetedechat.com\/blog\/index.php\/le-nid-de-pablo-escobar\/","title":{"rendered":"Le nid de Pablo Escobar"},"content":{"rendered":"<p>Alors oui, c&rsquo;est ici que tout commen\u00e7a (et que tout fini&#8230;) pour Pablo.<!--more--><br \/>\n\u00ab\u00a0Ici\u00a0\u00bb il y a m\u00eame des tours qui vous emm\u00e8nent voir ses anciennes r\u00e9sidences, o\u00f9 il a \u00e9t\u00e9 tu\u00e9, sa tombe, etc. Pourtant ce n&rsquo;est vraiment pas pour lui que je suis pass\u00e9 \u00e0 Medell\u00edn, d&rsquo;ailleurs je n&rsquo;ai pas prit un de ces tour, je trouvais \u00e7a d\u00e9plac\u00e9, et peu path\u00e9tique.<br \/>\nNon, si je suis l\u00e0, c&rsquo;est pour la ville, cette ville unique au milieu d&rsquo;une vall\u00e9e, elle m\u00eame envahi par les habitations de fortunes, plus on habite haut, plus on est pauvre.<\/p>\n<p><a href=\"http:\/\/www.tetedechat.com\/blog\/photoblog\/2017\/11\/colline_maisons_medellin.jpg\"><img loading=\"lazy\" decoding=\"async\" class=\"alignnone size-full wp-image-24077\" src=\"http:\/\/www.tetedechat.com\/blog\/photoblog\/2017\/11\/colline_maisons_medellin.jpg\" alt=\"\" width=\"800\" height=\"600\" srcset=\"https:\/\/www.tetedechat.com\/blog\/photoblog\/2017\/11\/colline_maisons_medellin.jpg 800w, https:\/\/www.tetedechat.com\/blog\/photoblog\/2017\/11\/colline_maisons_medellin-300x225.jpg 300w, https:\/\/www.tetedechat.com\/blog\/photoblog\/2017\/11\/colline_maisons_medellin-768x576.jpg 768w\" sizes=\"auto, (max-width: 800px) 100vw, 800px\" \/><\/a><\/p>\n<p><a href=\"http:\/\/www.tetedechat.com\/blog\/photoblog\/2017\/11\/medellin_vue.jpg\"><img loading=\"lazy\" decoding=\"async\" class=\"alignnone size-full wp-image-24096\" src=\"http:\/\/www.tetedechat.com\/blog\/photoblog\/2017\/11\/medellin_vue.jpg\" alt=\"\" width=\"800\" height=\"600\" srcset=\"https:\/\/www.tetedechat.com\/blog\/photoblog\/2017\/11\/medellin_vue.jpg 800w, https:\/\/www.tetedechat.com\/blog\/photoblog\/2017\/11\/medellin_vue-300x225.jpg 300w, https:\/\/www.tetedechat.com\/blog\/photoblog\/2017\/11\/medellin_vue-768x576.jpg 768w\" sizes=\"auto, (max-width: 800px) 100vw, 800px\" \/><\/a><\/p>\n<p><a href=\"http:\/\/www.tetedechat.com\/blog\/photoblog\/2017\/11\/vue_medellin_2.jpg\"><img loading=\"lazy\" decoding=\"async\" class=\"alignnone size-full wp-image-24094\" src=\"http:\/\/www.tetedechat.com\/blog\/photoblog\/2017\/11\/vue_medellin_2.jpg\" alt=\"\" width=\"800\" height=\"600\" srcset=\"https:\/\/www.tetedechat.com\/blog\/photoblog\/2017\/11\/vue_medellin_2.jpg 800w, https:\/\/www.tetedechat.com\/blog\/photoblog\/2017\/11\/vue_medellin_2-300x225.jpg 300w, https:\/\/www.tetedechat.com\/blog\/photoblog\/2017\/11\/vue_medellin_2-768x576.jpg 768w\" sizes=\"auto, (max-width: 800px) 100vw, 800px\" \/><\/a><\/p>\n<p>En bas, et bien \u00e0 plat de grands buildings se font face, un tramway moderne rejoint les quatre coins de la city.<\/p>\n<p><a href=\"http:\/\/www.tetedechat.com\/blog\/photoblog\/2017\/11\/nouveau_tramway_medellin.jpg\"><img loading=\"lazy\" decoding=\"async\" class=\"alignnone size-full wp-image-24081\" src=\"http:\/\/www.tetedechat.com\/blog\/photoblog\/2017\/11\/nouveau_tramway_medellin.jpg\" alt=\"\" width=\"800\" height=\"600\" srcset=\"https:\/\/www.tetedechat.com\/blog\/photoblog\/2017\/11\/nouveau_tramway_medellin.jpg 800w, https:\/\/www.tetedechat.com\/blog\/photoblog\/2017\/11\/nouveau_tramway_medellin-300x225.jpg 300w, https:\/\/www.tetedechat.com\/blog\/photoblog\/2017\/11\/nouveau_tramway_medellin-768x576.jpg 768w\" sizes=\"auto, (max-width: 800px) 100vw, 800px\" \/><\/a><\/p>\n<p><a href=\"http:\/\/www.tetedechat.com\/blog\/photoblog\/2017\/11\/medellin.jpg\"><img loading=\"lazy\" decoding=\"async\" class=\"alignnone size-full wp-image-24084\" src=\"http:\/\/www.tetedechat.com\/blog\/photoblog\/2017\/11\/medellin.jpg\" alt=\"\" width=\"800\" height=\"600\" srcset=\"https:\/\/www.tetedechat.com\/blog\/photoblog\/2017\/11\/medellin.jpg 800w, https:\/\/www.tetedechat.com\/blog\/photoblog\/2017\/11\/medellin-300x225.jpg 300w, https:\/\/www.tetedechat.com\/blog\/photoblog\/2017\/11\/medellin-768x576.jpg 768w\" sizes=\"auto, (max-width: 800px) 100vw, 800px\" \/><\/a><\/p>\n<p>Ce que j&rsquo;ai trouv\u00e9 le plus agr\u00e9able, le Palais de la Culture, sa place et les parcs autours, clairement touristique (par les colombiens) mais vivant, et comme son nom l&rsquo;indique de l&rsquo;art en profusion :<\/p>\n<p><a href=\"http:\/\/www.tetedechat.com\/blog\/photoblog\/2017\/11\/palais_de_la-culture_statue_Plaza_Botero_medellin_2.jpg\"><img loading=\"lazy\" decoding=\"async\" class=\"alignnone size-full wp-image-24069\" src=\"http:\/\/www.tetedechat.com\/blog\/photoblog\/2017\/11\/palais_de_la-culture_statue_Plaza_Botero_medellin_2.jpg\" alt=\"\" width=\"800\" height=\"600\" srcset=\"https:\/\/www.tetedechat.com\/blog\/photoblog\/2017\/11\/palais_de_la-culture_statue_Plaza_Botero_medellin_2.jpg 800w, https:\/\/www.tetedechat.com\/blog\/photoblog\/2017\/11\/palais_de_la-culture_statue_Plaza_Botero_medellin_2-300x225.jpg 300w, https:\/\/www.tetedechat.com\/blog\/photoblog\/2017\/11\/palais_de_la-culture_statue_Plaza_Botero_medellin_2-768x576.jpg 768w\" sizes=\"auto, (max-width: 800px) 100vw, 800px\" \/><\/a><\/p>\n<p><a href=\"http:\/\/www.tetedechat.com\/blog\/photoblog\/2017\/11\/touristes_statues_Plaza_Botero_medellin.jpg\"><img loading=\"lazy\" decoding=\"async\" class=\"alignnone size-full wp-image-24067\" src=\"http:\/\/www.tetedechat.com\/blog\/photoblog\/2017\/11\/touristes_statues_Plaza_Botero_medellin.jpg\" alt=\"\" width=\"800\" height=\"600\" srcset=\"https:\/\/www.tetedechat.com\/blog\/photoblog\/2017\/11\/touristes_statues_Plaza_Botero_medellin.jpg 800w, https:\/\/www.tetedechat.com\/blog\/photoblog\/2017\/11\/touristes_statues_Plaza_Botero_medellin-300x225.jpg 300w, https:\/\/www.tetedechat.com\/blog\/photoblog\/2017\/11\/touristes_statues_Plaza_Botero_medellin-768x576.jpg 768w\" sizes=\"auto, (max-width: 800px) 100vw, 800px\" \/><\/a><\/p>\n<p><a href=\"http:\/\/www.tetedechat.com\/blog\/photoblog\/2017\/11\/statue_palais_de_la-culture_Plaza_Botero_medellin.jpg\"><img loading=\"lazy\" decoding=\"async\" class=\"alignnone size-full wp-image-24065\" src=\"http:\/\/www.tetedechat.com\/blog\/photoblog\/2017\/11\/statue_palais_de_la-culture_Plaza_Botero_medellin.jpg\" alt=\"\" width=\"800\" height=\"600\" srcset=\"https:\/\/www.tetedechat.com\/blog\/photoblog\/2017\/11\/statue_palais_de_la-culture_Plaza_Botero_medellin.jpg 800w, https:\/\/www.tetedechat.com\/blog\/photoblog\/2017\/11\/statue_palais_de_la-culture_Plaza_Botero_medellin-300x225.jpg 300w, https:\/\/www.tetedechat.com\/blog\/photoblog\/2017\/11\/statue_palais_de_la-culture_Plaza_Botero_medellin-768x576.jpg 768w\" sizes=\"auto, (max-width: 800px) 100vw, 800px\" \/><\/a><\/p>\n<p><a href=\"http:\/\/www.tetedechat.com\/blog\/photoblog\/2017\/11\/mere_statue_Plaza_Botero_medellin.jpg\"><img loading=\"lazy\" decoding=\"async\" class=\"alignnone size-full wp-image-24063\" src=\"http:\/\/www.tetedechat.com\/blog\/photoblog\/2017\/11\/mere_statue_Plaza_Botero_medellin.jpg\" alt=\"\" width=\"800\" height=\"600\" srcset=\"https:\/\/www.tetedechat.com\/blog\/photoblog\/2017\/11\/mere_statue_Plaza_Botero_medellin.jpg 800w, https:\/\/www.tetedechat.com\/blog\/photoblog\/2017\/11\/mere_statue_Plaza_Botero_medellin-300x225.jpg 300w, https:\/\/www.tetedechat.com\/blog\/photoblog\/2017\/11\/mere_statue_Plaza_Botero_medellin-768x576.jpg 768w\" sizes=\"auto, (max-width: 800px) 100vw, 800px\" \/><\/a><\/p>\n<p>Le reste ? Un centre comme il y en a des centaines, bon c&rsquo;est bient\u00f4t No\u00ebl, alors il y a des d\u00e9corations certes, mais ce n&rsquo;est pas au milieu des grandes avenues que j&rsquo;ai pu vraiment appr\u00e9cier Medell\u00edn.<\/p>\n<p><a href=\"http:\/\/www.tetedechat.com\/blog\/photoblog\/2017\/11\/montgolfiere_decoration_medellin.jpg\"><img loading=\"lazy\" decoding=\"async\" class=\"alignnone size-full wp-image-24061\" src=\"http:\/\/www.tetedechat.com\/blog\/photoblog\/2017\/11\/montgolfiere_decoration_medellin.jpg\" alt=\"\" width=\"800\" height=\"600\" srcset=\"https:\/\/www.tetedechat.com\/blog\/photoblog\/2017\/11\/montgolfiere_decoration_medellin.jpg 800w, https:\/\/www.tetedechat.com\/blog\/photoblog\/2017\/11\/montgolfiere_decoration_medellin-300x225.jpg 300w, https:\/\/www.tetedechat.com\/blog\/photoblog\/2017\/11\/montgolfiere_decoration_medellin-768x576.jpg 768w\" sizes=\"auto, (max-width: 800px) 100vw, 800px\" \/><\/a><\/p>\n<p><a href=\"http:\/\/www.tetedechat.com\/blog\/photoblog\/2017\/11\/tramway_medellin_ancien.jpg\"><img loading=\"lazy\" decoding=\"async\" class=\"alignnone size-full wp-image-24059\" src=\"http:\/\/www.tetedechat.com\/blog\/photoblog\/2017\/11\/tramway_medellin_ancien.jpg\" alt=\"\" width=\"800\" height=\"600\" srcset=\"https:\/\/www.tetedechat.com\/blog\/photoblog\/2017\/11\/tramway_medellin_ancien.jpg 800w, https:\/\/www.tetedechat.com\/blog\/photoblog\/2017\/11\/tramway_medellin_ancien-300x225.jpg 300w, https:\/\/www.tetedechat.com\/blog\/photoblog\/2017\/11\/tramway_medellin_ancien-768x576.jpg 768w\" sizes=\"auto, (max-width: 800px) 100vw, 800px\" \/><\/a><\/p>\n<p><a href=\"http:\/\/www.tetedechat.com\/blog\/photoblog\/2017\/11\/panneau_merry_christmas_medellin.jpg\"><img loading=\"lazy\" decoding=\"async\" class=\"alignnone size-full wp-image-24056\" src=\"http:\/\/www.tetedechat.com\/blog\/photoblog\/2017\/11\/panneau_merry_christmas_medellin.jpg\" alt=\"\" width=\"800\" height=\"600\" srcset=\"https:\/\/www.tetedechat.com\/blog\/photoblog\/2017\/11\/panneau_merry_christmas_medellin.jpg 800w, https:\/\/www.tetedechat.com\/blog\/photoblog\/2017\/11\/panneau_merry_christmas_medellin-300x225.jpg 300w, https:\/\/www.tetedechat.com\/blog\/photoblog\/2017\/11\/panneau_merry_christmas_medellin-768x576.jpg 768w\" sizes=\"auto, (max-width: 800px) 100vw, 800px\" \/><\/a><\/p>\n<p><a href=\"http:\/\/www.tetedechat.com\/blog\/photoblog\/2017\/11\/panneau_feliz_navidad_medellin.jpg\"><img loading=\"lazy\" decoding=\"async\" class=\"alignnone size-full wp-image-24057\" src=\"http:\/\/www.tetedechat.com\/blog\/photoblog\/2017\/11\/panneau_feliz_navidad_medellin.jpg\" alt=\"\" width=\"800\" height=\"600\" srcset=\"https:\/\/www.tetedechat.com\/blog\/photoblog\/2017\/11\/panneau_feliz_navidad_medellin.jpg 800w, https:\/\/www.tetedechat.com\/blog\/photoblog\/2017\/11\/panneau_feliz_navidad_medellin-300x225.jpg 300w, https:\/\/www.tetedechat.com\/blog\/photoblog\/2017\/11\/panneau_feliz_navidad_medellin-768x576.jpg 768w\" sizes=\"auto, (max-width: 800px) 100vw, 800px\" \/><\/a><\/p>\n<p>Quelques restaurants v\u00e9g\u00e9tales&#8230;<\/p>\n<p><a href=\"http:\/\/www.tetedechat.com\/blog\/photoblog\/2017\/11\/vegan_repas_medellin.jpg\"><img loading=\"lazy\" decoding=\"async\" class=\"alignnone size-full wp-image-24055\" src=\"http:\/\/www.tetedechat.com\/blog\/photoblog\/2017\/11\/vegan_repas_medellin.jpg\" alt=\"\" width=\"800\" height=\"600\" srcset=\"https:\/\/www.tetedechat.com\/blog\/photoblog\/2017\/11\/vegan_repas_medellin.jpg 800w, https:\/\/www.tetedechat.com\/blog\/photoblog\/2017\/11\/vegan_repas_medellin-300x225.jpg 300w, https:\/\/www.tetedechat.com\/blog\/photoblog\/2017\/11\/vegan_repas_medellin-768x576.jpg 768w\" sizes=\"auto, (max-width: 800px) 100vw, 800px\" \/><\/a><\/p>\n<p>&#8230;et quand ce n&rsquo;\u00e9tait pas possible, on se d\u00e9brouillait comme on pouvait, avec les moyens du bord :<\/p>\n<p><a href=\"http:\/\/www.tetedechat.com\/blog\/photoblog\/2017\/11\/baignoire_legumes_fruits_medellin_2.jpg\"><img loading=\"lazy\" decoding=\"async\" class=\"alignnone size-full wp-image-24083\" src=\"http:\/\/www.tetedechat.com\/blog\/photoblog\/2017\/11\/baignoire_legumes_fruits_medellin_2.jpg\" alt=\"\" width=\"800\" height=\"600\" srcset=\"https:\/\/www.tetedechat.com\/blog\/photoblog\/2017\/11\/baignoire_legumes_fruits_medellin_2.jpg 800w, https:\/\/www.tetedechat.com\/blog\/photoblog\/2017\/11\/baignoire_legumes_fruits_medellin_2-300x225.jpg 300w, https:\/\/www.tetedechat.com\/blog\/photoblog\/2017\/11\/baignoire_legumes_fruits_medellin_2-768x576.jpg 768w\" sizes=\"auto, (max-width: 800px) 100vw, 800px\" \/><\/a><\/p>\n<p>Ce que j&rsquo;ai pr\u00e9f\u00e9r\u00e9 ? En haut ! Prenez le t\u00e9l\u00e9ph\u00e9rique, jusqu&rsquo;en haut, tout au bout, le parc Arv\u00ed<\/p>\n<p><a href=\"http:\/\/www.tetedechat.com\/blog\/photoblog\/2017\/11\/telepherique_medellin.jpg\"><img loading=\"lazy\" decoding=\"async\" class=\"alignnone size-full wp-image-24078\" src=\"http:\/\/www.tetedechat.com\/blog\/photoblog\/2017\/11\/telepherique_medellin.jpg\" alt=\"\" width=\"800\" height=\"600\" srcset=\"https:\/\/www.tetedechat.com\/blog\/photoblog\/2017\/11\/telepherique_medellin.jpg 800w, https:\/\/www.tetedechat.com\/blog\/photoblog\/2017\/11\/telepherique_medellin-300x225.jpg 300w, https:\/\/www.tetedechat.com\/blog\/photoblog\/2017\/11\/telepherique_medellin-768x576.jpg 768w\" sizes=\"auto, (max-width: 800px) 100vw, 800px\" \/><\/a><\/p>\n<p><a href=\"http:\/\/www.tetedechat.com\/blog\/photoblog\/2017\/11\/telepherique_parc_arvi_medellin.jpg\"><img loading=\"lazy\" decoding=\"async\" class=\"alignnone size-full wp-image-24070\" src=\"http:\/\/www.tetedechat.com\/blog\/photoblog\/2017\/11\/telepherique_parc_arvi_medellin.jpg\" alt=\"\" width=\"800\" height=\"600\" srcset=\"https:\/\/www.tetedechat.com\/blog\/photoblog\/2017\/11\/telepherique_parc_arvi_medellin.jpg 800w, https:\/\/www.tetedechat.com\/blog\/photoblog\/2017\/11\/telepherique_parc_arvi_medellin-300x225.jpg 300w, https:\/\/www.tetedechat.com\/blog\/photoblog\/2017\/11\/telepherique_parc_arvi_medellin-768x576.jpg 768w\" sizes=\"auto, (max-width: 800px) 100vw, 800px\" \/><\/a><\/p>\n<p>Un endroit sympa pour marcher, respirer (si c&rsquo;est important !), rencontrer des familles,<\/p>\n<p><a href=\"http:\/\/www.tetedechat.com\/blog\/photoblog\/2017\/11\/parc_arvi_medellin.jpg\"><img loading=\"lazy\" decoding=\"async\" class=\"alignnone size-full wp-image-24075\" src=\"http:\/\/www.tetedechat.com\/blog\/photoblog\/2017\/11\/parc_arvi_medellin.jpg\" alt=\"\" width=\"800\" height=\"600\" srcset=\"https:\/\/www.tetedechat.com\/blog\/photoblog\/2017\/11\/parc_arvi_medellin.jpg 800w, https:\/\/www.tetedechat.com\/blog\/photoblog\/2017\/11\/parc_arvi_medellin-300x225.jpg 300w, https:\/\/www.tetedechat.com\/blog\/photoblog\/2017\/11\/parc_arvi_medellin-768x576.jpg 768w\" sizes=\"auto, (max-width: 800px) 100vw, 800px\" \/><\/a><\/p>\n<p>manger \u00e0 Funglus&#8230;<\/p>\n<p><a href=\"http:\/\/www.tetedechat.com\/blog\/photoblog\/2017\/11\/champignons_repas_funglus_medellin.jpg\"><img loading=\"lazy\" decoding=\"async\" class=\"alignnone size-full wp-image-24072\" src=\"http:\/\/www.tetedechat.com\/blog\/photoblog\/2017\/11\/champignons_repas_funglus_medellin.jpg\" alt=\"\" width=\"800\" height=\"600\" srcset=\"https:\/\/www.tetedechat.com\/blog\/photoblog\/2017\/11\/champignons_repas_funglus_medellin.jpg 800w, https:\/\/www.tetedechat.com\/blog\/photoblog\/2017\/11\/champignons_repas_funglus_medellin-300x225.jpg 300w, https:\/\/www.tetedechat.com\/blog\/photoblog\/2017\/11\/champignons_repas_funglus_medellin-768x576.jpg 768w\" sizes=\"auto, (max-width: 800px) 100vw, 800px\" \/><\/a><\/p>\n<p><a href=\"http:\/\/www.tetedechat.com\/blog\/photoblog\/2017\/11\/funglus_medellin.jpg\"><img loading=\"lazy\" decoding=\"async\" class=\"alignnone size-full wp-image-24073\" src=\"http:\/\/www.tetedechat.com\/blog\/photoblog\/2017\/11\/funglus_medellin.jpg\" alt=\"\" width=\"800\" height=\"600\" srcset=\"https:\/\/www.tetedechat.com\/blog\/photoblog\/2017\/11\/funglus_medellin.jpg 800w, https:\/\/www.tetedechat.com\/blog\/photoblog\/2017\/11\/funglus_medellin-300x225.jpg 300w, https:\/\/www.tetedechat.com\/blog\/photoblog\/2017\/11\/funglus_medellin-768x576.jpg 768w\" sizes=\"auto, (max-width: 800px) 100vw, 800px\" \/><\/a><\/p>\n<p>&#8230;ou quelques fruit locaux au march\u00e9 sous toile.<\/p>\n<p><a href=\"http:\/\/www.tetedechat.com\/blog\/photoblog\/2017\/11\/baies_colombie.jpg\"><img loading=\"lazy\" decoding=\"async\" class=\"alignnone size-full wp-image-24074\" src=\"http:\/\/www.tetedechat.com\/blog\/photoblog\/2017\/11\/baies_colombie.jpg\" alt=\"\" width=\"800\" height=\"600\" srcset=\"https:\/\/www.tetedechat.com\/blog\/photoblog\/2017\/11\/baies_colombie.jpg 800w, https:\/\/www.tetedechat.com\/blog\/photoblog\/2017\/11\/baies_colombie-300x225.jpg 300w, https:\/\/www.tetedechat.com\/blog\/photoblog\/2017\/11\/baies_colombie-768x576.jpg 768w\" sizes=\"auto, (max-width: 800px) 100vw, 800px\" \/><\/a><\/p>\n<p>Vraiment \u00e0 ne pas manquer.<br \/>\nEt si vous d\u00e9sirez visiter le c\u0153ur avec un grand C de Medell\u00edn, prenez les escalateurs !<\/p>\n<p><a href=\"http:\/\/www.tetedechat.com\/blog\/photoblog\/2017\/11\/escalateur_medellin_2.jpg\"><img loading=\"lazy\" decoding=\"async\" class=\"alignnone size-full wp-image-24091\" src=\"http:\/\/www.tetedechat.com\/blog\/photoblog\/2017\/11\/escalateur_medellin_2.jpg\" alt=\"\" width=\"800\" height=\"600\" srcset=\"https:\/\/www.tetedechat.com\/blog\/photoblog\/2017\/11\/escalateur_medellin_2.jpg 800w, https:\/\/www.tetedechat.com\/blog\/photoblog\/2017\/11\/escalateur_medellin_2-300x225.jpg 300w, https:\/\/www.tetedechat.com\/blog\/photoblog\/2017\/11\/escalateur_medellin_2-768x576.jpg 768w\" sizes=\"auto, (max-width: 800px) 100vw, 800px\" \/><\/a><\/p>\n<p>Non, je ne plaisante pas, la ville a construit (en plus du t\u00e9l\u00e9ph\u00e9rique) des escalateurs pour faciliter les all\u00e9es et venues des moins ais\u00e9s, c&rsquo;est gratuit, et gr\u00e2ce \u00e0 cette m\u00e9canique (de presque 7 millions de dollars) il suffit de 6 minutes pour faire le trajet, au lieu de de 35.<\/p>\n<p><a href=\"http:\/\/www.tetedechat.com\/blog\/photoblog\/2017\/11\/escalateur_medellin.jpg\"><img loading=\"lazy\" decoding=\"async\" class=\"alignnone size-full wp-image-24090\" src=\"http:\/\/www.tetedechat.com\/blog\/photoblog\/2017\/11\/escalateur_medellin.jpg\" alt=\"\" width=\"800\" height=\"600\" srcset=\"https:\/\/www.tetedechat.com\/blog\/photoblog\/2017\/11\/escalateur_medellin.jpg 800w, https:\/\/www.tetedechat.com\/blog\/photoblog\/2017\/11\/escalateur_medellin-300x225.jpg 300w, https:\/\/www.tetedechat.com\/blog\/photoblog\/2017\/11\/escalateur_medellin-768x576.jpg 768w\" sizes=\"auto, (max-width: 800px) 100vw, 800px\" \/><\/a><\/p>\n<p><a href=\"http:\/\/www.tetedechat.com\/blog\/photoblog\/2017\/11\/vue_medellin.jpg\"><img loading=\"lazy\" decoding=\"async\" class=\"alignnone size-full wp-image-24058\" src=\"http:\/\/www.tetedechat.com\/blog\/photoblog\/2017\/11\/vue_medellin.jpg\" alt=\"\" width=\"800\" height=\"600\" srcset=\"https:\/\/www.tetedechat.com\/blog\/photoblog\/2017\/11\/vue_medellin.jpg 800w, https:\/\/www.tetedechat.com\/blog\/photoblog\/2017\/11\/vue_medellin-300x225.jpg 300w, https:\/\/www.tetedechat.com\/blog\/photoblog\/2017\/11\/vue_medellin-768x576.jpg 768w\" sizes=\"auto, (max-width: 800px) 100vw, 800px\" \/><\/a><\/p>\n<p><a href=\"http:\/\/www.tetedechat.com\/blog\/photoblog\/2017\/11\/escalateur_medellin_5.jpg\"><img loading=\"lazy\" decoding=\"async\" class=\"alignnone size-full wp-image-24097\" src=\"http:\/\/www.tetedechat.com\/blog\/photoblog\/2017\/11\/escalateur_medellin_5.jpg\" alt=\"\" width=\"800\" height=\"600\" srcset=\"https:\/\/www.tetedechat.com\/blog\/photoblog\/2017\/11\/escalateur_medellin_5.jpg 800w, https:\/\/www.tetedechat.com\/blog\/photoblog\/2017\/11\/escalateur_medellin_5-300x225.jpg 300w, https:\/\/www.tetedechat.com\/blog\/photoblog\/2017\/11\/escalateur_medellin_5-768x576.jpg 768w\" sizes=\"auto, (max-width: 800px) 100vw, 800px\" \/><\/a><\/p>\n<p><a href=\"http:\/\/www.tetedechat.com\/blog\/photoblog\/2017\/11\/escalateur_medellin_3.jpg\"><img loading=\"lazy\" decoding=\"async\" class=\"alignnone size-full wp-image-24092\" src=\"http:\/\/www.tetedechat.com\/blog\/photoblog\/2017\/11\/escalateur_medellin_3.jpg\" alt=\"\" width=\"800\" height=\"600\" srcset=\"https:\/\/www.tetedechat.com\/blog\/photoblog\/2017\/11\/escalateur_medellin_3.jpg 800w, https:\/\/www.tetedechat.com\/blog\/photoblog\/2017\/11\/escalateur_medellin_3-300x225.jpg 300w, https:\/\/www.tetedechat.com\/blog\/photoblog\/2017\/11\/escalateur_medellin_3-768x576.jpg 768w\" sizes=\"auto, (max-width: 800px) 100vw, 800px\" \/><\/a><\/p>\n<p>La haut les plaisirs sont simples, et les joies sont grandes, toboggans&#8230;<\/p>\n<p><a href=\"http:\/\/www.tetedechat.com\/blog\/photoblog\/2017\/11\/tobogans_enfants_medellin.jpg\"><img loading=\"lazy\" decoding=\"async\" class=\"alignnone size-full wp-image-24095\" src=\"http:\/\/www.tetedechat.com\/blog\/photoblog\/2017\/11\/tobogans_enfants_medellin.jpg\" alt=\"\" width=\"800\" height=\"600\" srcset=\"https:\/\/www.tetedechat.com\/blog\/photoblog\/2017\/11\/tobogans_enfants_medellin.jpg 800w, https:\/\/www.tetedechat.com\/blog\/photoblog\/2017\/11\/tobogans_enfants_medellin-300x225.jpg 300w, https:\/\/www.tetedechat.com\/blog\/photoblog\/2017\/11\/tobogans_enfants_medellin-768x576.jpg 768w\" sizes=\"auto, (max-width: 800px) 100vw, 800px\" \/><\/a><\/p>\n<p>&#8230;et piscines improvis\u00e9es<\/p>\n<p><a href=\"http:\/\/www.tetedechat.com\/blog\/photoblog\/2017\/11\/piscine_enfants_medellin_2.jpg\"><img loading=\"lazy\" decoding=\"async\" class=\"alignnone size-full wp-image-24089\" src=\"http:\/\/www.tetedechat.com\/blog\/photoblog\/2017\/11\/piscine_enfants_medellin_2.jpg\" alt=\"\" width=\"800\" height=\"600\" srcset=\"https:\/\/www.tetedechat.com\/blog\/photoblog\/2017\/11\/piscine_enfants_medellin_2.jpg 800w, https:\/\/www.tetedechat.com\/blog\/photoblog\/2017\/11\/piscine_enfants_medellin_2-300x225.jpg 300w, https:\/\/www.tetedechat.com\/blog\/photoblog\/2017\/11\/piscine_enfants_medellin_2-768x576.jpg 768w\" sizes=\"auto, (max-width: 800px) 100vw, 800px\" \/><\/a><\/p>\n<p><a href=\"http:\/\/www.tetedechat.com\/blog\/photoblog\/2017\/11\/rue_medellin.jpg\"><img loading=\"lazy\" decoding=\"async\" class=\"alignnone size-full wp-image-24087\" src=\"http:\/\/www.tetedechat.com\/blog\/photoblog\/2017\/11\/rue_medellin.jpg\" alt=\"\" width=\"800\" height=\"600\" srcset=\"https:\/\/www.tetedechat.com\/blog\/photoblog\/2017\/11\/rue_medellin.jpg 800w, https:\/\/www.tetedechat.com\/blog\/photoblog\/2017\/11\/rue_medellin-300x225.jpg 300w, https:\/\/www.tetedechat.com\/blog\/photoblog\/2017\/11\/rue_medellin-768x576.jpg 768w\" sizes=\"auto, (max-width: 800px) 100vw, 800px\" \/><\/a><\/p>\n<p>Pour s\u00fbr, c&rsquo;est la haut que Medell\u00edn montre son vrai visage, c&rsquo;est la haut que la vie bat son plein, et c&rsquo;est la haut que j&rsquo;ai savour\u00e9 mes meilleurs moments.<\/p>\n","protected":false},"excerpt":{"rendered":"<p>Alors oui, c&rsquo;est ici que tout commen\u00e7a (et que tout fini&#8230;) pour Pablo.<\/p>\n","protected":false},"author":1,"featured_media":0,"comment_status":"open","ping_status":"open","sticky":false,"template":"","format":"standard","meta":{"_monsterinsights_skip_tracking":false,"_monsterinsights_sitenote_active":false,"_monsterinsights_sitenote_note":"","_monsterinsights_sitenote_category":0,"footnotes":""},"categories":[52,30],"tags":[106,75],"class_list":["post-24054","post","type-post","status-publish","format-standard","hentry","category-dernieres","category-news","tag-colombie","tag-voyage"],"_links":{"self":[{"href":"https:\/\/www.tetedechat.com\/blog\/index.php\/wp-json\/wp\/v2\/posts\/24054","targetHints":{"allow":["GET"]}}],"collection":[{"href":"https:\/\/www.tetedechat.com\/blog\/index.php\/wp-json\/wp\/v2\/posts"}],"about":[{"href":"https:\/\/www.tetedechat.com\/blog\/index.php\/wp-json\/wp\/v2\/types\/post"}],"author":[{"embeddable":true,"href":"https:\/\/www.tetedechat.com\/blog\/index.php\/wp-json\/wp\/v2\/users\/1"}],"replies":[{"embeddable":true,"href":"https:\/\/www.tetedechat.com\/blog\/index.php\/wp-json\/wp\/v2\/comments?post=24054"}],"version-history":[{"count":4,"href":"https:\/\/www.tetedechat.com\/blog\/index.php\/wp-json\/wp\/v2\/posts\/24054\/revisions"}],"predecessor-version":[{"id":24102,"href":"https:\/\/www.tetedechat.com\/blog\/index.php\/wp-json\/wp\/v2\/posts\/24054\/revisions\/24102"}],"wp:attachment":[{"href":"https:\/\/www.tetedechat.com\/blog\/index.php\/wp-json\/wp\/v2\/media?parent=24054"}],"wp:term":[{"taxonomy":"category","embeddable":true,"href":"https:\/\/www.tetedechat.com\/blog\/index.php\/wp-json\/wp\/v2\/categories?post=24054"},{"taxonomy":"post_tag","embeddable":true,"href":"https:\/\/www.tetedechat.com\/blog\/index.php\/wp-json\/wp\/v2\/tags?post=24054"}],"curies":[{"name":"wp","href":"https:\/\/api.w.org\/{rel}","templated":true}]}}