{"id":25172,"date":"2018-08-06T09:55:07","date_gmt":"2018-08-06T08:55:07","guid":{"rendered":"http:\/\/www.tetedechat.com\/blog\/?p=25172"},"modified":"2018-08-06T09:55:07","modified_gmt":"2018-08-06T08:55:07","slug":"curitiba-la-ville-ecolo","status":"publish","type":"post","link":"https:\/\/www.tetedechat.com\/blog\/index.php\/curitiba-la-ville-ecolo\/","title":{"rendered":"Curitiba, la ville \u00e9colo"},"content":{"rendered":"<p>Je reste un peu plus que pr\u00e9vu \u00e0 Rio, malgr\u00e9 la fin officiel du carnaval.<!--more--><br \/>\nAvec Julia le temps passe vite, et nous passons nos soir\u00e9e \u00e0 discuter et refaire le monde, cela ne s&rsquo;arr\u00eate jamais et je ne m&rsquo;en plains pas. Mais il va falloir partir, d&rsquo;un mon voyage doit continuer, et de deux, le sien aussi. Car oui, elle doit partir dans 2 semaines pour trois mois en Europe &#8230;rejoindre son ami. Alors nous nous s\u00e9parons.<br \/>\nJe suis un peu perdu, mais que faire ? Mon karma m&rsquo;a toujours bien servi, je lui fais confiance, le chemin n&rsquo;est pas encore termin\u00e9. En plus mon intention de partir en Afrique d\u00e8s maintenant, tombe \u00e0 l&rsquo;eau. En effet le troisi\u00e8me passeport de ce voyage est presque plein, il vaudrait mieux le refaire avant de traverser l&rsquo;Atlantique. Mais o\u00f9 ?<br \/>\nIl faut que je trouve un lieu pour au moins 3 semaines sur place, ou un endroit que j&rsquo;aime, ou un endroit qui ne me co\u00fbte pas cher. Je contacte mon pote fran\u00e7ais du Paraguay (ce n&rsquo;est pas si loin, juste 35h de bus&#8230;) si il peut me loger pendant le renouvellement, il m&rsquo;accueille \u00e0 bras ouverts. Le pauvre avec les lenteurs du consulat fran\u00e7ais, mon nouveau passeport ne mettra pas 3, mais 7 semaines \u00e0 se faire ! St\u00e9phane si tu me lis, merci, merci mille fois !<\/p>\n<figure id=\"attachment_25234\" aria-describedby=\"caption-attachment-25234\" style=\"width: 800px\" class=\"wp-caption alignnone\"><a href=\"http:\/\/www.tetedechat.com\/blog\/photoblog\/2018\/08\/passeportVoyage.jpg\"><img loading=\"lazy\" decoding=\"async\" class=\"wp-image-25234 size-full\" src=\"http:\/\/www.tetedechat.com\/blog\/photoblog\/2018\/08\/passeportVoyage.jpg\" alt=\"\" width=\"800\" height=\"371\" srcset=\"https:\/\/www.tetedechat.com\/blog\/photoblog\/2018\/08\/passeportVoyage.jpg 800w, https:\/\/www.tetedechat.com\/blog\/photoblog\/2018\/08\/passeportVoyage-300x139.jpg 300w, https:\/\/www.tetedechat.com\/blog\/photoblog\/2018\/08\/passeportVoyage-768x356.jpg 768w\" sizes=\"auto, (max-width: 800px) 100vw, 800px\" \/><\/a><figcaption id=\"caption-attachment-25234\" class=\"wp-caption-text\">Et de 4 !<\/figcaption><\/figure>\n<p>Mais je pense toujours \u00e0 Julia, et nous sommes toujours en contacte. Puis au bout d&rsquo;une semaine elle m&rsquo;annonce \u00ab\u00a0Tu me manque trop j&rsquo;arrive !\u00a0\u00bb De quoi ?<br \/>\n&#8211; \u00ab\u00a0Tu veux venir au Paraguay ?\u00a0\u00bb<br \/>\n&#8211; \u00ab\u00a0Oui te rejoindre\u00a0\u00bb<br \/>\n&#8211; \u00ab\u00a0Mais tu vas bient\u00f4t partir en Europe\u00a0\u00bb<br \/>\n&#8211; \u00ab\u00a0Je reste une semaine avec toi, et je repars\u00a0\u00bb<br \/>\n&#8211; \u00ab\u00a0Bon ok\u00a0\u00bb<br \/>\nJe suis un peu sur le c.. mais heureux.<br \/>\nNous passerons une semaine ensemble, sans aller nulle part, juste mieux se conna\u00eetre et profiter du moment.<br \/>\n&#8211; \u00ab\u00a0Je dois partir\u00a0\u00bb<br \/>\n&#8211; \u00ab\u00a0Je sais&#8230;\u00a0\u00bb<br \/>\n&#8211; \u00ab\u00a0Mais attends moi\u00a0\u00bb<br \/>\n&#8211; \u00ab\u00a0Comment \u00e7a ?\u00a0\u00bb<br \/>\n&#8211; \u00ab\u00a0Je ne peux pas rompre comme \u00e7a par internet, et mes billets d&rsquo;avion sont d\u00e9j\u00e0 prit. Je pars en Europe, met tout en ordre, et on part ensemble en Afrique\u00a0\u00bb<br \/>\n&#8211; \u00ab\u00a0Quoi ?! T&rsquo;es s\u00e9rieuse ?\u00a0\u00bb<br \/>\n&#8211; \u00ab\u00a0Oui, enfin&#8230; si t&rsquo;es d&rsquo;accord\u00a0\u00bb<br \/>\n&#8211; \u00ab\u00a0Bien s\u00fbr que je suis d&rsquo;accord, mais tes \u00e9tudes pour devenir juge ?\u00a0\u00bb<br \/>\n&#8211; \u00ab\u00a0On verra \u00e7a, pour l&rsquo;instant je veux juste \u00eatre avec toi\u00a0\u00bb<br \/>\n&#8211; \u00ab\u00a0Alors let&rsquo;s go !\u00a0\u00bb<br \/>\nEt voil\u00e0, nous allons partir en Afrique ensemble, incroyable la vie&#8230; Je la laisse reprendre le bus de 35h, un peu triste certes, mais maintenant je sais que ce n&rsquo;est que temporaire.<br \/>\nUne fois les 7 semaines pass\u00e9es, et mon passeport (enfin) en main, je quitte h\u00e9lico le Paraguay, je n&rsquo;ai rien contre ce pays, mais rien pour non plus, et puis St\u00e9phane aura enfin son appartement pour lui tout seul (le pauvre).<br \/>\nCela fait d\u00e9j\u00e0 plus d&rsquo;un mois que Julia est partie maintenant, plus que deux semaines avant son retour, j&rsquo;ai le temps d&rsquo;aller d\u00e9couvrir d&rsquo;autres lieux. Vu que je dois retourner \u00e0 Rio, regardons la carte. Qu&rsquo;est-ce qu&rsquo;il serait int\u00e9ressant de visiter en chemin ?<br \/>\nPlusieurs lieux s&rsquo;offrent \u00e0 moi, mais lequel choisir ? Je Google le nom des villes pour voir \u00e0 quoi elles ressemblent, et celle qui m&rsquo;attire le plus se nomme Curitiba. C&rsquo;est d\u00e9cid\u00e9, Curitiba it is !<br \/>\nL&rsquo;auberge que je d\u00e9gotte est au dessus d&rsquo;un petit caf\u00e9 branch\u00e9, et premi\u00e8re au Br\u00e9sil, les dortoir sont des \u00ab\u00a0capsules\u00a0\u00bb. Un peu comme au Japon, mais en moins luxueux.<\/p>\n<p><a href=\"http:\/\/www.tetedechat.com\/blog\/photoblog\/2018\/08\/curitiba_dortoirs.jpg\"><img loading=\"lazy\" decoding=\"async\" class=\"alignnone size-full wp-image-25175\" src=\"http:\/\/www.tetedechat.com\/blog\/photoblog\/2018\/08\/curitiba_dortoirs.jpg\" alt=\"\" width=\"800\" height=\"600\" srcset=\"https:\/\/www.tetedechat.com\/blog\/photoblog\/2018\/08\/curitiba_dortoirs.jpg 800w, https:\/\/www.tetedechat.com\/blog\/photoblog\/2018\/08\/curitiba_dortoirs-300x225.jpg 300w, https:\/\/www.tetedechat.com\/blog\/photoblog\/2018\/08\/curitiba_dortoirs-768x576.jpg 768w\" sizes=\"auto, (max-width: 800px) 100vw, 800px\" \/><\/a><\/p>\n<p>Chacun sa \u00ab\u00a0case\u00a0\u00bb, j&rsquo;ai trouv\u00e9 \u00e7a super sympa.<\/p>\n<p><a href=\"http:\/\/www.tetedechat.com\/blog\/photoblog\/2018\/08\/curitiba_dortoirs_2.jpg\"><img loading=\"lazy\" decoding=\"async\" class=\"alignnone size-full wp-image-25176\" src=\"http:\/\/www.tetedechat.com\/blog\/photoblog\/2018\/08\/curitiba_dortoirs_2.jpg\" alt=\"\" width=\"800\" height=\"600\" srcset=\"https:\/\/www.tetedechat.com\/blog\/photoblog\/2018\/08\/curitiba_dortoirs_2.jpg 800w, https:\/\/www.tetedechat.com\/blog\/photoblog\/2018\/08\/curitiba_dortoirs_2-300x225.jpg 300w, https:\/\/www.tetedechat.com\/blog\/photoblog\/2018\/08\/curitiba_dortoirs_2-768x576.jpg 768w\" sizes=\"auto, (max-width: 800px) 100vw, 800px\" \/><\/a><\/p>\n<p>Nous \u00e9tions en pleine p\u00e9riode de manifestation, ceux qui \u00e9taient pour la destitution de la pr\u00e9sidente (Dilma Rousseff) et ceux qui \u00e9taient contre. Avec au milieu des partisans de l&rsquo;ancien pr\u00e9sident Lula, et bien s\u00fbr ses d\u00e9tracteurs : \u00ab\u00a0Ambiance\u00a0\u00bb<\/p>\n<p><a href=\"http:\/\/www.tetedechat.com\/blog\/photoblog\/2018\/08\/curitiba_manifestation.jpg\"><img loading=\"lazy\" decoding=\"async\" class=\"alignnone size-full wp-image-25180\" src=\"http:\/\/www.tetedechat.com\/blog\/photoblog\/2018\/08\/curitiba_manifestation.jpg\" alt=\"\" width=\"800\" height=\"600\" srcset=\"https:\/\/www.tetedechat.com\/blog\/photoblog\/2018\/08\/curitiba_manifestation.jpg 800w, https:\/\/www.tetedechat.com\/blog\/photoblog\/2018\/08\/curitiba_manifestation-300x225.jpg 300w, https:\/\/www.tetedechat.com\/blog\/photoblog\/2018\/08\/curitiba_manifestation-768x576.jpg 768w\" sizes=\"auto, (max-width: 800px) 100vw, 800px\" \/><\/a><\/p>\n<p><a href=\"http:\/\/www.tetedechat.com\/blog\/photoblog\/2018\/08\/curitiba_manifestation_2.jpg\"><img loading=\"lazy\" decoding=\"async\" class=\"alignnone size-full wp-image-25181\" src=\"http:\/\/www.tetedechat.com\/blog\/photoblog\/2018\/08\/curitiba_manifestation_2.jpg\" alt=\"\" width=\"800\" height=\"600\" srcset=\"https:\/\/www.tetedechat.com\/blog\/photoblog\/2018\/08\/curitiba_manifestation_2.jpg 800w, https:\/\/www.tetedechat.com\/blog\/photoblog\/2018\/08\/curitiba_manifestation_2-300x225.jpg 300w, https:\/\/www.tetedechat.com\/blog\/photoblog\/2018\/08\/curitiba_manifestation_2-768x576.jpg 768w\" sizes=\"auto, (max-width: 800px) 100vw, 800px\" \/><\/a><\/p>\n<p><a href=\"http:\/\/www.tetedechat.com\/blog\/photoblog\/2018\/08\/curitiba_manifestation_3.jpg\"><img loading=\"lazy\" decoding=\"async\" class=\"alignnone size-full wp-image-25182\" src=\"http:\/\/www.tetedechat.com\/blog\/photoblog\/2018\/08\/curitiba_manifestation_3.jpg\" alt=\"\" width=\"800\" height=\"600\" srcset=\"https:\/\/www.tetedechat.com\/blog\/photoblog\/2018\/08\/curitiba_manifestation_3.jpg 800w, https:\/\/www.tetedechat.com\/blog\/photoblog\/2018\/08\/curitiba_manifestation_3-300x225.jpg 300w, https:\/\/www.tetedechat.com\/blog\/photoblog\/2018\/08\/curitiba_manifestation_3-768x576.jpg 768w\" sizes=\"auto, (max-width: 800px) 100vw, 800px\" \/><\/a><\/p>\n<p><a href=\"http:\/\/www.tetedechat.com\/blog\/photoblog\/2018\/08\/curitiba_manifestation_5.jpg\"><img loading=\"lazy\" decoding=\"async\" class=\"alignnone size-full wp-image-25184\" src=\"http:\/\/www.tetedechat.com\/blog\/photoblog\/2018\/08\/curitiba_manifestation_5.jpg\" alt=\"\" width=\"800\" height=\"600\" srcset=\"https:\/\/www.tetedechat.com\/blog\/photoblog\/2018\/08\/curitiba_manifestation_5.jpg 800w, https:\/\/www.tetedechat.com\/blog\/photoblog\/2018\/08\/curitiba_manifestation_5-300x225.jpg 300w, https:\/\/www.tetedechat.com\/blog\/photoblog\/2018\/08\/curitiba_manifestation_5-768x576.jpg 768w\" sizes=\"auto, (max-width: 800px) 100vw, 800px\" \/><\/a><\/p>\n<p>Mais moi la politique&#8230; Et puis je suis venu d\u00e9couvrir Curitiba, alors ne nous laissons pas d\u00e9courager par quelques perturbations.<\/p>\n<p><a href=\"http:\/\/www.tetedechat.com\/blog\/photoblog\/2018\/08\/curitiba_signe.jpg\"><img loading=\"lazy\" decoding=\"async\" class=\"alignnone size-full wp-image-25185\" src=\"http:\/\/www.tetedechat.com\/blog\/photoblog\/2018\/08\/curitiba_signe.jpg\" alt=\"\" width=\"800\" height=\"600\" srcset=\"https:\/\/www.tetedechat.com\/blog\/photoblog\/2018\/08\/curitiba_signe.jpg 800w, https:\/\/www.tetedechat.com\/blog\/photoblog\/2018\/08\/curitiba_signe-300x225.jpg 300w, https:\/\/www.tetedechat.com\/blog\/photoblog\/2018\/08\/curitiba_signe-768x576.jpg 768w\" sizes=\"auto, (max-width: 800px) 100vw, 800px\" \/><\/a><\/p>\n<p>Un march\u00e9 digne de ce nom<\/p>\n<p><a href=\"http:\/\/www.tetedechat.com\/blog\/photoblog\/2018\/08\/curitiba_marche.jpg\"><img loading=\"lazy\" decoding=\"async\" class=\"alignnone size-full wp-image-25186\" src=\"http:\/\/www.tetedechat.com\/blog\/photoblog\/2018\/08\/curitiba_marche.jpg\" alt=\"\" width=\"800\" height=\"600\" srcset=\"https:\/\/www.tetedechat.com\/blog\/photoblog\/2018\/08\/curitiba_marche.jpg 800w, https:\/\/www.tetedechat.com\/blog\/photoblog\/2018\/08\/curitiba_marche-300x225.jpg 300w, https:\/\/www.tetedechat.com\/blog\/photoblog\/2018\/08\/curitiba_marche-768x576.jpg 768w\" sizes=\"auto, (max-width: 800px) 100vw, 800px\" \/><\/a><\/p>\n<p><a href=\"http:\/\/www.tetedechat.com\/blog\/photoblog\/2018\/08\/curitiba_marche_2.jpg\"><img loading=\"lazy\" decoding=\"async\" class=\"alignnone size-full wp-image-25187\" src=\"http:\/\/www.tetedechat.com\/blog\/photoblog\/2018\/08\/curitiba_marche_2.jpg\" alt=\"\" width=\"800\" height=\"600\" srcset=\"https:\/\/www.tetedechat.com\/blog\/photoblog\/2018\/08\/curitiba_marche_2.jpg 800w, https:\/\/www.tetedechat.com\/blog\/photoblog\/2018\/08\/curitiba_marche_2-300x225.jpg 300w, https:\/\/www.tetedechat.com\/blog\/photoblog\/2018\/08\/curitiba_marche_2-768x576.jpg 768w\" sizes=\"auto, (max-width: 800px) 100vw, 800px\" \/><\/a><\/p>\n<p>Un centre ville agr\u00e9able et propre<\/p>\n<p><a href=\"http:\/\/www.tetedechat.com\/blog\/photoblog\/2018\/08\/curitiba_centre_ville.jpg\"><img loading=\"lazy\" decoding=\"async\" class=\"alignnone size-full wp-image-25188\" src=\"http:\/\/www.tetedechat.com\/blog\/photoblog\/2018\/08\/curitiba_centre_ville.jpg\" alt=\"\" width=\"800\" height=\"600\" srcset=\"https:\/\/www.tetedechat.com\/blog\/photoblog\/2018\/08\/curitiba_centre_ville.jpg 800w, https:\/\/www.tetedechat.com\/blog\/photoblog\/2018\/08\/curitiba_centre_ville-300x225.jpg 300w, https:\/\/www.tetedechat.com\/blog\/photoblog\/2018\/08\/curitiba_centre_ville-768x576.jpg 768w\" sizes=\"auto, (max-width: 800px) 100vw, 800px\" \/><\/a><\/p>\n<p><a href=\"http:\/\/www.tetedechat.com\/blog\/photoblog\/2018\/08\/curitiba_building.jpg\"><img loading=\"lazy\" decoding=\"async\" class=\"alignnone size-full wp-image-25190\" src=\"http:\/\/www.tetedechat.com\/blog\/photoblog\/2018\/08\/curitiba_building.jpg\" alt=\"\" width=\"800\" height=\"600\" srcset=\"https:\/\/www.tetedechat.com\/blog\/photoblog\/2018\/08\/curitiba_building.jpg 800w, https:\/\/www.tetedechat.com\/blog\/photoblog\/2018\/08\/curitiba_building-300x225.jpg 300w, https:\/\/www.tetedechat.com\/blog\/photoblog\/2018\/08\/curitiba_building-768x576.jpg 768w\" sizes=\"auto, (max-width: 800px) 100vw, 800px\" \/><\/a><\/p>\n<p><a href=\"http:\/\/www.tetedechat.com\/blog\/photoblog\/2018\/08\/curitiba_fontaine.jpg\"><img loading=\"lazy\" decoding=\"async\" class=\"alignnone size-full wp-image-25192\" src=\"http:\/\/www.tetedechat.com\/blog\/photoblog\/2018\/08\/curitiba_fontaine.jpg\" alt=\"\" width=\"800\" height=\"600\" srcset=\"https:\/\/www.tetedechat.com\/blog\/photoblog\/2018\/08\/curitiba_fontaine.jpg 800w, https:\/\/www.tetedechat.com\/blog\/photoblog\/2018\/08\/curitiba_fontaine-300x225.jpg 300w, https:\/\/www.tetedechat.com\/blog\/photoblog\/2018\/08\/curitiba_fontaine-768x576.jpg 768w\" sizes=\"auto, (max-width: 800px) 100vw, 800px\" \/><\/a><\/p>\n<p><a href=\"http:\/\/www.tetedechat.com\/blog\/photoblog\/2018\/08\/curitiba_fontaine_cheval.jpg\"><img loading=\"lazy\" decoding=\"async\" class=\"alignnone size-full wp-image-25193\" src=\"http:\/\/www.tetedechat.com\/blog\/photoblog\/2018\/08\/curitiba_fontaine_cheval.jpg\" alt=\"\" width=\"800\" height=\"600\" srcset=\"https:\/\/www.tetedechat.com\/blog\/photoblog\/2018\/08\/curitiba_fontaine_cheval.jpg 800w, https:\/\/www.tetedechat.com\/blog\/photoblog\/2018\/08\/curitiba_fontaine_cheval-300x225.jpg 300w, https:\/\/www.tetedechat.com\/blog\/photoblog\/2018\/08\/curitiba_fontaine_cheval-768x576.jpg 768w\" sizes=\"auto, (max-width: 800px) 100vw, 800px\" \/><\/a><\/p>\n<p><a href=\"http:\/\/www.tetedechat.com\/blog\/photoblog\/2018\/08\/curitiba_place.jpg\"><img loading=\"lazy\" decoding=\"async\" class=\"alignnone size-full wp-image-25191\" src=\"http:\/\/www.tetedechat.com\/blog\/photoblog\/2018\/08\/curitiba_place.jpg\" alt=\"\" width=\"800\" height=\"600\" srcset=\"https:\/\/www.tetedechat.com\/blog\/photoblog\/2018\/08\/curitiba_place.jpg 800w, https:\/\/www.tetedechat.com\/blog\/photoblog\/2018\/08\/curitiba_place-300x225.jpg 300w, https:\/\/www.tetedechat.com\/blog\/photoblog\/2018\/08\/curitiba_place-768x576.jpg 768w\" sizes=\"auto, (max-width: 800px) 100vw, 800px\" \/><\/a><\/p>\n<p><a href=\"http:\/\/www.tetedechat.com\/blog\/photoblog\/2018\/08\/curitiba_peinture_mur.jpg\"><img loading=\"lazy\" decoding=\"async\" class=\"alignnone size-full wp-image-25195\" src=\"http:\/\/www.tetedechat.com\/blog\/photoblog\/2018\/08\/curitiba_peinture_mur.jpg\" alt=\"\" width=\"800\" height=\"600\" srcset=\"https:\/\/www.tetedechat.com\/blog\/photoblog\/2018\/08\/curitiba_peinture_mur.jpg 800w, https:\/\/www.tetedechat.com\/blog\/photoblog\/2018\/08\/curitiba_peinture_mur-300x225.jpg 300w, https:\/\/www.tetedechat.com\/blog\/photoblog\/2018\/08\/curitiba_peinture_mur-768x576.jpg 768w\" sizes=\"auto, (max-width: 800px) 100vw, 800px\" \/><\/a><\/p>\n<p><a href=\"http:\/\/www.tetedechat.com\/blog\/photoblog\/2018\/08\/curitiba_batiments_couleurs.jpg\"><img loading=\"lazy\" decoding=\"async\" class=\"alignnone size-full wp-image-25196\" src=\"http:\/\/www.tetedechat.com\/blog\/photoblog\/2018\/08\/curitiba_batiments_couleurs.jpg\" alt=\"\" width=\"800\" height=\"600\" srcset=\"https:\/\/www.tetedechat.com\/blog\/photoblog\/2018\/08\/curitiba_batiments_couleurs.jpg 800w, https:\/\/www.tetedechat.com\/blog\/photoblog\/2018\/08\/curitiba_batiments_couleurs-300x225.jpg 300w, https:\/\/www.tetedechat.com\/blog\/photoblog\/2018\/08\/curitiba_batiments_couleurs-768x576.jpg 768w\" sizes=\"auto, (max-width: 800px) 100vw, 800px\" \/><\/a><\/p>\n<p><a href=\"http:\/\/www.tetedechat.com\/blog\/photoblog\/2018\/08\/curitiba_vase_eau.jpg\"><img loading=\"lazy\" decoding=\"async\" class=\"alignnone size-full wp-image-25197\" src=\"http:\/\/www.tetedechat.com\/blog\/photoblog\/2018\/08\/curitiba_vase_eau.jpg\" alt=\"\" width=\"800\" height=\"600\" srcset=\"https:\/\/www.tetedechat.com\/blog\/photoblog\/2018\/08\/curitiba_vase_eau.jpg 800w, https:\/\/www.tetedechat.com\/blog\/photoblog\/2018\/08\/curitiba_vase_eau-300x225.jpg 300w, https:\/\/www.tetedechat.com\/blog\/photoblog\/2018\/08\/curitiba_vase_eau-768x576.jpg 768w\" sizes=\"auto, (max-width: 800px) 100vw, 800px\" \/><\/a><\/p>\n<p><a href=\"http:\/\/www.tetedechat.com\/blog\/photoblog\/2018\/08\/curitiba_peinture_rue.jpg\"><img loading=\"lazy\" decoding=\"async\" class=\"alignnone size-full wp-image-25198\" src=\"http:\/\/www.tetedechat.com\/blog\/photoblog\/2018\/08\/curitiba_peinture_rue.jpg\" alt=\"\" width=\"800\" height=\"600\" srcset=\"https:\/\/www.tetedechat.com\/blog\/photoblog\/2018\/08\/curitiba_peinture_rue.jpg 800w, https:\/\/www.tetedechat.com\/blog\/photoblog\/2018\/08\/curitiba_peinture_rue-300x225.jpg 300w, https:\/\/www.tetedechat.com\/blog\/photoblog\/2018\/08\/curitiba_peinture_rue-768x576.jpg 768w\" sizes=\"auto, (max-width: 800px) 100vw, 800px\" \/><\/a><\/p>\n<p><a href=\"http:\/\/www.tetedechat.com\/blog\/photoblog\/2018\/08\/curitiba_mall.jpg\"><img loading=\"lazy\" decoding=\"async\" class=\"alignnone size-full wp-image-25199\" src=\"http:\/\/www.tetedechat.com\/blog\/photoblog\/2018\/08\/curitiba_mall.jpg\" alt=\"\" width=\"800\" height=\"600\" srcset=\"https:\/\/www.tetedechat.com\/blog\/photoblog\/2018\/08\/curitiba_mall.jpg 800w, https:\/\/www.tetedechat.com\/blog\/photoblog\/2018\/08\/curitiba_mall-300x225.jpg 300w, https:\/\/www.tetedechat.com\/blog\/photoblog\/2018\/08\/curitiba_mall-768x576.jpg 768w\" sizes=\"auto, (max-width: 800px) 100vw, 800px\" \/><\/a><\/p>\n<p><a href=\"http:\/\/www.tetedechat.com\/blog\/photoblog\/2018\/08\/curitiba_horloge.jpg\"><img loading=\"lazy\" decoding=\"async\" class=\"alignnone size-full wp-image-25200\" src=\"http:\/\/www.tetedechat.com\/blog\/photoblog\/2018\/08\/curitiba_horloge.jpg\" alt=\"\" width=\"800\" height=\"600\" srcset=\"https:\/\/www.tetedechat.com\/blog\/photoblog\/2018\/08\/curitiba_horloge.jpg 800w, https:\/\/www.tetedechat.com\/blog\/photoblog\/2018\/08\/curitiba_horloge-300x225.jpg 300w, https:\/\/www.tetedechat.com\/blog\/photoblog\/2018\/08\/curitiba_horloge-768x576.jpg 768w\" sizes=\"auto, (max-width: 800px) 100vw, 800px\" \/><\/a><\/p>\n<p><a href=\"http:\/\/www.tetedechat.com\/blog\/photoblog\/2018\/08\/curitiba_mall_horloge.jpg\"><img loading=\"lazy\" decoding=\"async\" class=\"alignnone size-full wp-image-25201\" src=\"http:\/\/www.tetedechat.com\/blog\/photoblog\/2018\/08\/curitiba_mall_horloge.jpg\" alt=\"\" width=\"800\" height=\"600\" srcset=\"https:\/\/www.tetedechat.com\/blog\/photoblog\/2018\/08\/curitiba_mall_horloge.jpg 800w, https:\/\/www.tetedechat.com\/blog\/photoblog\/2018\/08\/curitiba_mall_horloge-300x225.jpg 300w, https:\/\/www.tetedechat.com\/blog\/photoblog\/2018\/08\/curitiba_mall_horloge-768x576.jpg 768w\" sizes=\"auto, (max-width: 800px) 100vw, 800px\" \/><\/a><\/p>\n<p>Les transports en commun sont tr\u00e8s pratique, et les arr\u00eats de bus originaux<\/p>\n<p><a href=\"http:\/\/www.tetedechat.com\/blog\/photoblog\/2018\/08\/curitiba_bus_stop.jpg\"><img loading=\"lazy\" decoding=\"async\" class=\"alignnone size-full wp-image-25202\" src=\"http:\/\/www.tetedechat.com\/blog\/photoblog\/2018\/08\/curitiba_bus_stop.jpg\" alt=\"\" width=\"800\" height=\"600\" srcset=\"https:\/\/www.tetedechat.com\/blog\/photoblog\/2018\/08\/curitiba_bus_stop.jpg 800w, https:\/\/www.tetedechat.com\/blog\/photoblog\/2018\/08\/curitiba_bus_stop-300x225.jpg 300w, https:\/\/www.tetedechat.com\/blog\/photoblog\/2018\/08\/curitiba_bus_stop-768x576.jpg 768w\" sizes=\"auto, (max-width: 800px) 100vw, 800px\" \/><\/a><\/p>\n<p><a href=\"http:\/\/www.tetedechat.com\/blog\/photoblog\/2018\/08\/curitiba_bus_arret.jpg\"><img loading=\"lazy\" decoding=\"async\" class=\"alignnone size-full wp-image-25203\" src=\"http:\/\/www.tetedechat.com\/blog\/photoblog\/2018\/08\/curitiba_bus_arret.jpg\" alt=\"\" width=\"800\" height=\"600\" srcset=\"https:\/\/www.tetedechat.com\/blog\/photoblog\/2018\/08\/curitiba_bus_arret.jpg 800w, https:\/\/www.tetedechat.com\/blog\/photoblog\/2018\/08\/curitiba_bus_arret-300x225.jpg 300w, https:\/\/www.tetedechat.com\/blog\/photoblog\/2018\/08\/curitiba_bus_arret-768x576.jpg 768w\" sizes=\"auto, (max-width: 800px) 100vw, 800px\" \/><\/a><\/p>\n<p>J&rsquo;avais d\u00e9j\u00e0 vu ce genre d&rsquo;arr\u00eats \u00e0 Bogota, mais ici c&rsquo;est quand m\u00eame plus mignon<\/p>\n<p><a href=\"http:\/\/www.tetedechat.com\/blog\/photoblog\/2018\/08\/curitiba_arret_bus.jpg\"><img loading=\"lazy\" decoding=\"async\" class=\"alignnone size-full wp-image-25177\" src=\"http:\/\/www.tetedechat.com\/blog\/photoblog\/2018\/08\/curitiba_arret_bus.jpg\" alt=\"\" width=\"800\" height=\"600\" srcset=\"https:\/\/www.tetedechat.com\/blog\/photoblog\/2018\/08\/curitiba_arret_bus.jpg 800w, https:\/\/www.tetedechat.com\/blog\/photoblog\/2018\/08\/curitiba_arret_bus-300x225.jpg 300w, https:\/\/www.tetedechat.com\/blog\/photoblog\/2018\/08\/curitiba_arret_bus-768x576.jpg 768w\" sizes=\"auto, (max-width: 800px) 100vw, 800px\" \/><\/a><\/p>\n<p><a href=\"http:\/\/www.tetedechat.com\/blog\/photoblog\/2018\/08\/curitiba_train.jpg\"><img loading=\"lazy\" decoding=\"async\" class=\"alignnone size-full wp-image-25204\" src=\"http:\/\/www.tetedechat.com\/blog\/photoblog\/2018\/08\/curitiba_train.jpg\" alt=\"\" width=\"800\" height=\"600\" srcset=\"https:\/\/www.tetedechat.com\/blog\/photoblog\/2018\/08\/curitiba_train.jpg 800w, https:\/\/www.tetedechat.com\/blog\/photoblog\/2018\/08\/curitiba_train-300x225.jpg 300w, https:\/\/www.tetedechat.com\/blog\/photoblog\/2018\/08\/curitiba_train-768x576.jpg 768w\" sizes=\"auto, (max-width: 800px) 100vw, 800px\" \/><\/a><\/p>\n<p><a href=\"http:\/\/www.tetedechat.com\/blog\/photoblog\/2018\/08\/curitiba_centre.jpg\"><img loading=\"lazy\" decoding=\"async\" class=\"alignnone size-full wp-image-25205\" src=\"http:\/\/www.tetedechat.com\/blog\/photoblog\/2018\/08\/curitiba_centre.jpg\" alt=\"\" width=\"800\" height=\"600\" srcset=\"https:\/\/www.tetedechat.com\/blog\/photoblog\/2018\/08\/curitiba_centre.jpg 800w, https:\/\/www.tetedechat.com\/blog\/photoblog\/2018\/08\/curitiba_centre-300x225.jpg 300w, https:\/\/www.tetedechat.com\/blog\/photoblog\/2018\/08\/curitiba_centre-768x576.jpg 768w\" sizes=\"auto, (max-width: 800px) 100vw, 800px\" \/><\/a><\/p>\n<p><a href=\"http:\/\/www.tetedechat.com\/blog\/photoblog\/2018\/08\/curitiba_centre_2.jpg\"><img loading=\"lazy\" decoding=\"async\" class=\"alignnone size-full wp-image-25206\" src=\"http:\/\/www.tetedechat.com\/blog\/photoblog\/2018\/08\/curitiba_centre_2.jpg\" alt=\"\" width=\"800\" height=\"600\" srcset=\"https:\/\/www.tetedechat.com\/blog\/photoblog\/2018\/08\/curitiba_centre_2.jpg 800w, https:\/\/www.tetedechat.com\/blog\/photoblog\/2018\/08\/curitiba_centre_2-300x225.jpg 300w, https:\/\/www.tetedechat.com\/blog\/photoblog\/2018\/08\/curitiba_centre_2-768x576.jpg 768w\" sizes=\"auto, (max-width: 800px) 100vw, 800px\" \/><\/a><\/p>\n<p>Un ovni ?!<\/p>\n<p><a href=\"http:\/\/www.tetedechat.com\/blog\/photoblog\/2018\/08\/curitiba_musee.jpg\"><img loading=\"lazy\" decoding=\"async\" class=\"alignnone size-full wp-image-25178\" src=\"http:\/\/www.tetedechat.com\/blog\/photoblog\/2018\/08\/curitiba_musee.jpg\" alt=\"\" width=\"800\" height=\"600\" srcset=\"https:\/\/www.tetedechat.com\/blog\/photoblog\/2018\/08\/curitiba_musee.jpg 800w, https:\/\/www.tetedechat.com\/blog\/photoblog\/2018\/08\/curitiba_musee-300x225.jpg 300w, https:\/\/www.tetedechat.com\/blog\/photoblog\/2018\/08\/curitiba_musee-768x576.jpg 768w\" sizes=\"auto, (max-width: 800px) 100vw, 800px\" \/><\/a><\/p>\n<p>Non un mus\u00e9e&#8230;<\/p>\n<p><a href=\"http:\/\/www.tetedechat.com\/blog\/photoblog\/2018\/08\/curitiba_musee_oscar_niemeyer.jpg\"><img loading=\"lazy\" decoding=\"async\" class=\"alignnone size-full wp-image-25208\" src=\"http:\/\/www.tetedechat.com\/blog\/photoblog\/2018\/08\/curitiba_musee_oscar_niemeyer.jpg\" alt=\"\" width=\"800\" height=\"533\" srcset=\"https:\/\/www.tetedechat.com\/blog\/photoblog\/2018\/08\/curitiba_musee_oscar_niemeyer.jpg 800w, https:\/\/www.tetedechat.com\/blog\/photoblog\/2018\/08\/curitiba_musee_oscar_niemeyer-300x200.jpg 300w, https:\/\/www.tetedechat.com\/blog\/photoblog\/2018\/08\/curitiba_musee_oscar_niemeyer-768x512.jpg 768w\" sizes=\"auto, (max-width: 800px) 100vw, 800px\" \/><\/a><\/p>\n<p>Les photos sont interdites \u00e0 l\u2019int\u00e9rieur, mais cela valait le d\u00e9tour<\/p>\n<p><a href=\"http:\/\/www.tetedechat.com\/blog\/photoblog\/2018\/08\/curitiba_ticket_musee_oscar_niemeyer.jpg\"><img loading=\"lazy\" decoding=\"async\" class=\"alignnone size-full wp-image-25179\" src=\"http:\/\/www.tetedechat.com\/blog\/photoblog\/2018\/08\/curitiba_ticket_musee_oscar_niemeyer.jpg\" alt=\"\" width=\"800\" height=\"600\" srcset=\"https:\/\/www.tetedechat.com\/blog\/photoblog\/2018\/08\/curitiba_ticket_musee_oscar_niemeyer.jpg 800w, https:\/\/www.tetedechat.com\/blog\/photoblog\/2018\/08\/curitiba_ticket_musee_oscar_niemeyer-300x225.jpg 300w, https:\/\/www.tetedechat.com\/blog\/photoblog\/2018\/08\/curitiba_ticket_musee_oscar_niemeyer-768x576.jpg 768w\" sizes=\"auto, (max-width: 800px) 100vw, 800px\" \/><\/a><\/p>\n<p>Et voici le jardin botanique &#8230;immense !<\/p>\n<p><a href=\"http:\/\/www.tetedechat.com\/blog\/photoblog\/2018\/08\/curitiba_jardin_botanique_1.jpg\"><img loading=\"lazy\" decoding=\"async\" class=\"alignnone size-full wp-image-25210\" src=\"http:\/\/www.tetedechat.com\/blog\/photoblog\/2018\/08\/curitiba_jardin_botanique_1.jpg\" alt=\"\" width=\"800\" height=\"533\" srcset=\"https:\/\/www.tetedechat.com\/blog\/photoblog\/2018\/08\/curitiba_jardin_botanique_1.jpg 800w, https:\/\/www.tetedechat.com\/blog\/photoblog\/2018\/08\/curitiba_jardin_botanique_1-300x200.jpg 300w, https:\/\/www.tetedechat.com\/blog\/photoblog\/2018\/08\/curitiba_jardin_botanique_1-768x512.jpg 768w\" sizes=\"auto, (max-width: 800px) 100vw, 800px\" \/><\/a><\/p>\n<p><a href=\"http:\/\/www.tetedechat.com\/blog\/photoblog\/2018\/08\/curitiba_jardin_botanique_2.jpg\"><img loading=\"lazy\" decoding=\"async\" class=\"alignnone size-full wp-image-25211\" src=\"http:\/\/www.tetedechat.com\/blog\/photoblog\/2018\/08\/curitiba_jardin_botanique_2.jpg\" alt=\"\" width=\"800\" height=\"533\" srcset=\"https:\/\/www.tetedechat.com\/blog\/photoblog\/2018\/08\/curitiba_jardin_botanique_2.jpg 800w, https:\/\/www.tetedechat.com\/blog\/photoblog\/2018\/08\/curitiba_jardin_botanique_2-300x200.jpg 300w, https:\/\/www.tetedechat.com\/blog\/photoblog\/2018\/08\/curitiba_jardin_botanique_2-768x512.jpg 768w\" sizes=\"auto, (max-width: 800px) 100vw, 800px\" \/><\/a><\/p>\n<p><a href=\"http:\/\/www.tetedechat.com\/blog\/photoblog\/2018\/08\/curitiba_jardin_botanique_fleurs.jpg\"><img loading=\"lazy\" decoding=\"async\" class=\"alignnone size-full wp-image-25213\" src=\"http:\/\/www.tetedechat.com\/blog\/photoblog\/2018\/08\/curitiba_jardin_botanique_fleurs.jpg\" alt=\"\" width=\"800\" height=\"533\" srcset=\"https:\/\/www.tetedechat.com\/blog\/photoblog\/2018\/08\/curitiba_jardin_botanique_fleurs.jpg 800w, https:\/\/www.tetedechat.com\/blog\/photoblog\/2018\/08\/curitiba_jardin_botanique_fleurs-300x200.jpg 300w, https:\/\/www.tetedechat.com\/blog\/photoblog\/2018\/08\/curitiba_jardin_botanique_fleurs-768x512.jpg 768w\" sizes=\"auto, (max-width: 800px) 100vw, 800px\" \/><\/a><\/p>\n<p><a href=\"http:\/\/www.tetedechat.com\/blog\/photoblog\/2018\/08\/curitiba_jardin_botanique_fontaine_2.jpg\"><img loading=\"lazy\" decoding=\"async\" class=\"alignnone size-full wp-image-25215\" src=\"http:\/\/www.tetedechat.com\/blog\/photoblog\/2018\/08\/curitiba_jardin_botanique_fontaine_2.jpg\" alt=\"\" width=\"800\" height=\"533\" srcset=\"https:\/\/www.tetedechat.com\/blog\/photoblog\/2018\/08\/curitiba_jardin_botanique_fontaine_2.jpg 800w, https:\/\/www.tetedechat.com\/blog\/photoblog\/2018\/08\/curitiba_jardin_botanique_fontaine_2-300x200.jpg 300w, https:\/\/www.tetedechat.com\/blog\/photoblog\/2018\/08\/curitiba_jardin_botanique_fontaine_2-768x512.jpg 768w\" sizes=\"auto, (max-width: 800px) 100vw, 800px\" \/><\/a><\/p>\n<p><a href=\"http:\/\/www.tetedechat.com\/blog\/photoblog\/2018\/08\/curitiba_jardin_botanique_5.jpg\"><img loading=\"lazy\" decoding=\"async\" class=\"alignnone size-full wp-image-25217\" src=\"http:\/\/www.tetedechat.com\/blog\/photoblog\/2018\/08\/curitiba_jardin_botanique_5.jpg\" alt=\"\" width=\"800\" height=\"533\" srcset=\"https:\/\/www.tetedechat.com\/blog\/photoblog\/2018\/08\/curitiba_jardin_botanique_5.jpg 800w, https:\/\/www.tetedechat.com\/blog\/photoblog\/2018\/08\/curitiba_jardin_botanique_5-300x200.jpg 300w, https:\/\/www.tetedechat.com\/blog\/photoblog\/2018\/08\/curitiba_jardin_botanique_5-768x512.jpg 768w\" sizes=\"auto, (max-width: 800px) 100vw, 800px\" \/><\/a><\/p>\n<p><a href=\"http:\/\/www.tetedechat.com\/blog\/photoblog\/2018\/08\/curitiba_jardin_botanique_serre.jpg\"><img loading=\"lazy\" decoding=\"async\" class=\"alignnone size-full wp-image-25218\" src=\"http:\/\/www.tetedechat.com\/blog\/photoblog\/2018\/08\/curitiba_jardin_botanique_serre.jpg\" alt=\"\" width=\"800\" height=\"533\" srcset=\"https:\/\/www.tetedechat.com\/blog\/photoblog\/2018\/08\/curitiba_jardin_botanique_serre.jpg 800w, https:\/\/www.tetedechat.com\/blog\/photoblog\/2018\/08\/curitiba_jardin_botanique_serre-300x200.jpg 300w, https:\/\/www.tetedechat.com\/blog\/photoblog\/2018\/08\/curitiba_jardin_botanique_serre-768x512.jpg 768w\" sizes=\"auto, (max-width: 800px) 100vw, 800px\" \/><\/a><\/p>\n<p><a href=\"http:\/\/www.tetedechat.com\/blog\/photoblog\/2018\/08\/curitiba_jardin_botanique_6.jpg\"><img loading=\"lazy\" decoding=\"async\" class=\"alignnone size-full wp-image-25219\" src=\"http:\/\/www.tetedechat.com\/blog\/photoblog\/2018\/08\/curitiba_jardin_botanique_6.jpg\" alt=\"\" width=\"800\" height=\"533\" srcset=\"https:\/\/www.tetedechat.com\/blog\/photoblog\/2018\/08\/curitiba_jardin_botanique_6.jpg 800w, https:\/\/www.tetedechat.com\/blog\/photoblog\/2018\/08\/curitiba_jardin_botanique_6-300x200.jpg 300w, https:\/\/www.tetedechat.com\/blog\/photoblog\/2018\/08\/curitiba_jardin_botanique_6-768x512.jpg 768w\" sizes=\"auto, (max-width: 800px) 100vw, 800px\" \/><\/a><\/p>\n<p><a href=\"http:\/\/www.tetedechat.com\/blog\/photoblog\/2018\/08\/curitiba_jardin_botanique.jpg\"><img loading=\"lazy\" decoding=\"async\" class=\"alignnone size-full wp-image-25173\" src=\"http:\/\/www.tetedechat.com\/blog\/photoblog\/2018\/08\/curitiba_jardin_botanique.jpg\" alt=\"\" width=\"800\" height=\"600\" srcset=\"https:\/\/www.tetedechat.com\/blog\/photoblog\/2018\/08\/curitiba_jardin_botanique.jpg 800w, https:\/\/www.tetedechat.com\/blog\/photoblog\/2018\/08\/curitiba_jardin_botanique-300x225.jpg 300w, https:\/\/www.tetedechat.com\/blog\/photoblog\/2018\/08\/curitiba_jardin_botanique-768x576.jpg 768w\" sizes=\"auto, (max-width: 800px) 100vw, 800px\" \/><\/a><\/p>\n<p><a href=\"http:\/\/www.tetedechat.com\/blog\/photoblog\/2018\/08\/curitiba_jardin_botanique_7.jpg\"><img loading=\"lazy\" decoding=\"async\" class=\"alignnone size-full wp-image-25220\" src=\"http:\/\/www.tetedechat.com\/blog\/photoblog\/2018\/08\/curitiba_jardin_botanique_7.jpg\" alt=\"\" width=\"800\" height=\"533\" srcset=\"https:\/\/www.tetedechat.com\/blog\/photoblog\/2018\/08\/curitiba_jardin_botanique_7.jpg 800w, https:\/\/www.tetedechat.com\/blog\/photoblog\/2018\/08\/curitiba_jardin_botanique_7-300x200.jpg 300w, https:\/\/www.tetedechat.com\/blog\/photoblog\/2018\/08\/curitiba_jardin_botanique_7-768x512.jpg 768w\" sizes=\"auto, (max-width: 800px) 100vw, 800px\" \/><\/a><\/p>\n<p><a href=\"http:\/\/www.tetedechat.com\/blog\/photoblog\/2018\/08\/curitiba_jardin_botanique_8.jpg\"><img loading=\"lazy\" decoding=\"async\" class=\"alignnone size-full wp-image-25221\" src=\"http:\/\/www.tetedechat.com\/blog\/photoblog\/2018\/08\/curitiba_jardin_botanique_8.jpg\" alt=\"\" width=\"800\" height=\"533\" srcset=\"https:\/\/www.tetedechat.com\/blog\/photoblog\/2018\/08\/curitiba_jardin_botanique_8.jpg 800w, https:\/\/www.tetedechat.com\/blog\/photoblog\/2018\/08\/curitiba_jardin_botanique_8-300x200.jpg 300w, https:\/\/www.tetedechat.com\/blog\/photoblog\/2018\/08\/curitiba_jardin_botanique_8-768x512.jpg 768w\" sizes=\"auto, (max-width: 800px) 100vw, 800px\" \/><\/a><\/p>\n<p><a href=\"http:\/\/www.tetedechat.com\/blog\/photoblog\/2018\/08\/curitiba_jardin_botanique_10.jpg\"><img loading=\"lazy\" decoding=\"async\" class=\"alignnone size-full wp-image-25223\" src=\"http:\/\/www.tetedechat.com\/blog\/photoblog\/2018\/08\/curitiba_jardin_botanique_10.jpg\" alt=\"\" width=\"800\" height=\"533\" srcset=\"https:\/\/www.tetedechat.com\/blog\/photoblog\/2018\/08\/curitiba_jardin_botanique_10.jpg 800w, https:\/\/www.tetedechat.com\/blog\/photoblog\/2018\/08\/curitiba_jardin_botanique_10-300x200.jpg 300w, https:\/\/www.tetedechat.com\/blog\/photoblog\/2018\/08\/curitiba_jardin_botanique_10-768x512.jpg 768w\" sizes=\"auto, (max-width: 800px) 100vw, 800px\" \/><\/a><\/p>\n<p><a href=\"http:\/\/www.tetedechat.com\/blog\/photoblog\/2018\/08\/curitiba_botanique_jardin.jpg\"><img loading=\"lazy\" decoding=\"async\" class=\"alignnone size-full wp-image-25174\" src=\"http:\/\/www.tetedechat.com\/blog\/photoblog\/2018\/08\/curitiba_botanique_jardin.jpg\" alt=\"\" width=\"800\" height=\"600\" srcset=\"https:\/\/www.tetedechat.com\/blog\/photoblog\/2018\/08\/curitiba_botanique_jardin.jpg 800w, https:\/\/www.tetedechat.com\/blog\/photoblog\/2018\/08\/curitiba_botanique_jardin-300x225.jpg 300w, https:\/\/www.tetedechat.com\/blog\/photoblog\/2018\/08\/curitiba_botanique_jardin-768x576.jpg 768w\" sizes=\"auto, (max-width: 800px) 100vw, 800px\" \/><\/a><\/p>\n<p><a href=\"http:\/\/www.tetedechat.com\/blog\/photoblog\/2018\/08\/curitiba_jardin_botanique_12.jpg\"><img loading=\"lazy\" decoding=\"async\" class=\"alignnone size-full wp-image-25225\" src=\"http:\/\/www.tetedechat.com\/blog\/photoblog\/2018\/08\/curitiba_jardin_botanique_12.jpg\" alt=\"\" width=\"800\" height=\"533\" srcset=\"https:\/\/www.tetedechat.com\/blog\/photoblog\/2018\/08\/curitiba_jardin_botanique_12.jpg 800w, https:\/\/www.tetedechat.com\/blog\/photoblog\/2018\/08\/curitiba_jardin_botanique_12-300x200.jpg 300w, https:\/\/www.tetedechat.com\/blog\/photoblog\/2018\/08\/curitiba_jardin_botanique_12-768x512.jpg 768w\" sizes=\"auto, (max-width: 800px) 100vw, 800px\" \/><\/a><\/p>\n<p><a href=\"http:\/\/www.tetedechat.com\/blog\/photoblog\/2018\/08\/curitiba_jardin_botanique_13.jpg\"><img loading=\"lazy\" decoding=\"async\" class=\"alignnone size-full wp-image-25226\" src=\"http:\/\/www.tetedechat.com\/blog\/photoblog\/2018\/08\/curitiba_jardin_botanique_13.jpg\" alt=\"\" width=\"800\" height=\"533\" srcset=\"https:\/\/www.tetedechat.com\/blog\/photoblog\/2018\/08\/curitiba_jardin_botanique_13.jpg 800w, https:\/\/www.tetedechat.com\/blog\/photoblog\/2018\/08\/curitiba_jardin_botanique_13-300x200.jpg 300w, https:\/\/www.tetedechat.com\/blog\/photoblog\/2018\/08\/curitiba_jardin_botanique_13-768x512.jpg 768w\" sizes=\"auto, (max-width: 800px) 100vw, 800px\" \/><\/a><\/p>\n<p><a href=\"http:\/\/www.tetedechat.com\/blog\/photoblog\/2018\/08\/curitiba_jardin_botanique_15.jpg\"><img loading=\"lazy\" decoding=\"async\" class=\"alignnone size-full wp-image-25228\" src=\"http:\/\/www.tetedechat.com\/blog\/photoblog\/2018\/08\/curitiba_jardin_botanique_15.jpg\" alt=\"\" width=\"800\" height=\"533\" srcset=\"https:\/\/www.tetedechat.com\/blog\/photoblog\/2018\/08\/curitiba_jardin_botanique_15.jpg 800w, https:\/\/www.tetedechat.com\/blog\/photoblog\/2018\/08\/curitiba_jardin_botanique_15-300x200.jpg 300w, https:\/\/www.tetedechat.com\/blog\/photoblog\/2018\/08\/curitiba_jardin_botanique_15-768x512.jpg 768w\" sizes=\"auto, (max-width: 800px) 100vw, 800px\" \/><\/a><\/p>\n<p><a href=\"http:\/\/www.tetedechat.com\/blog\/photoblog\/2018\/08\/curitiba_jardin_botanique_17.jpg\"><img loading=\"lazy\" decoding=\"async\" class=\"alignnone size-full wp-image-25230\" src=\"http:\/\/www.tetedechat.com\/blog\/photoblog\/2018\/08\/curitiba_jardin_botanique_17.jpg\" alt=\"\" width=\"800\" height=\"533\" srcset=\"https:\/\/www.tetedechat.com\/blog\/photoblog\/2018\/08\/curitiba_jardin_botanique_17.jpg 800w, https:\/\/www.tetedechat.com\/blog\/photoblog\/2018\/08\/curitiba_jardin_botanique_17-300x200.jpg 300w, https:\/\/www.tetedechat.com\/blog\/photoblog\/2018\/08\/curitiba_jardin_botanique_17-768x512.jpg 768w\" sizes=\"auto, (max-width: 800px) 100vw, 800px\" \/><\/a><\/p>\n<p><a href=\"http:\/\/www.tetedechat.com\/blog\/photoblog\/2018\/08\/curitiba_jardin_botanique_19.jpg\"><img loading=\"lazy\" decoding=\"async\" class=\"alignnone size-full wp-image-25232\" src=\"http:\/\/www.tetedechat.com\/blog\/photoblog\/2018\/08\/curitiba_jardin_botanique_19.jpg\" alt=\"\" width=\"800\" height=\"533\" srcset=\"https:\/\/www.tetedechat.com\/blog\/photoblog\/2018\/08\/curitiba_jardin_botanique_19.jpg 800w, https:\/\/www.tetedechat.com\/blog\/photoblog\/2018\/08\/curitiba_jardin_botanique_19-300x200.jpg 300w, https:\/\/www.tetedechat.com\/blog\/photoblog\/2018\/08\/curitiba_jardin_botanique_19-768x512.jpg 768w\" sizes=\"auto, (max-width: 800px) 100vw, 800px\" \/><\/a><\/p>\n<p><a href=\"http:\/\/www.tetedechat.com\/blog\/photoblog\/2018\/08\/curitiba_jardin_botanique_18.jpg\"><img loading=\"lazy\" decoding=\"async\" class=\"alignnone size-full wp-image-25231\" src=\"http:\/\/www.tetedechat.com\/blog\/photoblog\/2018\/08\/curitiba_jardin_botanique_18.jpg\" alt=\"\" width=\"800\" height=\"533\" srcset=\"https:\/\/www.tetedechat.com\/blog\/photoblog\/2018\/08\/curitiba_jardin_botanique_18.jpg 800w, https:\/\/www.tetedechat.com\/blog\/photoblog\/2018\/08\/curitiba_jardin_botanique_18-300x200.jpg 300w, https:\/\/www.tetedechat.com\/blog\/photoblog\/2018\/08\/curitiba_jardin_botanique_18-768x512.jpg 768w\" sizes=\"auto, (max-width: 800px) 100vw, 800px\" \/><\/a><\/p>\n<p><a href=\"http:\/\/www.tetedechat.com\/blog\/photoblog\/2018\/08\/curitiba_jardin_botanique_20.jpg\"><img loading=\"lazy\" decoding=\"async\" class=\"alignnone size-full wp-image-25233\" src=\"http:\/\/www.tetedechat.com\/blog\/photoblog\/2018\/08\/curitiba_jardin_botanique_20.jpg\" alt=\"\" width=\"800\" height=\"533\" srcset=\"https:\/\/www.tetedechat.com\/blog\/photoblog\/2018\/08\/curitiba_jardin_botanique_20.jpg 800w, https:\/\/www.tetedechat.com\/blog\/photoblog\/2018\/08\/curitiba_jardin_botanique_20-300x200.jpg 300w, https:\/\/www.tetedechat.com\/blog\/photoblog\/2018\/08\/curitiba_jardin_botanique_20-768x512.jpg 768w\" sizes=\"auto, (max-width: 800px) 100vw, 800px\" \/><\/a><\/p>\n<p>J&rsquo;ai ador\u00e9 cette cit\u00e9, de la verdure partout, si je devais choisir une ville pour vivre au Br\u00e9sil, je voterais pour Curitiba.<br \/>\nMalheureusement je ne suis pas le seul \u00e0 penser cela, ces derni\u00e8res ann\u00e9es le calme et la s\u00e9r\u00e9nit\u00e9 de la ville ont attir\u00e9 des millions de Br\u00e9siliens. Il est aujourd&rsquo;hui difficile de maintenir la fluidit\u00e9 des transports, et son c\u00f4t\u00e9 \u00e9cologique.<br \/>\nCar j&rsquo;ai aussi apprit qu&rsquo;elle \u00e9tait une des ville les plus \u00ab\u00a0verte\u00a0\u00bb au monde, en effet elle compte 50 m\u00e8tres carr\u00e9s d&rsquo;espace vert par habitant, les enfants sont d\u00e8s le premier \u00e2ge, \u00e0 l&rsquo;\u00e9cole, \u00e9duqu\u00e9s au recyclage.<br \/>\nIl est par exemple possible d&rsquo;\u00e9changer des d\u00e9chets contre de la nourriture ou des tickets de bus ! De ce fait, 90% des habitants recyclent. Et 80% des curitibanos utilisent le r\u00e9seau de transport en commun.<br \/>\nMais cette explosion d\u00e9mographique enraille la machine, plus de monde sur la route, plus de voitures, et moins facile de recycler&#8230;<br \/>\nN\u2019emp\u00eache que vu d\u2019ext\u00e9rieur (c\u00f4t\u00e9 touriste) c&rsquo;est vraiment un agr\u00e9able endroit.<br \/>\nJe quitte Curitiba enchant\u00e9, pour rejoindre Rio. Julia arrive dans seulement trois jours, la suite se fera \u00e0 deux.<\/p>\n","protected":false},"excerpt":{"rendered":"<p>Je reste un peu plus que pr\u00e9vu \u00e0 Rio, malgr\u00e9 la fin officiel du carnaval.<\/p>\n","protected":false},"author":1,"featured_media":0,"comment_status":"open","ping_status":"open","sticky":false,"template":"","format":"standard","meta":{"_monsterinsights_skip_tracking":false,"_monsterinsights_sitenote_active":false,"_monsterinsights_sitenote_note":"","_monsterinsights_sitenote_category":0,"footnotes":""},"categories":[52,30],"tags":[114,75],"class_list":["post-25172","post","type-post","status-publish","format-standard","hentry","category-dernieres","category-news","tag-bresil","tag-voyage"],"_links":{"self":[{"href":"https:\/\/www.tetedechat.com\/blog\/index.php\/wp-json\/wp\/v2\/posts\/25172","targetHints":{"allow":["GET"]}}],"collection":[{"href":"https:\/\/www.tetedechat.com\/blog\/index.php\/wp-json\/wp\/v2\/posts"}],"about":[{"href":"https:\/\/www.tetedechat.com\/blog\/index.php\/wp-json\/wp\/v2\/types\/post"}],"author":[{"embeddable":true,"href":"https:\/\/www.tetedechat.com\/blog\/index.php\/wp-json\/wp\/v2\/users\/1"}],"replies":[{"embeddable":true,"href":"https:\/\/www.tetedechat.com\/blog\/index.php\/wp-json\/wp\/v2\/comments?post=25172"}],"version-history":[{"count":3,"href":"https:\/\/www.tetedechat.com\/blog\/index.php\/wp-json\/wp\/v2\/posts\/25172\/revisions"}],"predecessor-version":[{"id":25237,"href":"https:\/\/www.tetedechat.com\/blog\/index.php\/wp-json\/wp\/v2\/posts\/25172\/revisions\/25237"}],"wp:attachment":[{"href":"https:\/\/www.tetedechat.com\/blog\/index.php\/wp-json\/wp\/v2\/media?parent=25172"}],"wp:term":[{"taxonomy":"category","embeddable":true,"href":"https:\/\/www.tetedechat.com\/blog\/index.php\/wp-json\/wp\/v2\/categories?post=25172"},{"taxonomy":"post_tag","embeddable":true,"href":"https:\/\/www.tetedechat.com\/blog\/index.php\/wp-json\/wp\/v2\/tags?post=25172"}],"curies":[{"name":"wp","href":"https:\/\/api.w.org\/{rel}","templated":true}]}}